{"id":144063,"date":"2025-03-08T21:04:39","date_gmt":"2025-03-08T18:04:39","guid":{"rendered":"https:\/\/www.tgrthaber.com\/mavikadin\/?p=144063"},"modified":"2025-03-08T21:08:38","modified_gmt":"2025-03-08T18:08:38","slug":"taner-ve-selmanin-bebegine-ne-olacak-suleyman-ilk-kez-gedellide-ramazan-ayini-yasadi","status":"publish","type":"post","link":"https:\/\/www.tgrthaber.com\/mavikadin\/taner-ve-selmanin-bebegine-ne-olacak-suleyman-ilk-kez-gedellide-ramazan-ayini-yasadi\/","title":{"rendered":"Taner ve Selma&#8217;n\u0131n bebe\u011fine ne olacak? S\u00fcleyman ilk kez Gedelli&#8217;de Ramazan ay\u0131n\u0131 ya\u015fad\u0131!"},"content":{"rendered":"<p class=\"p1\">TRT 1 ekranlar\u0131n\u0131n sevilen dizisi G\u00f6n\u00fcl Da\u011f\u0131, her Cumartesi ak\u015fam\u0131 izleyicileri ekran ba\u015f\u0131na kilitlemeye devam ediyor. Dizinin heyecanla beklenen 169. b\u00f6l\u00fcm 2. fragman\u0131 yay\u0131nland\u0131 ve izleyicileri merakland\u0131ran sahneler dikkat \u00e7ekti. Taner ve Selma&#8217;n\u0131n bebe\u011fine ne olacak? S\u00fcleyman ilk kez Gedelli&#8217;de Ramazan ay\u0131n\u0131 ya\u015fad\u0131! Bak\u0131n yeni b\u00f6l\u00fcmde izleyicileri neler bekliyor\u2026<b><\/b><\/p>\n<h3 class=\"p1\"><b>TANER VE SELMA&#8217;NIN BEBE\u011e\u0130NE NE OLACAK?\u00a0<\/b><\/h3>\n<p class=\"p1\">Anadolu insan\u0131n\u0131n samimi hikayelerini ekrana ta\u015f\u0131yan G\u00f6n\u00fcl Da\u011f\u0131, g\u00fc\u00e7l\u00fc senaryosu ve s\u0131cak aile ba\u011flar\u0131yla reytinglerde \u00fcst s\u0131ralarda yer almay\u0131 s\u00fcrd\u00fcr\u00fcyor. Ba\u015frollerinde Berk Atan, Melis Sevin\u00e7, Hazal \u00c7a\u011flar, Semih Ert\u00fcrk ve Cihat S\u00fcvario\u011flu gibi isimlerin yer ald\u0131\u011f\u0131 dizinin yeni fragman\u0131, izleyicileri heyecanland\u0131rd\u0131. Fragmanda, Taner ve Selma\u2019n\u0131n bebe\u011fiyle ilgili beklenmedik bir olay ya\u015fan\u0131yor.<\/p>\n<p><img loading=\"lazy\" decoding=\"async\" class=\"alignnone wp-image-144067 size-large\" src=\"https:\/\/www.tgrthaber.com\/mavikadin\/wp-content\/uploads\/Ekran-Resmi-2025-03-08-21.00.29-1024x497.png\" alt=\"\" width=\"1024\" height=\"497\" title=\"\" srcset=\"https:\/\/www.tgrthaber.com\/mavikadin\/wp-content\/uploads\/Ekran-Resmi-2025-03-08-21.00.29-1024x497.png 1024w, https:\/\/www.tgrthaber.com\/mavikadin\/wp-content\/uploads\/Ekran-Resmi-2025-03-08-21.00.29-300x146.png 300w, https:\/\/www.tgrthaber.com\/mavikadin\/wp-content\/uploads\/Ekran-Resmi-2025-03-08-21.00.29-768x373.png 768w, https:\/\/www.tgrthaber.com\/mavikadin\/wp-content\/uploads\/Ekran-Resmi-2025-03-08-21.00.29.png 1228w\" sizes=\"(max-width: 1024px) 100vw, 1024px\" \/><\/p>\n<hr \/>\n<p class=\"p1\">Taner ve Selma aras\u0131nda gerilim t\u0131rman\u0131yor. Taner\u2019in Selma\u2019ya a\u015f\u0131r\u0131 d\u00fc\u015fk\u00fcnl\u00fc\u011f\u00fc, gen\u00e7 kad\u0131n\u0131n sosyal hayat\u0131n\u0131 etkilerken, aile i\u00e7inde ya\u015fanan baz\u0131 durumlar Selma\u2019n\u0131n yaln\u0131z hissetmesine neden oluyor. Ancak as\u0131l b\u00fcy\u00fck olay, \u00e7iftin bebeklerini Ramazan\u2019a emanet etmesiyle ba\u015fl\u0131yor. Ramazan\u2019\u0131n dikkatsizli\u011fi, b\u00fcy\u00fck bir kar\u0131\u015f\u0131kl\u0131\u011fa yol a\u00e7\u0131yor ve Taner ile Selma\u2019n\u0131n bebe\u011fi ba\u015fka bir bebekle kar\u0131\u015f\u0131yor. Peki, \u00e7ift kendi bebeklerine kavu\u015fabilecek mi? Yeni b\u00f6l\u00fcmde ya\u015fanacak bu geli\u015fmeler, izleyiciler taraf\u0131ndan b\u00fcy\u00fck bir merakla bekleniyor.<\/p>\n<p><img loading=\"lazy\" decoding=\"async\" class=\"alignnone wp-image-144065 size-large\" src=\"https:\/\/www.tgrthaber.com\/mavikadin\/wp-content\/uploads\/Ekran-Resmi-2025-03-08-20.56.32-1024x577.png\" alt=\"\" width=\"1024\" height=\"577\" title=\"\" srcset=\"https:\/\/www.tgrthaber.com\/mavikadin\/wp-content\/uploads\/Ekran-Resmi-2025-03-08-20.56.32-1024x577.png 1024w, https:\/\/www.tgrthaber.com\/mavikadin\/wp-content\/uploads\/Ekran-Resmi-2025-03-08-20.56.32-300x169.png 300w, https:\/\/www.tgrthaber.com\/mavikadin\/wp-content\/uploads\/Ekran-Resmi-2025-03-08-20.56.32-768x432.png 768w, https:\/\/www.tgrthaber.com\/mavikadin\/wp-content\/uploads\/Ekran-Resmi-2025-03-08-20.56.32.png 1428w\" sizes=\"(max-width: 1024px) 100vw, 1024px\" \/><\/p>\n<hr \/>\n<h3 class=\"p1\"><b>G\u00d6N\u00dcL DA\u011eI D\u0130Z\u0130S\u0130 NEREDE \u00c7EK\u0130L\u0130YOR?<\/b><\/h3>\n<p class=\"p1\">Ekranlar\u0131n reyting rekorlar\u0131 k\u0131ran dizisi G\u00f6n\u00fcl Da\u011f\u0131, Eski\u015fehir\u2019in Sivrihisar il\u00e7esinde \u00e7ekiliyor.<\/p>\n<h3>G\u00d6N\u00dcL DA\u011eI D\u0130Z\u0130S\u0130 KONUSU NE?<\/h3>\n<p class=\"p1\">Sevdiklerine kavu\u015famayan a\u015f\u0131klara, umudunu kaybetmi\u015f y\u00fcreklere kol kanat geren G\u00f6n\u00fcl Da\u011f\u0131\u2026 Anadolu\u2019nun en eski efsanelerinden birine g\u00f6re, bir a\u015f\u0131\u011f\u0131n ya da bir yetimin kalbi k\u0131r\u0131ld\u0131\u011f\u0131nda, bu da\u011fdan bir ta\u015f kopar. B\u00fcy\u00fck ya da k\u00fc\u00e7\u00fck, her ta\u015f\u0131n bir hik\u00e2yesi vard\u0131r. G\u00f6n\u00fcl Da\u011f\u0131 dizisi, i\u015fte tam da bu efsanenin g\u00f6lgesinde, bozk\u0131r\u0131n ortas\u0131nda yer alan k\u00fc\u00e7\u00fck bir kasaban\u0131n s\u0131cac\u0131k insanlar\u0131n\u0131n ya\u015fam\u0131n\u0131 anlat\u0131yor.<\/p>\n<p><img loading=\"lazy\" decoding=\"async\" class=\"alignnone wp-image-144066 size-large\" src=\"https:\/\/www.tgrthaber.com\/mavikadin\/wp-content\/uploads\/Ekran-Resmi-2025-03-08-20.56.10-1024x555.png\" alt=\"\" width=\"1024\" height=\"555\" title=\"\" srcset=\"https:\/\/www.tgrthaber.com\/mavikadin\/wp-content\/uploads\/Ekran-Resmi-2025-03-08-20.56.10-1024x555.png 1024w, https:\/\/www.tgrthaber.com\/mavikadin\/wp-content\/uploads\/Ekran-Resmi-2025-03-08-20.56.10-300x163.png 300w, https:\/\/www.tgrthaber.com\/mavikadin\/wp-content\/uploads\/Ekran-Resmi-2025-03-08-20.56.10-768x416.png 768w, https:\/\/www.tgrthaber.com\/mavikadin\/wp-content\/uploads\/Ekran-Resmi-2025-03-08-20.56.10.png 1468w\" sizes=\"(max-width: 1024px) 100vw, 1024px\" \/><\/p>\n<hr \/>\n<p class=\"p1\">Dizinin merkezinde, \u00e7ocukluk a\u015fk\u0131 Dilek (G\u00fclsim Ali \u0130lhan) ile bir g\u00fcn tekrar bir araya gelmeyi hayal eden Taner (Berk Atan) var. Hayalleri sadece a\u015fk\u0131yla s\u0131n\u0131rl\u0131 de\u011fil; kuzenleriyle birlikte geli\u015ftirdi\u011fi s\u0131ra d\u0131\u015f\u0131 bir icat, t\u00fcm kasaban\u0131n kaderini de\u011fi\u015ftirecek b\u00fcy\u00fck olaylara yol a\u00e7\u0131yor. Zorluklarla dolu hayatlar\u0131na ra\u011fmen dostluk, sevgi ve dayan\u0131\u015fman\u0131n \u00f6n planda oldu\u011fu bu kasabada, her karakter kendi hik\u00e2yesini yaz\u0131yor. Anadolu insan\u0131n\u0131n i\u00e7tenli\u011fini, geleneklerini ve ya\u015fam m\u00fccadelesini ekrana ta\u015f\u0131yan dizi, izleyicilerine nostaljik bir s\u0131cakl\u0131k sunuyor. G\u00f6n\u00fcl Da\u011f\u0131, her hafta izleyicilerini bozk\u0131r\u0131n ortas\u0131nda, umut dolu bir yolculu\u011fa \u00e7\u0131kar\u0131yor.<\/p>\n<p>&nbsp;<\/p>\n","protected":false},"excerpt":{"rendered":"<p>TRT 1\u2019in ilgiyle takip edilen dizisi G\u00f6n\u00fcl Da\u011f\u0131, yeni b\u00f6l\u00fcm\u00fcyle izleyicileri yine ekran ba\u015f\u0131na toplayacak. 169. b\u00f6l\u00fcm 2. fragman\u0131 yay\u0131nland\u0131 ve merak uyand\u0131ran sahneler dikkat \u00e7ekti. Taner ve Selma\u2019n\u0131n bebe\u011fiyle ilgili geli\u015fmeler b\u00fcy\u00fck heyecana neden olurken S\u00fcleyman\u2019\u0131n Gedelli\u2019deki Ramazan deneyimi de ilgiyle bekleniyor.<\/p>\n","protected":false},"author":16,"featured_media":144068,"comment_status":"closed","ping_status":"closed","sticky":false,"template":"","format":"standard","meta":{"rank_math_lock_modified_date":false,"footnotes":""},"categories":[602],"tags":[13502,13500,13501],"class_list":["post-144063","post","type-post","status-publish","format-standard","has-post-thumbnail","hentry","category-diziler","tag-gonul-dagi-169-bolum-2-fragman","tag-gonul-dagi-169-bolum-2-fragman-yayinlandi","tag-gonul-dagi-taner-selma-bebegine-ne-olacak"],"_links":{"self":[{"href":"https:\/\/www.tgrthaber.com\/mavikadin\/wp-json\/wp\/v2\/posts\/144063"}],"collection":[{"href":"https:\/\/www.tgrthaber.com\/mavikadin\/wp-json\/wp\/v2\/posts"}],"about":[{"href":"https:\/\/www.tgrthaber.com\/mavikadin\/wp-json\/wp\/v2\/types\/post"}],"author":[{"embeddable":true,"href":"https:\/\/www.tgrthaber.com\/mavikadin\/wp-json\/wp\/v2\/users\/16"}],"replies":[{"embeddable":true,"href":"https:\/\/www.tgrthaber.com\/mavikadin\/wp-json\/wp\/v2\/comments?post=144063"}],"version-history":[{"count":1,"href":"https:\/\/www.tgrthaber.com\/mavikadin\/wp-json\/wp\/v2\/posts\/144063\/revisions"}],"predecessor-version":[{"id":144069,"href":"https:\/\/www.tgrthaber.com\/mavikadin\/wp-json\/wp\/v2\/posts\/144063\/revisions\/144069"}],"wp:featuredmedia":[{"embeddable":true,"href":"https:\/\/www.tgrthaber.com\/mavikadin\/wp-json\/wp\/v2\/media\/144068"}],"wp:attachment":[{"href":"https:\/\/www.tgrthaber.com\/mavikadin\/wp-json\/wp\/v2\/media?parent=144063"}],"wp:term":[{"taxonomy":"category","embeddable":true,"href":"https:\/\/www.tgrthaber.com\/mavikadin\/wp-json\/wp\/v2\/categories?post=144063"},{"taxonomy":"post_tag","embeddable":true,"href":"https:\/\/www.tgrthaber.com\/mavikadin\/wp-json\/wp\/v2\/tags?post=144063"}],"curies":[{"name":"wp","href":"https:\/\/api.w.org\/{rel}","templated":true}]}}