{"id":144086,"date":"2025-03-08T22:33:50","date_gmt":"2025-03-08T19:33:50","guid":{"rendered":"https:\/\/www.tgrthaber.com\/mavikadin\/?p=144086"},"modified":"2025-03-08T22:33:50","modified_gmt":"2025-03-08T19:33:50","slug":"gonul-daginin-suleymani-erdal-ozyagcilarin-gercek-hayattaki-esi-bakin-kimmis","status":"publish","type":"post","link":"https:\/\/www.tgrthaber.com\/mavikadin\/gonul-daginin-suleymani-erdal-ozyagcilarin-gercek-hayattaki-esi-bakin-kimmis\/","title":{"rendered":"G\u00f6n\u00fcl Da\u011f\u0131\u2019n\u0131n S\u00fcleyman\u2019\u0131 Erdal \u00d6zya\u011fc\u0131lar\u2019\u0131n ger\u00e7ek hayattaki e\u015fi bak\u0131n kimmi\u015f?"},"content":{"rendered":"<p>G\u00f6n\u00fcl Da\u011f\u0131 dizisinin S\u00fcleyman karakteriyle ekranlarda yer alan usta oyuncu Erdal \u00d6zya\u011fc\u0131lar\u2019\u0131n hayat\u0131na dair konularda merak ediliyor. Erdal \u00d6zya\u011fc\u0131lar\u2019\u0131n e\u015finin ad\u0131n\u0131 duyanlar \u00e7ok \u015fa\u015f\u0131r\u0131yor. Bizimkiler, Avrupa Yakas\u0131 gibi efsane dizilerde yer alan usta oyuncu ile 53 y\u0131ld\u0131r evli olan Erdal \u00d6zya\u011fc\u0131lar\u2019\u0131n e\u015fi merak konusu oldu. Peki, Erdal \u00d6zya\u011fc\u0131lar\u2019\u0131n e\u015fi kimdir? Ka\u00e7 \u00e7ocu\u011fu vard\u0131r?<\/p>\n<h3>ERDAL \u00d6ZYA\u011eCILAR\u2019IN E\u015e\u0130 K\u0130MD\u0130R?<\/h3>\n<p>Erdal \u00d6zya\u011fc\u0131lar, 1972 y\u0131l\u0131nda G\u00fczin \u00d6zya\u011fc\u0131lar ile d\u00fcnya evine girdi. 53 y\u0131ld\u0131r ayn\u0131 yast\u0131\u011fa ba\u015f koydu\u011fu G\u00fczin \u00d6zya\u011fc\u0131lar\u2019la olan evlili\u011fiden 2 \u00e7ocu\u011fu var. Magazin bas\u0131n\u0131nda daha fazla g\u00f6r\u00fclen, annesi ve babas\u0131yla reklam filminde oynayan k\u0131zlar\u0131 Zeynep \u00d6zya\u011fc\u0131lar, \u00a0medya sekt\u00f6r\u00fcnden uzak duran ve ekranlarda pek fazla g\u00f6r\u00fclmeyen o\u011fullar\u0131 Emrah \u00d6zya\u011fc\u0131lar\u2019d\u0131r.<\/p>\n<p><img loading=\"lazy\" decoding=\"async\" class=\"alignnone wp-image-144087\" src=\"https:\/\/www.tgrthaber.com\/mavikadin\/wp-content\/uploads\/erdal-ozyagcilar-esi-kimdir-300x169.jpg\" alt=\"erdal \u00f6zya\u011fc\u0131lar e\u015fi kimdir\" width=\"1208\" height=\"680\" title=\"\" srcset=\"https:\/\/www.tgrthaber.com\/mavikadin\/wp-content\/uploads\/erdal-ozyagcilar-esi-kimdir-300x169.jpg 300w, https:\/\/www.tgrthaber.com\/mavikadin\/wp-content\/uploads\/erdal-ozyagcilar-esi-kimdir-1024x576.jpg 1024w, https:\/\/www.tgrthaber.com\/mavikadin\/wp-content\/uploads\/erdal-ozyagcilar-esi-kimdir-768x432.jpg 768w, https:\/\/www.tgrthaber.com\/mavikadin\/wp-content\/uploads\/erdal-ozyagcilar-esi-kimdir-1536x864.jpg 1536w, https:\/\/www.tgrthaber.com\/mavikadin\/wp-content\/uploads\/erdal-ozyagcilar-esi-kimdir.jpg 1920w\" sizes=\"(max-width: 1208px) 100vw, 1208px\" \/><\/p>\n<hr \/>\n<h3>G\u00dcZ\u0130N \u00d6ZYA\u011eCILAR K\u0130MD\u0130R?<\/h3>\n<p>1975 do\u011fumlu olan G\u00fczin \u00d6zya\u011fc\u0131lar\u2019\u0131n memleketi Tunceli\u2019dir. Lise hayat\u0131n\u0131 \u0130stanbul K\u0131z Lisesi\u2019nde okuyan usta oyuncu \u00fcniversite e\u011fitimini \u0130stanbul Belediye Konservatuvar\u0131&#8217;n\u0131 1968 y\u0131l\u0131nda bitirdi. Mezun olduktan sonra Londra&#8217;ya giden usta oyuncu 1970&#8217;te d\u00f6n\u00fc\u015f yapt\u0131.<\/p>\n<h3>G\u00dcZ\u0130N \u00d6ZYA\u011eCILAR\u2019IN OYUNCULUK KAR\u0130YER\u0130<\/h3>\n<p>G\u00fczin \u00d6zya\u011fc\u0131lar, \u0130stanbul\u2019a kesin d\u00f6n\u00fc\u015f yapt\u0131ktan sonra Dormen Tiyatrosu&#8217;nda &#8220;Yaygara 70&#8221; oyunuyla profesyonel oyunculuk mesle\u011fine ad\u0131m att\u0131. \u0130stanbul \u015eehir Tiyatrolar\u0131 sanat\u00e7\u0131s\u0131 olan G\u00fczin \u00d6zya\u011fc\u0131lar, pek \u00e7ok sinema ve dizi filmlerde de rol ald\u0131. Bizimkiler dizisinde &#8220;Tak Tak Sedat&#8221; lakapl\u0131 Salih Kalyon&#8217;un e\u015fi &#8220;Serpil&#8221; rol\u00fc ile geni\u015f kitleler taraf\u0131ndan tan\u0131nmaya ba\u015flad\u0131. &#8220;Toparlan\u0131n Gidiyoruz&#8221; isimli \u00f6z ya\u015fam \u00f6yk\u00fcs\u00fc 2020 y\u0131l\u0131nda \u0130nk\u0131lap Kitabevi&#8217;nden yay\u0131mland\u0131.<\/p>\n<p><img loading=\"lazy\" decoding=\"async\" class=\"alignnone wp-image-144088\" src=\"https:\/\/www.tgrthaber.com\/mavikadin\/wp-content\/uploads\/guzin-ozyagcilarin-oynadigi-dizi-ve-filmler-300x169.jpg\" alt=\"g\u00fczin \u00f6zya\u011fc\u0131lar\u0131n oynad\u0131\u011f\u0131 dizi ve filmler\" width=\"1208\" height=\"680\" title=\"\" srcset=\"https:\/\/www.tgrthaber.com\/mavikadin\/wp-content\/uploads\/guzin-ozyagcilarin-oynadigi-dizi-ve-filmler-300x169.jpg 300w, https:\/\/www.tgrthaber.com\/mavikadin\/wp-content\/uploads\/guzin-ozyagcilarin-oynadigi-dizi-ve-filmler-1024x576.jpg 1024w, https:\/\/www.tgrthaber.com\/mavikadin\/wp-content\/uploads\/guzin-ozyagcilarin-oynadigi-dizi-ve-filmler-768x432.jpg 768w, https:\/\/www.tgrthaber.com\/mavikadin\/wp-content\/uploads\/guzin-ozyagcilarin-oynadigi-dizi-ve-filmler-1536x864.jpg 1536w, https:\/\/www.tgrthaber.com\/mavikadin\/wp-content\/uploads\/guzin-ozyagcilarin-oynadigi-dizi-ve-filmler.jpg 1920w\" sizes=\"(max-width: 1208px) 100vw, 1208px\" \/><\/p>\n<hr \/>\n<h3>G\u00dcZ\u0130N \u00d6ZYA\u011eCILAR\u2019IN OYNADI\u011eI D\u0130Z\u0130 VE F\u0130LMLER<\/h3>\n<ul>\n<li>1978: Kibar Feyzo<\/li>\n<li>1978: Sultan<\/li>\n<li>1987: Bir K\u0131r\u0131k Bebek<\/li>\n<li>1987: D\u00fcnden Sonra Yar\u0131ndan \u00d6nce<\/li>\n<li>1989: Bizimkiler<\/li>\n<li>1989: U\u00e7urtmay\u0131 Vurmas\u0131nlar<\/li>\n<li>1989: \u00d6nce Ku\u015flar Ge\u00e7ti<\/li>\n<li>1990: Hasan Bo\u011fuldu<\/li>\n<li>1990: \u00c7i\u00e7ekler A\u00e7mak \u0130ster<\/li>\n<li>1992: Seni Seviyorum Rosa<\/li>\n<li>1996: F\u0131rt\u0131nalar<\/li>\n<li>1996: Sevda Kondu<\/li>\n<li>2000: Delikanl\u0131<\/li>\n<li>2004: Omuz Omuza<\/li>\n<li>2005: Sessiz Gece<\/li>\n<li>2008: Avrupa Yakas\u0131<\/li>\n<li>2010: Karada\u011flar<\/li>\n<li>2012: Hayat\u0131m\u0131n Rol\u00fc<\/li>\n<li>2013: B\u00f6yle Bitmesin<\/li>\n<li>2024: Ben ve Babam &#8211; Vatan<\/li>\n<\/ul>\n","protected":false},"excerpt":{"rendered":"<p>G\u00f6n\u00fcl Da\u011f\u0131 dizisinin S\u00fcleyman karakteriyle ekranlarda yer alan usta oyuncu Erdal \u00d6zya\u011fc\u0131lar\u2019\u0131n hayat\u0131na dair konularda merak ediliyor. Erdal \u00d6zya\u011fc\u0131lar\u2019\u0131n e\u015finin ad\u0131n\u0131 duyanlar \u00e7ok \u015fa\u015f\u0131r\u0131yor. Bizimkiler, Avrupa Yakas\u0131 gibi efsane dizilerde yer alan usta oyuncu ile 53 y\u0131ld\u0131r evli olan Erdal \u00d6zya\u011fc\u0131lar\u2019\u0131n e\u015fi merak konusu oldu. Peki, Erdal \u00d6zya\u011fc\u0131lar\u2019\u0131n e\u015fi kimdir? Ka\u00e7 \u00e7ocu\u011fu vard\u0131r?<\/p>\n","protected":false},"author":10,"featured_media":144089,"comment_status":"closed","ping_status":"closed","sticky":false,"template":"","format":"standard","meta":{"rank_math_lock_modified_date":false,"footnotes":""},"categories":[491],"tags":[3374,13508,13509],"class_list":["post-144086","post","type-post","status-publish","format-standard","has-post-thumbnail","hentry","category-biyografi","tag-biyografi","tag-erdal-ozyagcilar-es","tag-guzin-ozyagcilar"],"_links":{"self":[{"href":"https:\/\/www.tgrthaber.com\/mavikadin\/wp-json\/wp\/v2\/posts\/144086"}],"collection":[{"href":"https:\/\/www.tgrthaber.com\/mavikadin\/wp-json\/wp\/v2\/posts"}],"about":[{"href":"https:\/\/www.tgrthaber.com\/mavikadin\/wp-json\/wp\/v2\/types\/post"}],"author":[{"embeddable":true,"href":"https:\/\/www.tgrthaber.com\/mavikadin\/wp-json\/wp\/v2\/users\/10"}],"replies":[{"embeddable":true,"href":"https:\/\/www.tgrthaber.com\/mavikadin\/wp-json\/wp\/v2\/comments?post=144086"}],"version-history":[{"count":1,"href":"https:\/\/www.tgrthaber.com\/mavikadin\/wp-json\/wp\/v2\/posts\/144086\/revisions"}],"predecessor-version":[{"id":144090,"href":"https:\/\/www.tgrthaber.com\/mavikadin\/wp-json\/wp\/v2\/posts\/144086\/revisions\/144090"}],"wp:featuredmedia":[{"embeddable":true,"href":"https:\/\/www.tgrthaber.com\/mavikadin\/wp-json\/wp\/v2\/media\/144089"}],"wp:attachment":[{"href":"https:\/\/www.tgrthaber.com\/mavikadin\/wp-json\/wp\/v2\/media?parent=144086"}],"wp:term":[{"taxonomy":"category","embeddable":true,"href":"https:\/\/www.tgrthaber.com\/mavikadin\/wp-json\/wp\/v2\/categories?post=144086"},{"taxonomy":"post_tag","embeddable":true,"href":"https:\/\/www.tgrthaber.com\/mavikadin\/wp-json\/wp\/v2\/tags?post=144086"}],"curies":[{"name":"wp","href":"https:\/\/api.w.org\/{rel}","templated":true}]}}