{"id":144107,"date":"2025-03-08T23:47:14","date_gmt":"2025-03-08T20:47:14","guid":{"rendered":"https:\/\/www.tgrthaber.com\/mavikadin\/?p=144107"},"modified":"2025-03-08T23:47:14","modified_gmt":"2025-03-08T20:47:14","slug":"dylan-thiry-kimdir-kac-yasinda-nerede-yasiyor-dylan-thiry-musluman-mi-oldu","status":"publish","type":"post","link":"https:\/\/www.tgrthaber.com\/mavikadin\/dylan-thiry-kimdir-kac-yasinda-nerede-yasiyor-dylan-thiry-musluman-mi-oldu\/","title":{"rendered":"Dylan Thiry kimdir ka\u00e7 ya\u015f\u0131nda, nerede ya\u015f\u0131yor? Dylan Thiry M\u00fcsl\u00fcman m\u0131 oldu?"},"content":{"rendered":"<p class=\"p1\">Sosyal medyada geni\u015f bir takip\u00e7i kitlesine sahip olan Dylan Thiry, son d\u00f6nemde yapt\u0131\u011f\u0131 payla\u015f\u0131mlar ve a\u00e7\u0131klamalar\u0131yla dikkat \u00e7ekiyor. L\u00fcxsemburg as\u0131ll\u0131 olan Thiry, hem televizyon d\u00fcnyas\u0131nda hem de sosyal medya platformlar\u0131nda aktif bir isim olarak biliniyor. \u00d6zellikle kat\u0131ld\u0131\u011f\u0131 yar\u0131\u015fma programlar\u0131 ve yapt\u0131\u011f\u0131 yard\u0131m faaliyetleriyle ad\u0131ndan s\u00f6z ettiren Thiry\u2019nin ya\u015fam\u0131 ve inan\u00e7lar\u0131 hakk\u0131nda pek \u00e7ok ki\u015fi merak i\u00e7inde. Peki Dylan Thiry kimdir ka\u00e7 ya\u015f\u0131nda, nerede ya\u015f\u0131yor? Dylan Thiry M\u00fcsl\u00fcman m\u0131 oldu? merak edilen sorular\u0131n cevaplar\u0131 i\u00e7eri\u011fimizde..<\/p>\n<h3>DYLAN TH\u0130RY K\u0130MD\u0130R, KA\u00c7 YA\u015eINDA?<\/h3>\n<p class=\"p1\">Dylan Thiry, 9 Kas\u0131m 1994 do\u011fumludur ve L\u00fcksemburg as\u0131ll\u0131d\u0131r. Televizyon kariyerine, Fransa\u2019da yay\u0131nlanan Survivor benzeri bir yar\u0131\u015fma olan \u201cKoh-Lanta\u201d ile ad\u0131m atm\u0131\u015ft\u0131r. Bu yar\u0131\u015fmada g\u00f6sterdi\u011fi performansla geni\u015f bir hayran kitlesi edinen Thiry, zamanla sosyal medya fenomeni haline gelmi\u015ftir. Fransa ve L\u00fcksemburg\u2019da ya\u015famaktad\u0131r, ancak yapt\u0131\u011f\u0131 seyahatler ve yard\u0131m \u00e7al\u0131\u015fmalar\u0131 nedeniyle s\u0131k s\u0131k farkl\u0131 \u00fclkelerde bulunuyor.<\/p>\n<p><img loading=\"lazy\" decoding=\"async\" class=\"alignnone wp-image-144111 size-full\" src=\"https:\/\/www.tgrthaber.com\/mavikadin\/wp-content\/uploads\/Ekran-Resmi-2025-03-08-23.44.37.png\" alt=\"\" width=\"1016\" height=\"602\" title=\"\" srcset=\"https:\/\/www.tgrthaber.com\/mavikadin\/wp-content\/uploads\/Ekran-Resmi-2025-03-08-23.44.37.png 1016w, https:\/\/www.tgrthaber.com\/mavikadin\/wp-content\/uploads\/Ekran-Resmi-2025-03-08-23.44.37-300x178.png 300w, https:\/\/www.tgrthaber.com\/mavikadin\/wp-content\/uploads\/Ekran-Resmi-2025-03-08-23.44.37-768x455.png 768w\" sizes=\"(max-width: 1016px) 100vw, 1016px\" \/><\/p>\n<hr \/>\n<p class=\"p1\">Yar\u0131\u015fma programlar\u0131ndan sonra dijital i\u00e7erik \u00fcretmeye y\u00f6nelen Thiry, \u00f6zellikle YouTube ve Instagram gibi platformlarda milyonlarca takip\u00e7iye hitap ediyor. Sosyal medya \u00fczerinden yapt\u0131\u011f\u0131 payla\u015f\u0131mlar ve insani yard\u0131m faaliyetleriyle tan\u0131nan isim, Afrika\u2019da bir\u00e7ok yard\u0131m projesine \u00f6nc\u00fcl\u00fck etmi\u015ftir.<\/p>\n<h3>DYLAN TH\u0130RY M\u00dcSL\u00dcMAN MI OLDU?<\/h3>\n<p class=\"p1\">Son y\u0131llarda \u0130slamiyet\u2019e duydu\u011fu ilgiyle g\u00fcndeme gelen Dylan Thiry, payla\u015f\u0131mlar\u0131nda s\u0131k s\u0131k bu konudan bahsetmi\u015ftir. Frans\u0131z televizyon d\u00fcnyas\u0131n\u0131n tan\u0131nan isimlerinden Dylan Thiry, M\u00fcsl\u00fcman olduktan sonra annesiyle birlikte K\u00e2be\u2019yi ziyaret etti. \u00dcnl\u00fc isim, Ramazan ay\u0131nda Mekke\u2019ye giderek umre ibadetini yerine getirdi ve bu anlaml\u0131 anlar\u0131 sosyal medya hesab\u0131ndan payla\u015ft\u0131.<\/p>\n<p><img loading=\"lazy\" decoding=\"async\" class=\"alignnone wp-image-144108 size-large\" src=\"https:\/\/www.tgrthaber.com\/mavikadin\/wp-content\/uploads\/Ekran-Resmi-2025-03-08-23.37.18-1024x603.png\" alt=\"\" width=\"1024\" height=\"603\" title=\"\" srcset=\"https:\/\/www.tgrthaber.com\/mavikadin\/wp-content\/uploads\/Ekran-Resmi-2025-03-08-23.37.18-1024x603.png 1024w, https:\/\/www.tgrthaber.com\/mavikadin\/wp-content\/uploads\/Ekran-Resmi-2025-03-08-23.37.18-300x177.png 300w, https:\/\/www.tgrthaber.com\/mavikadin\/wp-content\/uploads\/Ekran-Resmi-2025-03-08-23.37.18-768x452.png 768w, https:\/\/www.tgrthaber.com\/mavikadin\/wp-content\/uploads\/Ekran-Resmi-2025-03-08-23.37.18.png 1356w\" sizes=\"(max-width: 1024px) 100vw, 1024px\" \/><\/p>\n<hr \/>\n<p class=\"p1\">Daha \u00f6nce yapt\u0131\u011f\u0131 a\u00e7\u0131klamalarda \u0130slam\u2019\u0131n hayat\u0131na y\u00f6n verdi\u011fini belirten Thiry, bir r\u00f6portaj\u0131nda \u201cE\u011fer \u0130slam\u2019la tan\u0131\u015fmasayd\u0131m, bug\u00fcn oldu\u011fum insan olmazd\u0131m\u201d ifadelerini kulland\u0131. M\u00fcsl\u00fcman olduktan sonra manevi olarak b\u00fcy\u00fck bir de\u011fi\u015fim ya\u015fad\u0131\u011f\u0131n\u0131 dile getiren televizyon y\u0131ld\u0131z\u0131, \u0130slam\u2019a ilgisinin uzun y\u0131llara dayand\u0131\u011f\u0131n\u0131 ve bu s\u00fcre\u00e7te yapt\u0131\u011f\u0131 ara\u015ft\u0131rmalar sonucunda inanc\u0131n\u0131 benimsedi\u011fini s\u00f6yledi.<\/p>\n<p><img loading=\"lazy\" decoding=\"async\" class=\"alignnone wp-image-144109 \" src=\"https:\/\/www.tgrthaber.com\/mavikadin\/wp-content\/uploads\/Ekran-Resmi-2025-03-08-23.40.06.png\" alt=\"\" width=\"970\" height=\"563\" title=\"\" srcset=\"https:\/\/www.tgrthaber.com\/mavikadin\/wp-content\/uploads\/Ekran-Resmi-2025-03-08-23.40.06.png 882w, https:\/\/www.tgrthaber.com\/mavikadin\/wp-content\/uploads\/Ekran-Resmi-2025-03-08-23.40.06-300x174.png 300w, https:\/\/www.tgrthaber.com\/mavikadin\/wp-content\/uploads\/Ekran-Resmi-2025-03-08-23.40.06-768x446.png 768w\" sizes=\"(max-width: 970px) 100vw, 970px\" \/><\/p>\n<hr \/>\n<p class=\"p1\">Dylan Thiry\u2019nin M\u00fcsl\u00fcman olmas\u0131, Fransa\u2019daki artan \u0130slamiyet e\u011filimiyle de dikkat \u00e7ekiyor. Fransa Ulusal \u0130statistik ve Ekonomik Ara\u015ft\u0131rmalar Enstit\u00fcs\u00fc taraf\u0131ndan yay\u0131mlanan rapora g\u00f6re, Fransa\u2019da M\u00fcsl\u00fcman n\u00fcfus giderek art\u0131yor ve \u0130slam, \u00fclkedeki en b\u00fcy\u00fck ikinci din konumunda. Rapora g\u00f6re, M\u00fcsl\u00fcman ailelerde yeti\u015fen \u00e7ocuklar\u0131n %91\u2019i ailelerinin inanc\u0131n\u0131 devam ettiriyor. Buna ra\u011fmen, Fransa ve di\u011fer Avrupa \u00fclkelerinde M\u00fcsl\u00fcmanlara y\u00f6nelik k\u0131s\u0131tlamalar hala g\u00fcndemde.<\/p>\n<p><img loading=\"lazy\" decoding=\"async\" class=\"alignnone wp-image-144110 \" src=\"https:\/\/www.tgrthaber.com\/mavikadin\/wp-content\/uploads\/Ekran-Resmi-2025-03-08-23.40.14.png\" alt=\"\" width=\"976\" height=\"1562\" title=\"\" srcset=\"https:\/\/www.tgrthaber.com\/mavikadin\/wp-content\/uploads\/Ekran-Resmi-2025-03-08-23.40.14.png 536w, https:\/\/www.tgrthaber.com\/mavikadin\/wp-content\/uploads\/Ekran-Resmi-2025-03-08-23.40.14-187x300.png 187w\" sizes=\"(max-width: 976px) 100vw, 976px\" \/><\/p>\n<hr \/>\n<p class=\"p1\">2011 y\u0131l\u0131nda ba\u015f\u00f6rt\u00fcs\u00fc yasa\u011f\u0131 kald\u0131r\u0131lm\u0131\u015f olsa da, Avusturya, Danimarka, Hollanda ve Bulgaristan gibi \u00fclkeler de benzer d\u00fczenlemelerle tart\u0131\u015fmalara neden olmu\u015ftu. Dylan Thiry\u2019nin \u0130slam\u2019\u0131 se\u00e7mesi ve umre ziyareti, sosyal medyada b\u00fcy\u00fck yank\u0131 uyand\u0131r\u0131rken, \u00fcnl\u00fc ismin payla\u015f\u0131mlar\u0131 geni\u015f kitleler taraf\u0131ndan ilgiyle takip edilmeye devam ediyor.<\/p>\n","protected":false},"excerpt":{"rendered":"<p>Sosyal medyada milyonlarca takip\u00e7iye ula\u015fan Dylan Thiry, payla\u015f\u0131mlar\u0131 ve a\u00e7\u0131klamalar\u0131yla s\u0131k\u00e7a g\u00fcndeme geliyor. L\u00fcksemburg as\u0131ll\u0131 olan Thiry, televizyon d\u00fcnyas\u0131ndaki kariyerinin yan\u0131 s\u0131ra sosyal medya i\u00e7erikleri ve yard\u0131m faaliyetleriyle de dikkat \u00e7ekiyor. Peki, Dylan Thiry kimdir, M\u00fcsl\u00fcman m\u0131 oldu? \u0130\u015fte detaylar\u2026<\/p>\n","protected":false},"author":16,"featured_media":144112,"comment_status":"closed","ping_status":"closed","sticky":false,"template":"","format":"standard","meta":{"rank_math_lock_modified_date":false,"footnotes":""},"categories":[491],"tags":[13519,13518,13520],"class_list":["post-144107","post","type-post","status-publish","format-standard","has-post-thumbnail","hentry","category-biyografi","tag-dylan-thiry-kac-yasinda","tag-dylan-thiry-kimdir","tag-dylan-thiry-musluman"],"_links":{"self":[{"href":"https:\/\/www.tgrthaber.com\/mavikadin\/wp-json\/wp\/v2\/posts\/144107"}],"collection":[{"href":"https:\/\/www.tgrthaber.com\/mavikadin\/wp-json\/wp\/v2\/posts"}],"about":[{"href":"https:\/\/www.tgrthaber.com\/mavikadin\/wp-json\/wp\/v2\/types\/post"}],"author":[{"embeddable":true,"href":"https:\/\/www.tgrthaber.com\/mavikadin\/wp-json\/wp\/v2\/users\/16"}],"replies":[{"embeddable":true,"href":"https:\/\/www.tgrthaber.com\/mavikadin\/wp-json\/wp\/v2\/comments?post=144107"}],"version-history":[{"count":1,"href":"https:\/\/www.tgrthaber.com\/mavikadin\/wp-json\/wp\/v2\/posts\/144107\/revisions"}],"predecessor-version":[{"id":144113,"href":"https:\/\/www.tgrthaber.com\/mavikadin\/wp-json\/wp\/v2\/posts\/144107\/revisions\/144113"}],"wp:featuredmedia":[{"embeddable":true,"href":"https:\/\/www.tgrthaber.com\/mavikadin\/wp-json\/wp\/v2\/media\/144112"}],"wp:attachment":[{"href":"https:\/\/www.tgrthaber.com\/mavikadin\/wp-json\/wp\/v2\/media?parent=144107"}],"wp:term":[{"taxonomy":"category","embeddable":true,"href":"https:\/\/www.tgrthaber.com\/mavikadin\/wp-json\/wp\/v2\/categories?post=144107"},{"taxonomy":"post_tag","embeddable":true,"href":"https:\/\/www.tgrthaber.com\/mavikadin\/wp-json\/wp\/v2\/tags?post=144107"}],"curies":[{"name":"wp","href":"https:\/\/api.w.org\/{rel}","templated":true}]}}