{"id":144114,"date":"2025-03-09T00:13:04","date_gmt":"2025-03-08T21:13:04","guid":{"rendered":"https:\/\/www.tgrthaber.com\/mavikadin\/?p=144114"},"modified":"2025-03-09T00:17:19","modified_gmt":"2025-03-08T21:17:19","slug":"janet-mcteer-mcgonagall-roluyle-harry-potter-dizisine-katiliyor","status":"publish","type":"post","link":"https:\/\/www.tgrthaber.com\/mavikadin\/janet-mcteer-mcgonagall-roluyle-harry-potter-dizisine-katiliyor\/","title":{"rendered":"Janet McTeer, McGonagall rol\u00fcyle Harry Potter dizisine kat\u0131l\u0131yor"},"content":{"rendered":"<p class=\"p1\">HBO\u2019nun b\u00fcy\u00fck bir merakla beklenen Harry Potter dizisi i\u00e7in kadro \u015fekillenmeye devam ediyor. Minerva McGonagall karakterini oynayacak smin Oscar aday\u0131 \u00fcnl\u00fc oyuncu Janet McTeer olaca\u011f\u0131 konu\u015fuluyor. Sosyal medyada yay\u0131lan bu haber, b\u00fcy\u00fcc\u00fcl\u00fck d\u00fcnyas\u0131n\u0131n hayranlar\u0131 aras\u0131nda bir b\u00fcy\u00fck heyecana neden oldu. Peki Janet McTeer, McGonagall rol\u00fcyle Harry Potter dizisinde yer alacak m\u0131? \u0130\u015fte detaylar&#8230;<\/p>\n<h3>JANET MCTEER MCGONAGALL ROL\u00dcYLE HARRY POTER D\u0130Z\u0130S\u0130NDE YER ALAB\u0130L\u0130R<\/h3>\n<p class=\"p1\">HBO\u2019nun Harry Potter serisini yeni bir bak\u0131\u015f a\u00e7\u0131s\u0131yla televizyona ta\u015f\u0131yacak olan dizisi i\u00e7in oyuncu se\u00e7imi s\u00fcr\u00fcyor. Daha \u00f6nce John Lithgow\u2019un Albus Dumbledore, Paapa Essiedu\u2019nun ise Severus Snape karakterini oynayaca\u011f\u0131 a\u00e7\u0131klanm\u0131\u015ft\u0131. \u015eimdi ise Minerva McGonagall rol\u00fc i\u00e7in deneyimli oyuncu Janet McTeer ile g\u00f6r\u00fc\u015fmelerin son a\u015famada oldu\u011fu bildirildi.<\/p>\n<p><img loading=\"lazy\" decoding=\"async\" class=\"alignnone wp-image-144120 size-full\" src=\"https:\/\/www.tgrthaber.com\/mavikadin\/wp-content\/uploads\/Ekran-Resmi-2025-03-09-00.07.17.png\" alt=\"\" width=\"976\" height=\"488\" title=\"\" srcset=\"https:\/\/www.tgrthaber.com\/mavikadin\/wp-content\/uploads\/Ekran-Resmi-2025-03-09-00.07.17.png 976w, https:\/\/www.tgrthaber.com\/mavikadin\/wp-content\/uploads\/Ekran-Resmi-2025-03-09-00.07.17-300x150.png 300w, https:\/\/www.tgrthaber.com\/mavikadin\/wp-content\/uploads\/Ekran-Resmi-2025-03-09-00.07.17-768x384.png 768w\" sizes=\"(max-width: 976px) 100vw, 976px\" \/><\/p>\n<hr \/>\n<p class=\"p1\">1980\u2019lerden bu yana sinema ve televizyon d\u00fcnyas\u0131nda \u00f6nemli i\u015flere imza atan McTeer, daha \u00f6nce Albert Nobbs ve Tumbleweed filmleriyle Oscar adayl\u0131\u011f\u0131 kazanm\u0131\u015ft\u0131. Ozark, Jessica Jones ve The Old Man gibi pop\u00fcler dizilerde de rol alan sanat\u00e7\u0131, ayn\u0131 zamanda Kaos dizisinde Hera karakterini oynam\u0131\u015ft\u0131.<\/p>\n<p><img loading=\"lazy\" decoding=\"async\" class=\"alignnone wp-image-144121 \" src=\"https:\/\/www.tgrthaber.com\/mavikadin\/wp-content\/uploads\/Ekran-Resmi-2025-03-09-00.07.31.png\" alt=\"\" width=\"965\" height=\"1277\" title=\"\" srcset=\"https:\/\/www.tgrthaber.com\/mavikadin\/wp-content\/uploads\/Ekran-Resmi-2025-03-09-00.07.31.png 588w, https:\/\/www.tgrthaber.com\/mavikadin\/wp-content\/uploads\/Ekran-Resmi-2025-03-09-00.07.31-227x300.png 227w\" sizes=\"(max-width: 965px) 100vw, 965px\" \/><\/p>\n<hr \/>\n<p class=\"p1\">Profes\u00f6r Minerva McGonagall, Hogwarts\u2019\u0131n en sayg\u0131n profes\u00f6rlerinden biri olarak biliniyor. Gryffindor binas\u0131n\u0131n ba\u015fkan\u0131 ve okulun m\u00fcd\u00fcr yard\u0131mc\u0131s\u0131 olan McGonagall, Bi\u00e7im De\u011fi\u015ftirme dersinin hocas\u0131 olarak da \u00f6\u011frencilerin en \u00e7ok sayg\u0131 duydu\u011fu isimlerden biri. Film serisinde Dame Maggie Smith taraf\u0131ndan oynanan karakter, serinin en g\u00fc\u00e7l\u00fc ve ikonik fig\u00fcrlerinden biri olarak \u00f6ne \u00e7\u0131k\u0131yor.<\/p>\n<p><img loading=\"lazy\" decoding=\"async\" class=\"alignnone wp-image-144123 size-large\" src=\"https:\/\/www.tgrthaber.com\/mavikadin\/wp-content\/uploads\/Ekran-Resmi-2025-03-09-00.09.03-1024x495.png\" alt=\"\" width=\"1024\" height=\"495\" title=\"\" srcset=\"https:\/\/www.tgrthaber.com\/mavikadin\/wp-content\/uploads\/Ekran-Resmi-2025-03-09-00.09.03-1024x495.png 1024w, https:\/\/www.tgrthaber.com\/mavikadin\/wp-content\/uploads\/Ekran-Resmi-2025-03-09-00.09.03-300x145.png 300w, https:\/\/www.tgrthaber.com\/mavikadin\/wp-content\/uploads\/Ekran-Resmi-2025-03-09-00.09.03-768x371.png 768w, https:\/\/www.tgrthaber.com\/mavikadin\/wp-content\/uploads\/Ekran-Resmi-2025-03-09-00.09.03.png 1064w\" sizes=\"(max-width: 1024px) 100vw, 1024px\" \/><\/p>\n<hr \/>\n<h3 class=\"p1\">YEN\u0130 HARRY POTER D\u0130Z\u0130S\u0130NDE NELER OLACAK?<\/h3>\n<p class=\"p1\">HBO\u2019nun haz\u0131rlad\u0131\u011f\u0131 Harry Potter dizisi, J.K. Rowling\u2019in kitaplar\u0131n\u0131 temel alarak her sezon bir kitab\u0131 anlatacak \u015fekilde planlan\u0131yor. Succession dizisinin yap\u0131mc\u0131lar\u0131ndan Francesca Gardiner ve Mark Mylod projenin ba\u015f\u0131ndaki isimler aras\u0131nda yer al\u0131yor. Dizinin ba\u015frolleri i\u00e7in 9-11 ya\u015f aras\u0131ndaki \u00e7ocuk oyuncular\u0131n se\u00e7imi hala devam ederken, Harry Potter, Hermione Granger ve Ron Weasley rollerini kimin oynayaca\u011f\u0131 hen\u00fcz netle\u015fmedi. Ayr\u0131ca, Game of Thrones ve The Last of Us gibi b\u00fcy\u00fck yap\u0131mlarda yer alan y\u00f6netmen Mark Mylod dizinin birden fazla b\u00f6l\u00fcm\u00fcn\u00fc y\u00f6netecek. Yap\u0131m ekibinde Francesca Gardiner, Neil Blair, Ruth Kenley-Letts ve serinin uzun s\u00fcredir yap\u0131mc\u0131l\u0131\u011f\u0131n\u0131 \u00fcstlenen David Heyman gibi \u00f6nemli isimler bulunuyor.<\/p>\n<p><img loading=\"lazy\" decoding=\"async\" class=\"alignnone wp-image-144122 size-large\" src=\"https:\/\/www.tgrthaber.com\/mavikadin\/wp-content\/uploads\/Ekran-Resmi-2025-03-09-00.08.55-1024x484.png\" alt=\"\" width=\"1024\" height=\"484\" title=\"\" srcset=\"https:\/\/www.tgrthaber.com\/mavikadin\/wp-content\/uploads\/Ekran-Resmi-2025-03-09-00.08.55-1024x484.png 1024w, https:\/\/www.tgrthaber.com\/mavikadin\/wp-content\/uploads\/Ekran-Resmi-2025-03-09-00.08.55-300x142.png 300w, https:\/\/www.tgrthaber.com\/mavikadin\/wp-content\/uploads\/Ekran-Resmi-2025-03-09-00.08.55-768x363.png 768w, https:\/\/www.tgrthaber.com\/mavikadin\/wp-content\/uploads\/Ekran-Resmi-2025-03-09-00.08.55.png 1078w\" sizes=\"(max-width: 1024px) 100vw, 1024px\" \/><\/p>\n<hr \/>\n<h3>HARRY POTER D\u0130Z\u0130S\u0130N\u0130N \u00c7EK\u0130MLER\u0130 BA\u015eLADI MI?<\/h3>\n<p class=\"p1\">HBO yetkilileri, dizinin yap\u0131m a\u015famas\u0131nda oldu\u011funu ve 2025 y\u0131l\u0131 Nisan ay\u0131nda \u00e7ekimlere ba\u015flanmas\u0131n\u0131n planland\u0131\u011f\u0131n\u0131 a\u00e7\u0131klad\u0131. Yetkililer ayr\u0131ca, \u201cBu kadar b\u00fcy\u00fck bir proje do\u011fal olarak bir\u00e7ok s\u00f6ylentiye yol a\u00e7\u0131yor, ancak sadece kesinle\u015fmi\u015f bilgileri do\u011frulayaca\u011f\u0131z\u201d ifadelerini kulland\u0131. Her ne kadar Fantastic Beasts serisinin son filmleri gi\u015fede beklenen ba\u015far\u0131y\u0131 yakalayamam\u0131\u015f ve ana film serisinin baz\u0131 oyuncular\u0131 J.K. Rowling ile yollar\u0131n\u0131 ay\u0131rm\u0131\u015f olsa da, yeni dizi \u015fimdiden b\u00fcy\u00fck bir merakla bekleniyor.<\/p>\n","protected":false},"excerpt":{"rendered":"<p>HBO\u2019nun merakla beklenen Harry Potter dizisinde Minerva McGonagall karakterini oynayacak ismin Oscar aday\u0131 Janet McTeer olaca\u011f\u0131 iddias\u0131 g\u00fcndeme bomba gibi d\u00fc\u015ft\u00fc. Deneyimli oyuncunun b\u00fcy\u00fcc\u00fcl\u00fck d\u00fcnyas\u0131na ad\u0131m ataca\u011f\u0131 s\u00f6ylentisi, serinin hayranlar\u0131 aras\u0131nda b\u00fcy\u00fck heyecana neden oldu. Peki, McTeer ger\u00e7ekten kadroya kat\u0131lacak m\u0131?<\/p>\n","protected":false},"author":16,"featured_media":144126,"comment_status":"closed","ping_status":"closed","sticky":false,"template":"","format":"standard","meta":{"rank_math_lock_modified_date":false,"footnotes":""},"categories":[101],"tags":[13524,13525,13523],"class_list":["post-144114","post","type-post","status-publish","format-standard","has-post-thumbnail","hentry","category-kesfet","tag-harry-poter-dizisi-janet-mcteer","tag-harry-poter-dizisi-kadrosu-janet-mcteer","tag-mcgonagall-janet-mcteer-harry-poter"],"_links":{"self":[{"href":"https:\/\/www.tgrthaber.com\/mavikadin\/wp-json\/wp\/v2\/posts\/144114"}],"collection":[{"href":"https:\/\/www.tgrthaber.com\/mavikadin\/wp-json\/wp\/v2\/posts"}],"about":[{"href":"https:\/\/www.tgrthaber.com\/mavikadin\/wp-json\/wp\/v2\/types\/post"}],"author":[{"embeddable":true,"href":"https:\/\/www.tgrthaber.com\/mavikadin\/wp-json\/wp\/v2\/users\/16"}],"replies":[{"embeddable":true,"href":"https:\/\/www.tgrthaber.com\/mavikadin\/wp-json\/wp\/v2\/comments?post=144114"}],"version-history":[{"count":3,"href":"https:\/\/www.tgrthaber.com\/mavikadin\/wp-json\/wp\/v2\/posts\/144114\/revisions"}],"predecessor-version":[{"id":144127,"href":"https:\/\/www.tgrthaber.com\/mavikadin\/wp-json\/wp\/v2\/posts\/144114\/revisions\/144127"}],"wp:featuredmedia":[{"embeddable":true,"href":"https:\/\/www.tgrthaber.com\/mavikadin\/wp-json\/wp\/v2\/media\/144126"}],"wp:attachment":[{"href":"https:\/\/www.tgrthaber.com\/mavikadin\/wp-json\/wp\/v2\/media?parent=144114"}],"wp:term":[{"taxonomy":"category","embeddable":true,"href":"https:\/\/www.tgrthaber.com\/mavikadin\/wp-json\/wp\/v2\/categories?post=144114"},{"taxonomy":"post_tag","embeddable":true,"href":"https:\/\/www.tgrthaber.com\/mavikadin\/wp-json\/wp\/v2\/tags?post=144114"}],"curies":[{"name":"wp","href":"https:\/\/api.w.org\/{rel}","templated":true}]}}