{"id":144128,"date":"2025-03-09T00:37:27","date_gmt":"2025-03-08T21:37:27","guid":{"rendered":"https:\/\/www.tgrthaber.com\/mavikadin\/?p=144128"},"modified":"2025-03-09T00:37:28","modified_gmt":"2025-03-08T21:37:28","slug":"kizil-goncalar-bitiyor-mu-final-karari-verildi-mi","status":"publish","type":"post","link":"https:\/\/www.tgrthaber.com\/mavikadin\/kizil-goncalar-bitiyor-mu-final-karari-verildi-mi\/","title":{"rendered":"K\u0131z\u0131l Goncalar bitiyor mu? Final karar\u0131 verildi mi?"},"content":{"rendered":"<p class=\"p1\">NOW TV ekranlar\u0131nda yay\u0131nlanan ve geni\u015f bir izleyici kitlesine ula\u015fan K\u0131z\u0131l Goncalar dizisi, final s\u00fcrecine yakla\u015f\u0131yor. Dizinin hayranlar\u0131, final tarihine dair net bilgileri merakla beklerken, yap\u0131mc\u0131dan \u00f6nemli a\u00e7\u0131klamalar geldi. Bunun yan\u0131 s\u0131ra Gazeteci Birsen Altunta\u015f\u2019ta sosyal medyada yapt\u0131\u011f\u0131 bir yorumla dikkatleri \u00fczerine \u00e7ekti. Altunta\u015f bir sosyal medya kullan\u0131c\u0131s\u0131n\u0131n \u2018K\u0131z\u0131l Goncalar sezon sonu kesin final mi? sorusuna verdi\u011fi cevapla dikkatleri \u00fczerine \u00e7ekti.<\/p>\n<h3 class=\"p1\"><b>KIZIL GONCALAR B\u0130T\u0130YOR MU?\u00a0<\/b><\/h3>\n<p class=\"p1\">Dizinin yap\u0131mc\u0131s\u0131 Faruk Turgut, K\u0131z\u0131l Goncalar\u2019\u0131n Haziran ay\u0131nda 50. b\u00f6l\u00fcme ula\u015faca\u011f\u0131n\u0131 belirterek, bu b\u00f6l\u00fcm say\u0131s\u0131n\u0131n format a\u00e7\u0131s\u0131ndan yeterli oldu\u011funu ifade etti. \u201cB\u00fcy\u00fck ihtimalle sezon sonunda final yapar\u0131z\u201d a\u00e7\u0131klamas\u0131nda bulunan Turgut, dizinin sona erme ihtimalini do\u011frulam\u0131\u015f oldu. Ancak, dizinin kesin final tarihi hen\u00fcz netle\u015fmi\u015f de\u011fil. Yap\u0131m ekibi ve kanal y\u00f6netimi, izlenme oranlar\u0131 ve senaryo ak\u0131\u015f\u0131na ba\u011fl\u0131 olarak karar\u0131n\u0131 \u015fekillendirecek.<\/p>\n<p><img loading=\"lazy\" decoding=\"async\" class=\"alignnone wp-image-144132 \" src=\"https:\/\/www.tgrthaber.com\/mavikadin\/wp-content\/uploads\/Ekran-Resmi-2025-03-09-00.31.20.png\" alt=\"\" width=\"971\" height=\"534\" title=\"\" srcset=\"https:\/\/www.tgrthaber.com\/mavikadin\/wp-content\/uploads\/Ekran-Resmi-2025-03-09-00.31.20.png 960w, https:\/\/www.tgrthaber.com\/mavikadin\/wp-content\/uploads\/Ekran-Resmi-2025-03-09-00.31.20-300x165.png 300w, https:\/\/www.tgrthaber.com\/mavikadin\/wp-content\/uploads\/Ekran-Resmi-2025-03-09-00.31.20-768x422.png 768w\" sizes=\"(max-width: 971px) 100vw, 971px\" \/><\/p>\n<hr \/>\n<h3 class=\"p1\"><b>KIZIL GONCALAR HAYRANLARI F\u0130NAL KARARINI BEKL\u0130YOR\u00a0<\/b><\/h3>\n<p class=\"p1\">Diziye olan ilginin devam etmesi halinde, yap\u0131m ekibinin farkl\u0131 bir karar alma ihtimali de bulunuyor. Ancak \u015fu anki verilere g\u00f6re, K\u0131z\u0131l Goncalar\u2019\u0131n sezon sonunda final yapmas\u0131 y\u00fcksek ihtimal olarak de\u011ferlendiriliyor. NOW TV ve yap\u0131m ekibinden gelecek resmi a\u00e7\u0131klamalar, dizinin gelece\u011fi hakk\u0131nda daha fazla bilgi sunacak.<\/p>\n<p><img loading=\"lazy\" decoding=\"async\" class=\"alignnone wp-image-144134 size-full\" src=\"https:\/\/www.tgrthaber.com\/mavikadin\/wp-content\/uploads\/Ekran-Resmi-2025-03-09-00.31.16.png\" alt=\"\" width=\"962\" height=\"538\" title=\"\" srcset=\"https:\/\/www.tgrthaber.com\/mavikadin\/wp-content\/uploads\/Ekran-Resmi-2025-03-09-00.31.16.png 962w, https:\/\/www.tgrthaber.com\/mavikadin\/wp-content\/uploads\/Ekran-Resmi-2025-03-09-00.31.16-300x168.png 300w, https:\/\/www.tgrthaber.com\/mavikadin\/wp-content\/uploads\/Ekran-Resmi-2025-03-09-00.31.16-768x430.png 768w\" sizes=\"(max-width: 962px) 100vw, 962px\" \/><\/p>\n<hr \/>\n<h3>B\u0130RSEN ALTUNTA\u015e&#8217;IN KIZIL GONCALAR YORUMU D\u0130KKAT \u00c7EKT\u0130<\/h3>\n<p class=\"p1\">Gazeteci Birsen Altunta\u015f, sosyal medyada yapt\u0131\u011f\u0131 a\u00e7\u0131klamayla K\u0131z\u0131l Goncalar dizisinin gelece\u011fine dair \u00f6nemli ipu\u00e7lar\u0131 verdi. Bir takip\u00e7isinin \u201cK\u0131z\u0131l Goncalar sezon sonunda kesin final mi yap\u0131yor?\u201d sorusuna cevap veren Altunta\u015f, \u201cZaten iki sezon planland\u0131, ama \u015fu \u015fartlarda \u00e7ekilmez. B\u00fct\u00e7esi y\u00fcksek, hikayesi zor yaz\u0131l\u0131yor ve reytingleri d\u00fc\u015ft\u00fc\u201d ifadelerini kulland\u0131.<\/p>\n<p><img loading=\"lazy\" decoding=\"async\" class=\"alignnone wp-image-144135 size-large\" src=\"https:\/\/www.tgrthaber.com\/mavikadin\/wp-content\/uploads\/Ekran-Resmi-2025-03-09-00.32.31-1024x765.png\" alt=\"\" width=\"1024\" height=\"765\" title=\"\" srcset=\"https:\/\/www.tgrthaber.com\/mavikadin\/wp-content\/uploads\/Ekran-Resmi-2025-03-09-00.32.31-1024x765.png 1024w, https:\/\/www.tgrthaber.com\/mavikadin\/wp-content\/uploads\/Ekran-Resmi-2025-03-09-00.32.31-300x224.png 300w, https:\/\/www.tgrthaber.com\/mavikadin\/wp-content\/uploads\/Ekran-Resmi-2025-03-09-00.32.31-768x574.png 768w, https:\/\/www.tgrthaber.com\/mavikadin\/wp-content\/uploads\/Ekran-Resmi-2025-03-09-00.32.31.png 1194w\" sizes=\"(max-width: 1024px) 100vw, 1024px\" \/><\/p>\n<hr \/>\n<p class=\"p1\">Bu a\u00e7\u0131klamalar, dizinin final yapaca\u011f\u0131 iddialar\u0131n\u0131 g\u00fc\u00e7lendirdi. Yap\u0131m ekibi ve kanal y\u00f6netiminin verece\u011fi karar merakla beklenirken, dizinin ak\u0131betiyle ilgili resmi bir duyuru hen\u00fcz yap\u0131lm\u0131\u015f de\u011fil.<\/p>\n","protected":false},"excerpt":{"rendered":"<p>NOW TV\u2019nin ilgiyle takip edilen dizisi K\u0131z\u0131l Goncalar, final s\u00fcrecine yakla\u015f\u0131rken yap\u0131mc\u0131dan ve medya d\u00fcnyas\u0131ndan dikkat \u00e7eken a\u00e7\u0131klamalar gelmeye devam ediyor. Gazeteci Birsen Altunta\u015f, sosyal medyada yapt\u0131\u011f\u0131 yorumla g\u00fcndem oldu. Bir takip\u00e7isinin final sorusuna verdi\u011fi cevap g\u00fcndem oldu. <\/p>\n","protected":false},"author":16,"featured_media":144136,"comment_status":"closed","ping_status":"closed","sticky":false,"template":"","format":"standard","meta":{"rank_math_lock_modified_date":false,"footnotes":""},"categories":[602],"tags":[13527,13528,13529],"class_list":["post-144128","post","type-post","status-publish","format-standard","has-post-thumbnail","hentry","category-diziler","tag-kizil-goncalar-dizisi-bitiyor-mu","tag-kizil-goncalar-dizisi-final-tarihi","tag-kizil-goncalar-ne-zaman-bitecek"],"_links":{"self":[{"href":"https:\/\/www.tgrthaber.com\/mavikadin\/wp-json\/wp\/v2\/posts\/144128"}],"collection":[{"href":"https:\/\/www.tgrthaber.com\/mavikadin\/wp-json\/wp\/v2\/posts"}],"about":[{"href":"https:\/\/www.tgrthaber.com\/mavikadin\/wp-json\/wp\/v2\/types\/post"}],"author":[{"embeddable":true,"href":"https:\/\/www.tgrthaber.com\/mavikadin\/wp-json\/wp\/v2\/users\/16"}],"replies":[{"embeddable":true,"href":"https:\/\/www.tgrthaber.com\/mavikadin\/wp-json\/wp\/v2\/comments?post=144128"}],"version-history":[{"count":1,"href":"https:\/\/www.tgrthaber.com\/mavikadin\/wp-json\/wp\/v2\/posts\/144128\/revisions"}],"predecessor-version":[{"id":144137,"href":"https:\/\/www.tgrthaber.com\/mavikadin\/wp-json\/wp\/v2\/posts\/144128\/revisions\/144137"}],"wp:featuredmedia":[{"embeddable":true,"href":"https:\/\/www.tgrthaber.com\/mavikadin\/wp-json\/wp\/v2\/media\/144136"}],"wp:attachment":[{"href":"https:\/\/www.tgrthaber.com\/mavikadin\/wp-json\/wp\/v2\/media?parent=144128"}],"wp:term":[{"taxonomy":"category","embeddable":true,"href":"https:\/\/www.tgrthaber.com\/mavikadin\/wp-json\/wp\/v2\/categories?post=144128"},{"taxonomy":"post_tag","embeddable":true,"href":"https:\/\/www.tgrthaber.com\/mavikadin\/wp-json\/wp\/v2\/tags?post=144128"}],"curies":[{"name":"wp","href":"https:\/\/api.w.org\/{rel}","templated":true}]}}