{"id":144139,"date":"2025-03-09T01:05:13","date_gmt":"2025-03-08T22:05:13","guid":{"rendered":"https:\/\/www.tgrthaber.com\/mavikadin\/?p=144139"},"modified":"2025-03-09T01:07:27","modified_gmt":"2025-03-08T22:07:27","slug":"turk-unluler-afrikada-dunyaya-gelseydi-sorusuna-yapay-zeka-cevap-verdi-fotograflar-sosyal-medyayi-salladi","status":"publish","type":"post","link":"https:\/\/www.tgrthaber.com\/mavikadin\/turk-unluler-afrikada-dunyaya-gelseydi-sorusuna-yapay-zeka-cevap-verdi-fotograflar-sosyal-medyayi-salladi\/","title":{"rendered":"&#8216;T\u00fcrk \u00fcnl\u00fcler Afrika\u2019da d\u00fcnyaya gelseydi?&#8217; sorusuna yapay zeka cevap verdi! Foto\u011fraflar sosyal medyay\u0131 sallad\u0131"},"content":{"rendered":"<p class=\"p1\">Sosyal medya, ilgin\u00e7 ve e\u011flenceli i\u00e7eriklerle g\u00fcndemi me\u015fgul etmeye devam ediyor. Son olarak, bir Instagram kullan\u0131c\u0131s\u0131, \u201cBurak \u00d6z\u00e7ivit, Murat Boz, Serdar Orta\u00e7 ve \u0130brahim Tatl\u0131ses Afrika\u2019da do\u011fmu\u015f olsayd\u0131 nas\u0131l g\u00f6r\u00fcn\u00fcrd\u00fc?\u201d sorusuna yapay zeka yard\u0131m\u0131yla cevap arad\u0131. Ortaya \u00e7\u0131kan g\u00f6r\u00fcnt\u00fcler sosyal medyada k\u0131sa s\u00fcrede b\u00fcy\u00fck ilgi g\u00f6rd\u00fc ve viral oldu.<\/p>\n<h3 class=\"p1\">&#8216;T\u00dcRK \u00dcNL\u00dcLER AFR\u0130KA&#8217;DA D\u00dcNYA&#8217;YA GELSEYD\u0130?&#8217; SORUSUNA YAPAY ZEKA CEVAP VERD\u0130!<\/h3>\n<p class=\"p1\">Payla\u015f\u0131lan g\u00f6rsellerde, \u00fcnl\u00fc isimler Afrika k\u00f6kenli olarak tasarland\u0131 ve her biri bamba\u015fka bir g\u00f6r\u00fcn\u00fcme b\u00fcr\u00fcnd\u00fc. Burak \u00d6z\u00e7ivit, kendine has karizmatik tarz\u0131n\u0131 koruyarak, farkl\u0131 bir y\u00fcz yap\u0131s\u0131yla dikkat \u00e7ekerken, Murat Boz\u2019un tarz\u0131 ve y\u00fcz hatlar\u0131 da yapay zekan\u0131n dokunu\u015fuyla olduk\u00e7a de\u011fi\u015fti.<\/p>\n<p><img loading=\"lazy\" decoding=\"async\" class=\"alignnone wp-image-144140 size-large\" src=\"https:\/\/www.tgrthaber.com\/mavikadin\/wp-content\/uploads\/Ekran-Resmi-2025-03-09-00.52.57-1024x973.png\" alt=\"\" width=\"1024\" height=\"973\" title=\"\" srcset=\"https:\/\/www.tgrthaber.com\/mavikadin\/wp-content\/uploads\/Ekran-Resmi-2025-03-09-00.52.57-1024x973.png 1024w, https:\/\/www.tgrthaber.com\/mavikadin\/wp-content\/uploads\/Ekran-Resmi-2025-03-09-00.52.57-300x285.png 300w, https:\/\/www.tgrthaber.com\/mavikadin\/wp-content\/uploads\/Ekran-Resmi-2025-03-09-00.52.57-768x730.png 768w, https:\/\/www.tgrthaber.com\/mavikadin\/wp-content\/uploads\/Ekran-Resmi-2025-03-09-00.52.57-1536x1459.png 1536w, https:\/\/www.tgrthaber.com\/mavikadin\/wp-content\/uploads\/Ekran-Resmi-2025-03-09-00.52.57.png 1558w\" sizes=\"(max-width: 1024px) 100vw, 1024px\" \/><\/p>\n<hr \/>\n<p class=\"p1\">Serdar Orta\u00e7 ve \u0130brahim Tatl\u0131ses ise tan\u0131nmaz hale geldi ve bamba\u015fka bir g\u00f6r\u00fcn\u00fcme kavu\u015ftu. Takip\u00e7iler, bu e\u011flenceli payla\u015f\u0131m kar\u015f\u0131s\u0131nda bir\u00e7ok farkl\u0131 yorum yapt\u0131. Kimileri ortaya \u00e7\u0131kan g\u00f6r\u00fcnt\u00fcleri komik bulurken, kimileri ise yapay zekan\u0131n s\u0131n\u0131rlar\u0131n\u0131 zorlayan bu t\u00fcr i\u00e7eriklerin giderek daha fazla pop\u00fcler ve korkutucu bir hale geldi\u011fine dikkat \u00e7ekti.<\/p>\n<p><img loading=\"lazy\" decoding=\"async\" class=\"alignnone wp-image-144141 size-large\" src=\"https:\/\/www.tgrthaber.com\/mavikadin\/wp-content\/uploads\/Ekran-Resmi-2025-03-09-00.53.10-1024x987.png\" alt=\"\" width=\"1024\" height=\"987\" title=\"\" srcset=\"https:\/\/www.tgrthaber.com\/mavikadin\/wp-content\/uploads\/Ekran-Resmi-2025-03-09-00.53.10-1024x987.png 1024w, https:\/\/www.tgrthaber.com\/mavikadin\/wp-content\/uploads\/Ekran-Resmi-2025-03-09-00.53.10-300x289.png 300w, https:\/\/www.tgrthaber.com\/mavikadin\/wp-content\/uploads\/Ekran-Resmi-2025-03-09-00.53.10-768x740.png 768w, https:\/\/www.tgrthaber.com\/mavikadin\/wp-content\/uploads\/Ekran-Resmi-2025-03-09-00.53.10-1536x1480.png 1536w, https:\/\/www.tgrthaber.com\/mavikadin\/wp-content\/uploads\/Ekran-Resmi-2025-03-09-00.53.10.png 1548w\" sizes=\"(max-width: 1024px) 100vw, 1024px\" \/><\/p>\n<hr \/>\n<p class=\"p1\">Son d\u00f6nemde sosyal medyada, \u00fcnl\u00fc isimlerin farkl\u0131 co\u011frafyalarda nas\u0131l g\u00f6r\u00fcnece\u011fini tasvir eden yapay zeka destekli g\u00f6rseller s\u0131k\u00e7a payla\u015f\u0131l\u0131yor. Daha \u00f6nce de farkl\u0131 milletlerden insanlar\u0131n farkl\u0131 b\u00f6lgelerde do\u011fmalar\u0131 halinde nas\u0131l g\u00f6r\u00fcnece\u011fine dair \u00e7al\u0131\u015fmalar viral olmu\u015ftu. Bu t\u00fcr i\u00e7erikler, g\u00f6rsel teknolojilerin ve yapay zekan\u0131n geldi\u011fi noktay\u0131 g\u00f6sterirken, ayn\u0131 zamanda insanlara e\u011flenceli bir deneyim sunuyor. \u00dcnl\u00fclerin farkl\u0131 k\u00fclt\u00fcrlerde nas\u0131l g\u00f6r\u00fcnece\u011fine dair ilgin\u00e7 denemeler, sosyal medyan\u0131n en \u00e7ok konu\u015fulan i\u00e7eriklerinden biri olmaya devam ediyor.<\/p>\n<p><img loading=\"lazy\" decoding=\"async\" class=\"alignnone wp-image-144142 size-large\" src=\"https:\/\/www.tgrthaber.com\/mavikadin\/wp-content\/uploads\/Ekran-Resmi-2025-03-09-00.53.04-1024x1002.png\" alt=\"\" width=\"1024\" height=\"1002\" title=\"\" srcset=\"https:\/\/www.tgrthaber.com\/mavikadin\/wp-content\/uploads\/Ekran-Resmi-2025-03-09-00.53.04-1024x1002.png 1024w, https:\/\/www.tgrthaber.com\/mavikadin\/wp-content\/uploads\/Ekran-Resmi-2025-03-09-00.53.04-300x294.png 300w, https:\/\/www.tgrthaber.com\/mavikadin\/wp-content\/uploads\/Ekran-Resmi-2025-03-09-00.53.04-768x752.png 768w, https:\/\/www.tgrthaber.com\/mavikadin\/wp-content\/uploads\/Ekran-Resmi-2025-03-09-00.53.04.png 1510w\" sizes=\"(max-width: 1024px) 100vw, 1024px\" \/><\/p>\n<hr \/>\n<h3>SOSYAL MEDYADAN YORUM YA\u011eDI<\/h3>\n<p class=\"p1\">Yapay zeka ile olu\u015fturulan \u201cT\u00fcrk \u00fcnl\u00fcler Afrika\u2019da do\u011fsayd\u0131 nas\u0131l g\u00f6r\u00fcn\u00fcrd\u00fc?\u201d temal\u0131 g\u00f6rseller, sosyal medyada b\u00fcy\u00fck yank\u0131 uyand\u0131rd\u0131. Kullan\u0131c\u0131lar, \u00f6zellikle Serdar Orta\u00e7 ve \u0130brahim Tatl\u0131ses\u2019in de\u011fi\u015fen tarz\u0131 kar\u015f\u0131s\u0131nda \u015fa\u015fk\u0131nl\u0131\u011f\u0131n\u0131 gizleyemedi.<\/p>\n<p><img loading=\"lazy\" decoding=\"async\" class=\"alignnone wp-image-144143 size-large\" src=\"https:\/\/www.tgrthaber.com\/mavikadin\/wp-content\/uploads\/Ekran-Resmi-2025-03-09-00.52.50-1024x995.png\" alt=\"\" width=\"1024\" height=\"995\" title=\"\" srcset=\"https:\/\/www.tgrthaber.com\/mavikadin\/wp-content\/uploads\/Ekran-Resmi-2025-03-09-00.52.50-1024x995.png 1024w, https:\/\/www.tgrthaber.com\/mavikadin\/wp-content\/uploads\/Ekran-Resmi-2025-03-09-00.52.50-300x291.png 300w, https:\/\/www.tgrthaber.com\/mavikadin\/wp-content\/uploads\/Ekran-Resmi-2025-03-09-00.52.50-768x746.png 768w, https:\/\/www.tgrthaber.com\/mavikadin\/wp-content\/uploads\/Ekran-Resmi-2025-03-09-00.52.50.png 1534w\" sizes=\"(max-width: 1024px) 100vw, 1024px\" \/><\/p>\n<hr \/>\n<p class=\"p1\">Bir\u00e7ok ki\u015fi, \u201cSerdar Orta\u00e7\u2019\u0131 tan\u0131makta zorland\u0131m!\u201d yorumunu yaparken, baz\u0131lar\u0131 da Burak \u00d6z\u00e7ivit\u2019in hangi k\u00fclt\u00fcrde olursa olsun yak\u0131\u015f\u0131kl\u0131l\u0131\u011f\u0131n\u0131 korudu\u011fu yorumunu yapt\u0131.\u00a0 Murat Boz\u2019un yeni versiyonunu g\u00f6ren bir kullan\u0131c\u0131 \u201cAfrika\u2019da da popstar olurdu\u201d \u015feklinde esprili bir yorum yaparken, bir\u00e7ok ki\u015fi yapay zekan\u0131n bu t\u00fcr e\u011flenceli i\u00e7eriklerde ne kadar ba\u015far\u0131l\u0131 oldu\u011funu vurgulad\u0131.<\/p>\n","protected":false},"excerpt":{"rendered":"<p> Sosyal medyada e\u011flenceli i\u00e7erikler h\u0131z kesmeden devam ediyor. Bir Instagram kullan\u0131c\u0131s\u0131, \u201cBurak \u00d6z\u00e7ivit, Murat Boz, Serdar Orta\u00e7 ve \u0130brahim Tatl\u0131ses Afrika\u2019da do\u011fsayd\u0131 nas\u0131l g\u00f6r\u00fcn\u00fcrd\u00fc?\u201d sorusuna yapay zeka ile cevap arad\u0131. Ortaya \u00e7\u0131kan g\u00f6r\u00fcnt\u00fcler h\u0131zla yay\u0131larak sosyal medyada viral oldu. <\/p>\n","protected":false},"author":16,"featured_media":144145,"comment_status":"closed","ping_status":"closed","sticky":false,"template":"","format":"standard","meta":{"rank_math_lock_modified_date":false,"footnotes":""},"categories":[101],"tags":[13531,13530],"class_list":["post-144139","post","type-post","status-publish","format-standard","has-post-thumbnail","hentry","category-kesfet","tag-turk-unluler-afrika-yapay-zeka","tag-turk-unluler-yapay-zeka-fotograf"],"_links":{"self":[{"href":"https:\/\/www.tgrthaber.com\/mavikadin\/wp-json\/wp\/v2\/posts\/144139"}],"collection":[{"href":"https:\/\/www.tgrthaber.com\/mavikadin\/wp-json\/wp\/v2\/posts"}],"about":[{"href":"https:\/\/www.tgrthaber.com\/mavikadin\/wp-json\/wp\/v2\/types\/post"}],"author":[{"embeddable":true,"href":"https:\/\/www.tgrthaber.com\/mavikadin\/wp-json\/wp\/v2\/users\/16"}],"replies":[{"embeddable":true,"href":"https:\/\/www.tgrthaber.com\/mavikadin\/wp-json\/wp\/v2\/comments?post=144139"}],"version-history":[{"count":3,"href":"https:\/\/www.tgrthaber.com\/mavikadin\/wp-json\/wp\/v2\/posts\/144139\/revisions"}],"predecessor-version":[{"id":144149,"href":"https:\/\/www.tgrthaber.com\/mavikadin\/wp-json\/wp\/v2\/posts\/144139\/revisions\/144149"}],"wp:featuredmedia":[{"embeddable":true,"href":"https:\/\/www.tgrthaber.com\/mavikadin\/wp-json\/wp\/v2\/media\/144145"}],"wp:attachment":[{"href":"https:\/\/www.tgrthaber.com\/mavikadin\/wp-json\/wp\/v2\/media?parent=144139"}],"wp:term":[{"taxonomy":"category","embeddable":true,"href":"https:\/\/www.tgrthaber.com\/mavikadin\/wp-json\/wp\/v2\/categories?post=144139"},{"taxonomy":"post_tag","embeddable":true,"href":"https:\/\/www.tgrthaber.com\/mavikadin\/wp-json\/wp\/v2\/tags?post=144139"}],"curies":[{"name":"wp","href":"https:\/\/api.w.org\/{rel}","templated":true}]}}