{"id":144152,"date":"2025-03-09T02:08:45","date_gmt":"2025-03-08T23:08:45","guid":{"rendered":"https:\/\/www.tgrthaber.com\/mavikadin\/?p=144152"},"modified":"2025-03-09T02:08:45","modified_gmt":"2025-03-08T23:08:45","slug":"arabeskin-yeni-sesi-derya-bedavacinin-sahne-ucreti-pes-dedirtti-bir-ev-fiyatina-konser-veriyor","status":"publish","type":"post","link":"https:\/\/www.tgrthaber.com\/mavikadin\/arabeskin-yeni-sesi-derya-bedavacinin-sahne-ucreti-pes-dedirtti-bir-ev-fiyatina-konser-veriyor\/","title":{"rendered":"Arabeskin yeni sesi Derya Bedavac\u0131\u2019n\u0131n sahne \u00fccreti pes dedirtti! Bir ev fiyat\u0131na konser veriyor!"},"content":{"rendered":"<p>Arabesk kad\u0131n \u015fark\u0131c\u0131lar aras\u0131nda y\u00fcksek bir ivme kazanan Derya Bedavac\u0131 \u00a0\u2018Kalbimi K\u0131r\u0131yorlar Anne\u2019 \u015fark\u0131s\u0131 ile ad\u0131ndan s\u00f6z ettirdi. \u00dcnl\u00fc \u015fark\u0131c\u0131n\u0131n konserleri dolup ta\u015farken ald\u0131\u011f\u0131 \u00fccret ise dudaklar\u0131 u\u00e7uklatt\u0131. \u015eark\u0131c\u0131 Derya Bedavac\u0131\u2019n\u0131n sahneye \u00e7\u0131kma \u00fccretinin 1 milyon 800 bin TL oldu\u011fu iddia edildi. Derya Bedavac\u0131\u2019n\u0131n ald\u0131\u011f\u0131 paray\u0131 duyanlar sosyal medyada \u201cYok art\u0131k\u201d dedirtti.<\/p>\n<h3>SAHNE \u00dcCRET\u0130 1 M\u0130LYON 800 B\u0130N TL<\/h3>\n<p>Arabesk alan\u0131nda ad\u0131n\u0131 duyuran ve Arabesk\u2019in yeni sesi olarak adland\u0131r\u0131lan Derya Bedavac\u0131, \u00e7\u0131kard\u0131\u011f\u0131 \u015fark\u0131larla geni\u015f bir dinleyici kitlesine sahip. Sesiyle ve \u015fark\u0131lar\u0131yla ad\u0131ndan s\u00f6z ettiren Derya Bedavac\u0131, verdi\u011fi konserlerle de seyircisinin kalbinde tahta oturdu. Bedavac\u0131\u2019n\u0131n verdi\u011fi her konser t\u0131kl\u0131m t\u0131kl\u0131m dolarken, sahne \u00fccreti olarak ald\u0131\u011f\u0131 fiyat duyanlar\u0131n duda\u011f\u0131n\u0131 u\u00e7uklatt\u0131. Gel Konu\u015fal\u0131m program\u0131nda konu\u015fmac\u0131 olarak yer alan gazeteci Mustafa \u00dcst\u00fcnda\u011f, \u00e7arp\u0131c\u0131 bir a\u00e7\u0131klamada bulundu. \u00a0\u201cDerya Bedavac\u0131, konser \u00fccretinin 1 milyon 800 bin TL\u201d ald\u0131\u011f\u0131n\u0131 s\u00f6yledi.<\/p>\n<p><img loading=\"lazy\" decoding=\"async\" class=\"alignnone wp-image-144153\" src=\"https:\/\/www.tgrthaber.com\/mavikadin\/wp-content\/uploads\/derya-bedavacinin-konser-ucreti-1-milyon-800-bin-tl-iddiasi-300x169.jpg\" alt=\"derya bedavac\u0131n\u0131n konser \u00fccreti 1 milyon 800 bin tl iddias\u0131\" width=\"1208\" height=\"680\" title=\"\" srcset=\"https:\/\/www.tgrthaber.com\/mavikadin\/wp-content\/uploads\/derya-bedavacinin-konser-ucreti-1-milyon-800-bin-tl-iddiasi-300x169.jpg 300w, https:\/\/www.tgrthaber.com\/mavikadin\/wp-content\/uploads\/derya-bedavacinin-konser-ucreti-1-milyon-800-bin-tl-iddiasi-1024x576.jpg 1024w, https:\/\/www.tgrthaber.com\/mavikadin\/wp-content\/uploads\/derya-bedavacinin-konser-ucreti-1-milyon-800-bin-tl-iddiasi-768x432.jpg 768w, https:\/\/www.tgrthaber.com\/mavikadin\/wp-content\/uploads\/derya-bedavacinin-konser-ucreti-1-milyon-800-bin-tl-iddiasi-1536x864.jpg 1536w, https:\/\/www.tgrthaber.com\/mavikadin\/wp-content\/uploads\/derya-bedavacinin-konser-ucreti-1-milyon-800-bin-tl-iddiasi.jpg 1920w\" sizes=\"(max-width: 1208px) 100vw, 1208px\" \/><\/p>\n<hr \/>\n<h3>B\u0130R EV F\u0130YATINA KONSER<\/h3>\n<p>Derya Bedavac\u0131\u2019n\u0131n konser \u00fccretinin 1 milyon 800 bin TL oldu\u011funun iddia edilmesi \u00fczerine sosyal medyada g\u00fcndem oldu. Sanat\u00e7\u0131n\u0131n ald\u0131\u011f\u0131 para g\u00f6renleri \u015fa\u015fk\u0131na \u00e7evirdi. Sosyal medya kullan\u0131c\u0131lar\u0131 Derya Bedavac\u0131\u2019n\u0131n ald\u0131\u011f\u0131 fiyat kar\u015f\u0131s\u0131nda ikiye b\u00f6l\u00fcnd\u00fc. Kullan\u0131c\u0131lar\u0131n yapt\u0131\u011f\u0131 yorumlar:<\/p>\n<p>\u201c Hi\u00e7te bedavac\u0131 de\u011filmi\u015f\u201d<\/p>\n<p>\u201c \u015ea\u015f\u0131ran kim tam olarak? G\u00fcl\u015fenler Ebru G\u00fcnde\u015fler 50 milyona \u00e7\u0131karken \u015fa\u015f\u0131ranlarla ayn\u0131 ki\u015filer mi?\u201d<\/p>\n<p>\u201c Yok art\u0131k\u201d<\/p>\n<p>\u201c Fazlas\u0131n\u0131 hak ediyor\u201d<\/p>\n<p>\u201c Soyad\u0131 ile z\u0131t bir \u00fccret\u201d<\/p>\n<p>\u201ckonserine kat\u0131lma \u015fans\u0131 bulmu\u015ftum bir ka\u00e7 ay \u00f6nce az bile daha fazlas\u0131n\u0131 hak ediyor.\u201d<\/p>\n","protected":false},"excerpt":{"rendered":"<p>Arabesk kad\u0131n \u015fark\u0131c\u0131lar aras\u0131nda y\u00fcksek bir ivme kazanan Derya Bedavac\u0131  \u2018Kalbimi K\u0131r\u0131yorlar Anne\u2019 \u015fark\u0131s\u0131 ile ad\u0131ndan s\u00f6z ettirdi. \u00dcnl\u00fc \u015fark\u0131c\u0131n\u0131n konserleri dolup ta\u015farken ald\u0131\u011f\u0131 \u00fccret ise dudaklar\u0131 u\u00e7uklatt\u0131. \u015eark\u0131c\u0131 Derya Bedavac\u0131\u2019n\u0131n sahneye \u00e7\u0131kma \u00fccretinin 1 milyon 800 bin TL oldu\u011fu iddia edildi. Derya Bedavac\u0131\u2019n\u0131n ald\u0131\u011f\u0131 paray\u0131 duyanlar sosyal medyada \u201cYok art\u0131k\u201d dedirtti. <\/p>\n","protected":false},"author":10,"featured_media":144154,"comment_status":"closed","ping_status":"closed","sticky":false,"template":"","format":"standard","meta":{"rank_math_lock_modified_date":false,"footnotes":""},"categories":[76],"tags":[13534,13533,133,2218],"class_list":["post-144152","post","type-post","status-publish","format-standard","has-post-thumbnail","hentry","category-magazin","tag-derya-bedavaci","tag-derya-bedavaci-konser","tag-magazin","tag-magazin-haberleri"],"_links":{"self":[{"href":"https:\/\/www.tgrthaber.com\/mavikadin\/wp-json\/wp\/v2\/posts\/144152"}],"collection":[{"href":"https:\/\/www.tgrthaber.com\/mavikadin\/wp-json\/wp\/v2\/posts"}],"about":[{"href":"https:\/\/www.tgrthaber.com\/mavikadin\/wp-json\/wp\/v2\/types\/post"}],"author":[{"embeddable":true,"href":"https:\/\/www.tgrthaber.com\/mavikadin\/wp-json\/wp\/v2\/users\/10"}],"replies":[{"embeddable":true,"href":"https:\/\/www.tgrthaber.com\/mavikadin\/wp-json\/wp\/v2\/comments?post=144152"}],"version-history":[{"count":1,"href":"https:\/\/www.tgrthaber.com\/mavikadin\/wp-json\/wp\/v2\/posts\/144152\/revisions"}],"predecessor-version":[{"id":144155,"href":"https:\/\/www.tgrthaber.com\/mavikadin\/wp-json\/wp\/v2\/posts\/144152\/revisions\/144155"}],"wp:featuredmedia":[{"embeddable":true,"href":"https:\/\/www.tgrthaber.com\/mavikadin\/wp-json\/wp\/v2\/media\/144154"}],"wp:attachment":[{"href":"https:\/\/www.tgrthaber.com\/mavikadin\/wp-json\/wp\/v2\/media?parent=144152"}],"wp:term":[{"taxonomy":"category","embeddable":true,"href":"https:\/\/www.tgrthaber.com\/mavikadin\/wp-json\/wp\/v2\/categories?post=144152"},{"taxonomy":"post_tag","embeddable":true,"href":"https:\/\/www.tgrthaber.com\/mavikadin\/wp-json\/wp\/v2\/tags?post=144152"}],"curies":[{"name":"wp","href":"https:\/\/api.w.org\/{rel}","templated":true}]}}