{"id":144169,"date":"2025-03-09T04:15:33","date_gmt":"2025-03-09T01:15:33","guid":{"rendered":"https:\/\/www.tgrthaber.com\/mavikadin\/?p=144169"},"modified":"2025-03-09T04:15:33","modified_gmt":"2025-03-09T01:15:33","slug":"o-ses-turkiyede-melike-sahin-diger-jurilere-meydan-okudu-benim-onumden-beni-bloklamak-icin-geciyor","status":"publish","type":"post","link":"https:\/\/www.tgrthaber.com\/mavikadin\/o-ses-turkiyede-melike-sahin-diger-jurilere-meydan-okudu-benim-onumden-beni-bloklamak-icin-geciyor\/","title":{"rendered":"O Ses T\u00fcrkiye\u2019de Melike \u015eahin di\u011fer j\u00fcrilere meydan okudu! &#8220;Benim \u00f6n\u00fcmden beni bloklamak i\u00e7in ge\u00e7iyor!&#8221;"},"content":{"rendered":"<p>O Ses T\u00fcrkiye 8 Mart Cumartesi ak\u015fam\u0131 ekrana gelen yeni b\u00f6l\u00fcm\u00fcnde Melike \u015eahin ve j\u00fcri \u00fcyeleri aras\u0131nda tatl\u0131 bir rekabet ya\u015fand\u0131. \u00dcnl\u00fc \u015fark\u0131c\u0131 Melike \u015eahin, sesini \u00e7ok be\u011fendi\u011fi yar\u0131\u015fmac\u0131 Bu\u011frahan \u00c7ay\u0131r\u2019\u0131 tak\u0131m\u0131na alabilmek ad\u0131na di\u011fer 3 j\u00fcri \u00fcyesiyle k\u0131yas\u0131ya rekabete girdi. Beyaz\u0131t \u00d6zt\u00fcrk &#8220;Benim \u00f6n\u00fcmden beni bloklamak i\u00e7in ge\u00e7iyor!&#8221; s\u00f6z\u00fcyle Melike \u015eahin\u2019i bloklamas\u0131 ise geceye damga vurdu.<\/p>\n<h3>BEYAZ&#8217;IN MEL\u0130KE \u015eAH\u0130N&#8217;E \u015eAKASI<\/h3>\n<p>O Ses T\u00fcrkiye 2025 program\u0131nda birbirinden iddialar\u0131 seslerin yan\u0131 s\u0131ra j\u00fcri \u00fcyelerinin kendi aralar\u0131nda \u015fakala\u015fmalar\u0131 da geceye damgas\u0131n\u0131 vurdu. \u015eark\u0131s\u0131n\u0131 seslendirmek i\u00e7in sahneye \u00e7\u0131kan Bu\u011frahan \u00c7ay\u0131r, performans\u0131yla 4 j\u00fcri \u00fcyesini de kendisine d\u00f6nd\u00fcrmeyi ba\u015fard\u0131. Beyaz\u0131t \u00d6zt\u00fcrk ve Melike \u015eahin, Bu\u011frahan \u00c7ay\u0131r kendi tak\u0131mlar\u0131na almak i\u00e7in tatl\u0131 bir rekabete girdi. Melike \u015eahin, \u201c Senin gibi bir yar\u0131\u015fmac\u0131yla \u00e7al\u0131\u015fmak isterim. Bu vizyonda bu kalite de bir sesi tak\u0131m\u0131mda olsun \u00e7ok isterim. Muhtemelen bana do\u011fru de\u011fildir senin ibrelerin.\u201d<\/p>\n<p>Beyaz\u0131t \u00d6zt\u00fcrk\u2019\u00fcn yar\u0131\u015fmac\u0131ya do\u011fru yapt\u0131\u011f\u0131 ka\u015f g\u00f6z oynatmalar\u0131n\u0131 g\u00f6ren Melike \u015eahin, \u00d6zt\u00fcrk\u2019\u00fcn \u00f6n\u00fcne ge\u00e7ip yar\u0131\u015fmac\u0131yla olan g\u00f6z ileti\u015fimini keser. \u00d6zt\u00fcrk, Melike \u015eahin\u2019in bu hamlesine kar\u015f\u0131l\u0131k \u201c Bu\u011frahan bana d\u00f6nd\u00fc ben zaten onu se\u00e7mem yapt\u0131\u201d diyerek cevap verdi. \u015eahin\u2019in \u015fa\u015f\u0131rmas\u0131 \u00fczerine Beyaz\u0131t \u00d6zt\u00fcrk \u201c \u015eaka yapt\u0131m\u201d diyerek g\u00fcld\u00fc.<\/p>\n<div style=\"width: 640px;\" class=\"wp-video\"><!--[if lt IE 9]><script>document.createElement('video');<\/script><![endif]-->\n<video class=\"wp-video-shortcode\" id=\"video-144169-1\" width=\"640\" height=\"360\" preload=\"metadata\" controls=\"controls\"><source type=\"video\/mp4\" src=\"https:\/\/www.tgrthaber.com\/mavikadin\/wp-content\/uploads\/o-ses-turkiye-e8-mart-2025-Beyazit-Ozturk-Melike-Sahini-blokladi.mp4?_=1\" \/><a href=\"https:\/\/www.tgrthaber.com\/mavikadin\/wp-content\/uploads\/o-ses-turkiye-e8-mart-2025-Beyazit-Ozturk-Melike-Sahini-blokladi.mp4\">https:\/\/www.tgrthaber.com\/mavikadin\/wp-content\/uploads\/o-ses-turkiye-e8-mart-2025-Beyazit-Ozturk-Melike-Sahini-blokladi.mp4<\/a><\/video><\/div>\n<hr \/>\n<h3>MEL\u0130KE \u015eAH\u0130N BEYAZIT\u2019A BLOKLADI MI?<\/h3>\n<p>Yar\u0131\u015fmac\u0131 Bu\u011frahan \u00c7ay\u0131r\u2019\u0131 tak\u0131mlar\u0131na se\u00e7ebilmek i\u00e7in Melike \u015eahin ve Beyaz\u0131t \u00d6zt\u00fcrk bir kez daha at\u0131\u015fmaya ba\u015flad\u0131. Beyaz\u0131t \u00d6zt\u00fcrk \u201cTam benliksin\u201d diyerek yar\u0131\u015fmac\u0131 Bu\u011frahan \u00c7ay\u0131r\u2019\u0131 kendi tak\u0131m\u0131na almaya \u00e7al\u0131\u015ft\u0131. Melike \u015eahin, \u201caaaa blok vard\u0131\u201d s\u00f6zleri \u00fczerine Beyaz\u0131t \u00d6zt\u00fcrk, &#8220;Benim \u00f6n\u00fcmden beni bloklamak i\u00e7in ge\u00e7iyor!\u201d s\u00f6zleriyle \u015fakala\u015ft\u0131. Bunun \u00fczerine Beyaz\u0131t \u00d6zt\u00fcrk, Melike \u015eahin\u2019i blokland\u0131. Yar\u0131\u015fmadaki o anlar hem seyircileri hem de ekran ba\u015f\u0131ndakileri g\u00fcld\u00fcrd\u00fc.<\/p>\n","protected":false},"excerpt":{"rendered":"<p>O Ses T\u00fcrkiye 8 Mart Cumartesi ak\u015fam\u0131 ekrana gelen b\u00f6l\u00fcmde Melike \u015eahin ve j\u00fcri \u00fcyeleri aras\u0131nda tatl\u0131 bir rekabet ya\u015fand\u0131. \u00dcnl\u00fc \u015fark\u0131c\u0131 Melike \u015eahin, sesini \u00e7ok be\u011fendi\u011fi yar\u0131\u015fmac\u0131 Bu\u011frahan \u00c7ay\u0131r\u2019\u0131 tak\u0131m\u0131na alabilmek ad\u0131na di\u011fer 3 j\u00fcri \u00fcyesi k\u0131yas\u0131ya rekabete girdi. Beyaz\u0131t \u00d6zt\u00fcrk &#8220;Benim \u00f6n\u00fcmden beni bloklamak i\u00e7in ge\u00e7iyor!&#8221; s\u00f6z\u00fcyle Melike \u015eahin\u2019e tak\u0131ld\u0131<\/p>\n","protected":false},"author":10,"featured_media":144171,"comment_status":"closed","ping_status":"closed","sticky":false,"template":"","format":"standard","meta":{"rank_math_lock_modified_date":false,"footnotes":""},"categories":[76],"tags":[133,2218,2378,6532],"class_list":["post-144169","post","type-post","status-publish","format-standard","has-post-thumbnail","hentry","category-magazin","tag-magazin","tag-magazin-haberleri","tag-o-ses-turkiye","tag-o-ses-turkiye-2025"],"_links":{"self":[{"href":"https:\/\/www.tgrthaber.com\/mavikadin\/wp-json\/wp\/v2\/posts\/144169"}],"collection":[{"href":"https:\/\/www.tgrthaber.com\/mavikadin\/wp-json\/wp\/v2\/posts"}],"about":[{"href":"https:\/\/www.tgrthaber.com\/mavikadin\/wp-json\/wp\/v2\/types\/post"}],"author":[{"embeddable":true,"href":"https:\/\/www.tgrthaber.com\/mavikadin\/wp-json\/wp\/v2\/users\/10"}],"replies":[{"embeddable":true,"href":"https:\/\/www.tgrthaber.com\/mavikadin\/wp-json\/wp\/v2\/comments?post=144169"}],"version-history":[{"count":1,"href":"https:\/\/www.tgrthaber.com\/mavikadin\/wp-json\/wp\/v2\/posts\/144169\/revisions"}],"predecessor-version":[{"id":144172,"href":"https:\/\/www.tgrthaber.com\/mavikadin\/wp-json\/wp\/v2\/posts\/144169\/revisions\/144172"}],"wp:featuredmedia":[{"embeddable":true,"href":"https:\/\/www.tgrthaber.com\/mavikadin\/wp-json\/wp\/v2\/media\/144171"}],"wp:attachment":[{"href":"https:\/\/www.tgrthaber.com\/mavikadin\/wp-json\/wp\/v2\/media?parent=144169"}],"wp:term":[{"taxonomy":"category","embeddable":true,"href":"https:\/\/www.tgrthaber.com\/mavikadin\/wp-json\/wp\/v2\/categories?post=144169"},{"taxonomy":"post_tag","embeddable":true,"href":"https:\/\/www.tgrthaber.com\/mavikadin\/wp-json\/wp\/v2\/tags?post=144169"}],"curies":[{"name":"wp","href":"https:\/\/api.w.org\/{rel}","templated":true}]}}