{"id":144209,"date":"2025-03-09T10:26:34","date_gmt":"2025-03-09T07:26:34","guid":{"rendered":"https:\/\/www.tgrthaber.com\/mavikadin\/?p=144209"},"modified":"2025-03-09T10:32:00","modified_gmt":"2025-03-09T07:32:00","slug":"esref-ruya-ile-ekranlara-geri-donen-demet-ozdemirin-carsamba-totemi-hayranlarinin-gozunden-kacmadi","status":"publish","type":"post","link":"https:\/\/www.tgrthaber.com\/mavikadin\/esref-ruya-ile-ekranlara-geri-donen-demet-ozdemirin-carsamba-totemi-hayranlarinin-gozunden-kacmadi\/","title":{"rendered":"E\u015fref R\u00fcya ile ekranlara geri d\u00f6nen Demet \u00d6zdemir\u2019in \u00c7ar\u015famba totemi! Hayranlar\u0131n\u0131n g\u00f6z\u00fcnden ka\u00e7mad\u0131"},"content":{"rendered":"<p class=\"p1\">\u00dcnl\u00fc oyuncu Demet \u00d6zdemir, yeni projesi E\u015fref R\u00fcya ile ekranlara geri d\u00f6nmeye haz\u0131rlan\u0131yor. Ancak hayranlar\u0131n\u0131n g\u00f6z\u00fcnden ka\u00e7mayan bir detay var. Demet \u00d6zdemir\u2019in \u00f6nceki dizilerinin \u00e7o\u011fu \u00c7ar\u015famba g\u00fcn\u00fc yay\u0131nlanm\u0131\u015ft\u0131 ve yeni dizisi de ayn\u0131 g\u00fcn ekrana gelecek. Sosyal medyada bu durum hayranlar\u0131n\u0131n g\u00f6z\u00fcnden ka\u00e7mad\u0131. \u2018Demet \u00d6zdemir\u2019in \u00c7ar\u015famba totemi mi var?\u2019 yorumlar\u0131 sosyal medyada g\u00fcndem oldu.<\/p>\n<h3>DEMET \u00d6ZDEM\u0130R&#8217;\u0130N \u00c7AR\u015eAMBA TOTEM\u0130!<\/h3>\n<p class=\"p1\">Ba\u015far\u0131l\u0131 oyuncu, bug\u00fcne kadar \u00c7ilek Kokusu, Do\u011fdu\u011fun Ev Kaderindir, Ad\u0131m Farah gibi pek \u00e7ok projede yer ald\u0131. \u0130lgin\u00e7 bir \u015fekilde bu dizilerin neredeyse hepsi \u00c7ar\u015famba ak\u015famlar\u0131 yay\u0131nlanm\u0131\u015ft\u0131. \u015eimdi ise E\u015fref R\u00fcya dizisinin de \u00c7ar\u015famba g\u00fcn\u00fc ekrana gelece\u011fi a\u00e7\u0131klan\u0131nca, sosyal medyada bu durum b\u00fcy\u00fck yank\u0131 uyand\u0131rd\u0131.<\/p>\n<div style=\"width: 640px;\" class=\"wp-video\"><!--[if lt IE 9]><script>document.createElement('video');<\/script><![endif]-->\n<video class=\"wp-video-shortcode\" id=\"video-144209-1\" width=\"640\" height=\"640\" preload=\"metadata\" controls=\"controls\"><source type=\"video\/mp4\" src=\"https:\/\/www.tgrthaber.com\/mavikadin\/wp-content\/uploads\/Ahahahs-Carsamba-kadinHatta-Demet-Carsamba-gunu-dogduuu.mp4?_=1\" \/><a href=\"https:\/\/www.tgrthaber.com\/mavikadin\/wp-content\/uploads\/Ahahahs-Carsamba-kadinHatta-Demet-Carsamba-gunu-dogduuu.mp4\">https:\/\/www.tgrthaber.com\/mavikadin\/wp-content\/uploads\/Ahahahs-Carsamba-kadinHatta-Demet-Carsamba-gunu-dogduuu.mp4<\/a><\/video><\/div>\n<h3 class=\"p1\">SOSYAL MEDYADA \u00c7AR\u015eAMBA KADINI YORUMLARI YAPILDI!<\/h3>\n<p class=\"p1\">Demet \u00d6zdemir\u2019in yeni dizisinin de ayn\u0131 g\u00fcn yay\u0131nlanaca\u011f\u0131n\u0131 g\u00f6ren hayranlar\u0131, sosyal medyada \u201c\u00c7ar\u015famba g\u00fcn\u00fc Demet \u00d6zdemir\u2019i ar\u0131yorsan\u0131z bekleyin!\u201d \u015feklinde yorumlar yapmaya ba\u015flad\u0131. \u201c\u00c7ar\u015famba Kad\u0131n\u0131\u201d olarak adland\u0131r\u0131lan \u00fcnl\u00fc oyuncunun, kariyerinde bu g\u00fcn\u00fcn ayr\u0131 bir yeri oldu\u011fu d\u00fc\u015f\u00fcn\u00fcl\u00fcyor.<\/p>\n<p><img loading=\"lazy\" decoding=\"async\" class=\"alignnone wp-image-144216 \" src=\"https:\/\/www.tgrthaber.com\/mavikadin\/wp-content\/uploads\/Ekran-Resmi-2025-03-09-10.20.30.png\" alt=\"\" width=\"978\" height=\"559\" title=\"\" srcset=\"https:\/\/www.tgrthaber.com\/mavikadin\/wp-content\/uploads\/Ekran-Resmi-2025-03-09-10.20.30.png 948w, https:\/\/www.tgrthaber.com\/mavikadin\/wp-content\/uploads\/Ekran-Resmi-2025-03-09-10.20.30-300x172.png 300w, https:\/\/www.tgrthaber.com\/mavikadin\/wp-content\/uploads\/Ekran-Resmi-2025-03-09-10.20.30-768x439.png 768w\" sizes=\"(max-width: 978px) 100vw, 978px\" \/><\/p>\n<hr \/>\n<h3 class=\"p1\">DEMET \u00d6ZDEM\u0130R&#8217;\u0130N YEN\u0130 D\u0130Z\u0130S\u0130 E\u015eREF R\u00dcYA \u00c7AR\u015eAMBA G\u00dcNLER\u0130 EKRANA GELECEK<\/h3>\n<p class=\"p1\">E\u015fref R\u00fcya\u2019n\u0131n yay\u0131n tarihi a\u00e7\u0131kland\u0131ktan sonra, hayranlar Demet \u00d6zdemir i\u00e7in \u00c7ar\u015famba g\u00fcn\u00fcn\u00fcn adeta bir totem haline geldi\u011fini belirtti. Sosyal medya kullan\u0131c\u0131lar\u0131, \u201cYeni bir Demet \u00d6zdemir dizisi mi geliyor? Hemen \u00c7ar\u015famba g\u00fcn\u00fcne bak\u0131n\u201d \u015feklinde esprili yorumlar yaparak, oyuncunun bu u\u011furlu g\u00fcnle olan ba\u011flant\u0131s\u0131n\u0131 vurgulad\u0131. Demet \u00d6zdemir\u2019in yeni dizisi E\u015fref R\u00fcya, \u00c7ar\u015famba ak\u015famlar\u0131 izleyicilerle bulu\u015fmaya haz\u0131rlan\u0131yor.<\/p>\n<p><img loading=\"lazy\" decoding=\"async\" class=\"alignnone wp-image-144218 \" src=\"https:\/\/www.tgrthaber.com\/mavikadin\/wp-content\/uploads\/Ekran-Resmi-2025-03-09-10.20.35.png\" alt=\"\" width=\"972\" height=\"564\" title=\"\" srcset=\"https:\/\/www.tgrthaber.com\/mavikadin\/wp-content\/uploads\/Ekran-Resmi-2025-03-09-10.20.35.png 938w, https:\/\/www.tgrthaber.com\/mavikadin\/wp-content\/uploads\/Ekran-Resmi-2025-03-09-10.20.35-300x174.png 300w, https:\/\/www.tgrthaber.com\/mavikadin\/wp-content\/uploads\/Ekran-Resmi-2025-03-09-10.20.35-768x445.png 768w\" sizes=\"(max-width: 972px) 100vw, 972px\" \/><\/p>\n<hr \/>\n<h3>DEMET \u00d6ZDEM\u0130R K\u0130MD\u0130R?<\/h3>\n<p class=\"p1\">Ba\u015far\u0131l\u0131 oyuncu Demet \u00d6zdemir, 26 \u015eubat 1992\u2019de Kocaeli\u2019de d\u00fcnyaya geldi. \u00dc\u00e7 \u00e7ocuklu bir ailenin en k\u00fc\u00e7\u00fc\u011f\u00fc olarak b\u00fcy\u00fcyen \u00d6zdemir\u2019in anneannesi Bulgaristan g\u00f6\u00e7menidir. Annesi ve babas\u0131 ayr\u0131ld\u0131ktan sonra, \u0130stanbul\u2019a ta\u015f\u0131narak e\u011fitimine burada devam etti. Oyunculuk kariyerine ad\u0131m atmadan \u00f6nce dans e\u011fitimi alan \u00d6zdemir, \u00fcnl\u00fc \u015fark\u0131c\u0131 Beng\u00fc\u2019n\u00fcn dans\u00e7\u0131 ekibinde yer ald\u0131 ve ard\u0131ndan Efes K\u0131zlar\u0131 kadrosunda performans sergiledi. 2011-2013 y\u0131llar\u0131 aras\u0131nda Studio Oyuncular\u0131\u2019nda iki y\u0131l s\u00fcren oyunculuk e\u011fitimi ald\u0131.<\/p>\n<p><img loading=\"lazy\" decoding=\"async\" class=\"alignnone wp-image-144221 \" src=\"https:\/\/www.tgrthaber.com\/mavikadin\/wp-content\/uploads\/Ekran-Resmi-2025-03-09-10.21.52.png\" alt=\"\" width=\"977\" height=\"575\" title=\"\" srcset=\"https:\/\/www.tgrthaber.com\/mavikadin\/wp-content\/uploads\/Ekran-Resmi-2025-03-09-10.21.52.png 948w, https:\/\/www.tgrthaber.com\/mavikadin\/wp-content\/uploads\/Ekran-Resmi-2025-03-09-10.21.52-300x177.png 300w, https:\/\/www.tgrthaber.com\/mavikadin\/wp-content\/uploads\/Ekran-Resmi-2025-03-09-10.21.52-768x452.png 768w\" sizes=\"(max-width: 977px) 100vw, 977px\" \/><\/p>\n<hr \/>\n<p class=\"p1\">\u0130lk televizyon deneyimi, 2013 y\u0131l\u0131nda FOX TV\u2019de yay\u0131mlanan Sana Bir S\u0131r Verece\u011fim dizisinde Aylin karakteriyle oldu. Ard\u0131ndan Kurt Seyit ve \u015eura dizisinde Alya karakterini oynad\u0131. 2015 y\u0131l\u0131nda \u00c7ilek Kokusu dizisinde ba\u015frol oynayarak b\u00fcy\u00fck \u00e7\u0131k\u0131\u015f yakalad\u0131. 2016 y\u0131l\u0131nda No:309, 2018 y\u0131l\u0131nda ise Erkenci Ku\u015f dizileriyle ekranlarda yer ald\u0131. Erkenci Ku\u015f dizisindeki performans\u0131yla Murex D\u2019or \u00d6d\u00fclleri\u2019nde En \u0130yi Kad\u0131n Oyuncu \u00d6d\u00fcl\u00fc\u2019n\u00fc kazand\u0131. Son olarak Do\u011fdu\u011fun Ev Kaderindir, Ad\u0131m Farah gibi projelerde rol alan \u00d6zdemir,\u00a0 kariyerine h\u0131z kesmeden devam ediyor.<\/p>\n","protected":false},"excerpt":{"rendered":"<p>Ba\u015far\u0131l\u0131 oyuncu Demet \u00d6zdemir, yeni dizisi E\u015fref R\u00fcya ile ekranlara d\u00f6nmeye haz\u0131rlan\u0131rken ilgin\u00e7 bir detay hayranlar\u0131n\u0131n dikkatini \u00e7ekti. Daha \u00f6nce rol ald\u0131\u011f\u0131 dizilerin \u00e7o\u011fu \u00c7ar\u015famba g\u00fcn\u00fc yay\u0131nlanm\u0131\u015ft\u0131 ve yeni projesi de ayn\u0131 g\u00fcn ekrana gelecek. \u201cDemet \u00d6zdemir\u2019in \u00c7ar\u015famba totemi mi var?\u201d yorumlar\u0131 sosyal medyada g\u00fcndem oldu.<\/p>\n","protected":false},"author":16,"featured_media":144230,"comment_status":"closed","ping_status":"closed","sticky":false,"template":"","format":"standard","meta":{"rank_math_lock_modified_date":false,"footnotes":""},"categories":[76],"tags":[13547,10511,13548],"class_list":["post-144209","post","type-post","status-publish","format-standard","has-post-thumbnail","hentry","category-magazin","tag-demet-ozdemir-carsamba-totemi","tag-demet-ozdemir-esref-ruya","tag-demet-ozdemir-yeni-dizi-carsamba"],"_links":{"self":[{"href":"https:\/\/www.tgrthaber.com\/mavikadin\/wp-json\/wp\/v2\/posts\/144209"}],"collection":[{"href":"https:\/\/www.tgrthaber.com\/mavikadin\/wp-json\/wp\/v2\/posts"}],"about":[{"href":"https:\/\/www.tgrthaber.com\/mavikadin\/wp-json\/wp\/v2\/types\/post"}],"author":[{"embeddable":true,"href":"https:\/\/www.tgrthaber.com\/mavikadin\/wp-json\/wp\/v2\/users\/16"}],"replies":[{"embeddable":true,"href":"https:\/\/www.tgrthaber.com\/mavikadin\/wp-json\/wp\/v2\/comments?post=144209"}],"version-history":[{"count":2,"href":"https:\/\/www.tgrthaber.com\/mavikadin\/wp-json\/wp\/v2\/posts\/144209\/revisions"}],"predecessor-version":[{"id":144234,"href":"https:\/\/www.tgrthaber.com\/mavikadin\/wp-json\/wp\/v2\/posts\/144209\/revisions\/144234"}],"wp:featuredmedia":[{"embeddable":true,"href":"https:\/\/www.tgrthaber.com\/mavikadin\/wp-json\/wp\/v2\/media\/144230"}],"wp:attachment":[{"href":"https:\/\/www.tgrthaber.com\/mavikadin\/wp-json\/wp\/v2\/media?parent=144209"}],"wp:term":[{"taxonomy":"category","embeddable":true,"href":"https:\/\/www.tgrthaber.com\/mavikadin\/wp-json\/wp\/v2\/categories?post=144209"},{"taxonomy":"post_tag","embeddable":true,"href":"https:\/\/www.tgrthaber.com\/mavikadin\/wp-json\/wp\/v2\/tags?post=144209"}],"curies":[{"name":"wp","href":"https:\/\/api.w.org\/{rel}","templated":true}]}}