{"id":144251,"date":"2025-03-09T11:26:49","date_gmt":"2025-03-09T08:26:49","guid":{"rendered":"https:\/\/www.tgrthaber.com\/mavikadin\/?p=144251"},"modified":"2025-03-09T11:26:49","modified_gmt":"2025-03-09T08:26:49","slug":"kuzey-kore-lideri-kim-jong-unun-kiz-kardesi-kim-yo-jong-kimdir-ulkedeki-asil-gorevi-nedir","status":"publish","type":"post","link":"https:\/\/www.tgrthaber.com\/mavikadin\/kuzey-kore-lideri-kim-jong-unun-kiz-kardesi-kim-yo-jong-kimdir-ulkedeki-asil-gorevi-nedir\/","title":{"rendered":"Kuzey Kore lideri Kim Jong-Un\u2019un k\u0131z karde\u015fi Kim Yo-Jong kimdir? \u00dclkedeki as\u0131l g\u00f6revi nedir?"},"content":{"rendered":"<p>Kuzey Kore h\u00fck\u00fcmetindeki rol\u00fc 2018 y\u0131l\u0131ndan beri art\u0131\u015f g\u00f6steren Kim Yo-Jong\u2019un Kuzey Kore\u2019nin en tehlikeli kad\u0131n\u0131 oldu\u011fu s\u00f6yleniyor. Kuzey Kore\u2019deki siyasi yetkisiyle tan\u0131nan ve yapt\u0131\u011f\u0131 iddial\u0131 a\u00e7\u0131klamalarla g\u00fcndem olan Kim Yo-Jong\u2019un kim oldu\u011fu merak ediliyor. Peki, Kuzey Kore lideri Kim Jong-Un\u2019un k\u0131z karde\u015fi Kim Yo-Jong kimdir? \u00dclkedeki as\u0131l g\u00f6revi nedir? Kim Yo-Jong hakk\u0131nda merak edilenleri sizin i\u00e7in ara\u015ft\u0131rd\u0131k. \u0130\u015fte Kim Yo-Jong hakk\u0131nda bilinmeyenler\u2026<\/p>\n<h3>K\u0130M YO-JONG K\u0130MD\u0130R?<\/h3>\n<p>Kim Yo-Jong, 26 Eyl\u00fcl 1987 tarihinde Pyongyang\u2019da d\u00fcnyaya geldi. Kim Yo-Jong, Kuzey Koreli politikac\u0131 ve diplomat lider Kim Jong Un\u2019un k\u0131z karde\u015fidir. Kim Yo-Jong, Kore \u0130\u015f\u00e7i Partisi\u2019nin (WPK) Tan\u0131t\u0131m ve Enformasyon Departman\u0131n\u0131n M\u00fcd\u00fcr Yard\u0131mc\u0131s\u0131d\u0131r. Ayn\u0131 zamanda Kim Yo-Jong, Eyl\u00fcl 2021\u2019den beri Kuzey Kore Devlet \u0130\u015fleri Komisyonu \u00fcyesidir.<\/p>\n<p><img loading=\"lazy\" decoding=\"async\" class=\"alignnone wp-image-144252\" src=\"https:\/\/www.tgrthaber.com\/mavikadin\/wp-content\/uploads\/Kim-Yo-Jong-6-1024x576.jpg\" alt=\"Kuzey Kore lideri Kim Jong-Un\u2019un k\u0131z karde\u015fi Kim Yo-Jong kimdir? \" width=\"1208\" height=\"680\" title=\"\" srcset=\"https:\/\/www.tgrthaber.com\/mavikadin\/wp-content\/uploads\/Kim-Yo-Jong-6-1024x576.jpg 1024w, https:\/\/www.tgrthaber.com\/mavikadin\/wp-content\/uploads\/Kim-Yo-Jong-6-300x169.jpg 300w, https:\/\/www.tgrthaber.com\/mavikadin\/wp-content\/uploads\/Kim-Yo-Jong-6-768x432.jpg 768w, https:\/\/www.tgrthaber.com\/mavikadin\/wp-content\/uploads\/Kim-Yo-Jong-6-1536x864.jpg 1536w, https:\/\/www.tgrthaber.com\/mavikadin\/wp-content\/uploads\/Kim-Yo-Jong-6.jpg 1600w\" sizes=\"(max-width: 1208px) 100vw, 1208px\" \/><\/p>\n<hr \/>\n<p>Kim Yo-Jong, 1996 ve 200 tarihleri aras\u0131nda \u0130svi\u00e7re\u2019nin Bern kentindeki Liebefeld-Steinh\u00f6lzli devlet okulunda a\u011fabeyleriyle birlikte \u201cPak Mi-hyang\u201d takma ad\u0131yla e\u011fitim g\u00f6rd\u00fc. E\u011fitim g\u00f6rd\u00fc\u011f\u00fc s\u00fcre zarf\u0131nda karde\u015fi ve e\u011fabeyi ile s\u0131k\u0131 ili\u015fkiler kuran Kim Yo-Jong, Pyongyang&#8217;a d\u00f6nd\u00fckten sonra Kim II Sung \u00dcniversitesi\u2019nde bilgisayar bilimi alan\u0131nda lisans e\u011fitimini tamamlad\u0131.<\/p>\n<p>Kim Yo-Jong, Kuzey Kore h\u00fck\u00fcmetindeki rol\u00fc ve siyasi yetkisiyle \u00f6n plana \u00e7\u0131kan bir ki\u015fili\u011fe sahiptir. 2017-2019 y\u0131llar\u0131 aras\u0131nda ve daha sonra 2020-2021 y\u0131llar\u0131 aras\u0131nda Kore \u0130\u015f\u00e7i Partisi Politb\u00fcrosu\u2019nun yedek \u00fcyesi olarak g\u00f6rev yapm\u0131\u015ft\u0131r. Kim Yo-Jong, Kuzey Kore\u2019nin ikinci b\u00fcy\u00fck lideri Kim Jong II\u2019in en k\u00fc\u00e7\u00fck \u00e7ocu\u011fu ve \u015fu anki b\u00fcy\u00fck lider ve WPK genel sekreteri olan Kim Jong Un\u2019un k\u00fc\u00e7\u00fck k\u0131z karde\u015fidir.<\/p>\n<p><img loading=\"lazy\" decoding=\"async\" class=\"alignnone wp-image-144253\" src=\"https:\/\/www.tgrthaber.com\/mavikadin\/wp-content\/uploads\/Kim-Yo-Jong-5-1024x576.jpg\" alt=\"Kuzey Kore lideri Kim Jong-Un\u2019un k\u0131z karde\u015fi Kim Yo-Jong kimdir? \" width=\"1208\" height=\"680\" title=\"\" srcset=\"https:\/\/www.tgrthaber.com\/mavikadin\/wp-content\/uploads\/Kim-Yo-Jong-5-1024x576.jpg 1024w, https:\/\/www.tgrthaber.com\/mavikadin\/wp-content\/uploads\/Kim-Yo-Jong-5-300x169.jpg 300w, https:\/\/www.tgrthaber.com\/mavikadin\/wp-content\/uploads\/Kim-Yo-Jong-5-768x432.jpg 768w, https:\/\/www.tgrthaber.com\/mavikadin\/wp-content\/uploads\/Kim-Yo-Jong-5-1536x864.jpg 1536w, https:\/\/www.tgrthaber.com\/mavikadin\/wp-content\/uploads\/Kim-Yo-Jong-5.jpg 1600w\" sizes=\"(max-width: 1208px) 100vw, 1208px\" \/><\/p>\n<hr \/>\n<h3>K\u0130M YO-JONG S\u0130YAS\u0130 KAR\u0130YER\u0130NE NASIL BA\u015eLADI?<\/h3>\n<p>Kim Yo-Jong, siyasi alandaki ba\u015far\u0131s\u0131na 2007 y\u0131l\u0131nda Kore \u0130\u015f\u00e7i Partisi\u2019nde gen\u00e7 bir kadroya atanarak ba\u015flad\u0131. Daha sonra babas\u0131n\u0131n yan\u0131nda bir\u00e7ok departmanda \u00e7al\u0131\u015fan Kim Yo-Jong, babas\u0131n\u0131n ki\u015fisel sekreterli\u011fini yapt\u0131. Kim Yo-Jong, resmi olarak ilk kez Mart 2014 y\u0131l\u0131nda Y\u00fcksek Halk Meclisi\u2019nde oylamada karde\u015fine e\u015flik etti\u011finde devlet medyas\u0131nda yer ald\u0131. WPK Merkez Komitesi\u2019nin \u201cK\u0131demli yetkilisi\u201d olarak adland\u0131r\u0131ld\u0131.<\/p>\n<p><img loading=\"lazy\" decoding=\"async\" class=\"alignnone wp-image-144256\" src=\"https:\/\/www.tgrthaber.com\/mavikadin\/wp-content\/uploads\/Kim-Yo-Jong-4-1024x576.jpg\" alt=\"Kuzey Kore lideri Kim Jong-Un\u2019un k\u0131z karde\u015fi Kim Yo-Jong kimdir? \" width=\"1208\" height=\"680\" title=\"\" srcset=\"https:\/\/www.tgrthaber.com\/mavikadin\/wp-content\/uploads\/Kim-Yo-Jong-4-1024x576.jpg 1024w, https:\/\/www.tgrthaber.com\/mavikadin\/wp-content\/uploads\/Kim-Yo-Jong-4-300x169.jpg 300w, https:\/\/www.tgrthaber.com\/mavikadin\/wp-content\/uploads\/Kim-Yo-Jong-4-768x432.jpg 768w, https:\/\/www.tgrthaber.com\/mavikadin\/wp-content\/uploads\/Kim-Yo-Jong-4-1536x864.jpg 1536w, https:\/\/www.tgrthaber.com\/mavikadin\/wp-content\/uploads\/Kim-Yo-Jong-4.jpg 1600w\" sizes=\"(max-width: 1208px) 100vw, 1208px\" \/><\/p>\n<hr \/>\n<p>Kim Yo-Jong, 2014 y\u0131l\u0131nda tedavi g\u00f6ren karde\u015finin yerine devlet g\u00f6revlerini \u00fcstlendi. Daha sonra partinin Propaganda ve Ajitasyon Departman\u0131\u2019n\u0131n Birinci M\u00fcd\u00fcr Yard\u0131mc\u0131 olarak g\u00f6rev yapt\u0131. Kim Yo-Jong, 2017 y\u0131l\u0131nda Politb\u00fcro\u2019nun yedek \u00fcyesi yap\u0131ld\u0131 ve bu karar organ\u0131na atanan ikinci kad\u0131n oldu. Kim Yo-Jong, daha sonra Kim Jong\u2019un \u00f6zel temsilcili\u011fini ve sekreterli\u011fini yapt\u0131. Kim Yo-Jong\u2019un 2018 y\u0131l\u0131ndan bu yana Kuzey Kore h\u00fck\u00fcmetindeki rol\u00fc art\u0131\u015f g\u00f6stermektedir. Kim Yo-Jong, 2018 y\u0131l\u0131ndan bu yana bir\u00e7ok alanda siyasi ba\u015far\u0131 elde etmi\u015f ve hala siyasi ba\u015far\u0131lar\u0131n\u0131 devam ettirmektedir.<\/p>\n<h3>K\u0130M YO-JONG\u2019UN \u00dcLKEDEK\u0130 ASIL G\u00d6REV\u0130 NED\u0130R?<\/h3>\n<p><img loading=\"lazy\" decoding=\"async\" class=\"alignnone wp-image-144257\" src=\"https:\/\/www.tgrthaber.com\/mavikadin\/wp-content\/uploads\/Kim-Yo-Jong-3-1024x576.jpg\" alt=\"Kuzey Kore lideri Kim Jong-Un\u2019un k\u0131z karde\u015fi Kim Yo-Jong kimdir? \" width=\"1208\" height=\"680\" title=\"\" srcset=\"https:\/\/www.tgrthaber.com\/mavikadin\/wp-content\/uploads\/Kim-Yo-Jong-3-1024x576.jpg 1024w, https:\/\/www.tgrthaber.com\/mavikadin\/wp-content\/uploads\/Kim-Yo-Jong-3-300x169.jpg 300w, https:\/\/www.tgrthaber.com\/mavikadin\/wp-content\/uploads\/Kim-Yo-Jong-3-768x432.jpg 768w, https:\/\/www.tgrthaber.com\/mavikadin\/wp-content\/uploads\/Kim-Yo-Jong-3-1536x864.jpg 1536w, https:\/\/www.tgrthaber.com\/mavikadin\/wp-content\/uploads\/Kim-Yo-Jong-3.jpg 1600w\" sizes=\"(max-width: 1208px) 100vw, 1208px\" \/><\/p>\n<hr \/>\n<p>Kim Yo-Jong, Kuzey Kore lideri Kim Jong-Un\u2019un k\u0131z karde\u015fidir. \u00dclkede olduk\u00e7a etkili bir siyasi fig\u00fcr olan Kim Yo-Jong, resmi olarak \u201cKore \u0130\u015f\u00e7i Partisi\u201dnin Merkez Komitesi \u00fcyesidir. Ayn\u0131 zamanda Propaganda ve Ajitasyon Depertman\u0131\u2019nda \u00f6nemli bir rol oynamaktad\u0131r. Fakat Kim Yo-Jong\u2019un en dikkat \u00e7eken g\u00f6revi, Kuzey Kore rejimin d\u0131\u015f ili\u015fkilerinde ve \u00f6zellikle G\u00fcney Kore ile olan diplomatik s\u00fcre\u00e7lerde etkili bir isim olmas\u0131d\u0131r.<\/p>\n<p>Kim Yo-Jong, G\u00fcney Kore ve ABD ile y\u00fcr\u00fct\u00fclen m\u00fczakerelerde zaman zaman sert a\u00e7\u0131klamalar yaparak rejimin resmi tutumunu temsil eder. Kim Yo-Jong, ayn\u0131 zamanda Kim Jong-Un\u2019un en g\u00fcvendi\u011fi dan\u0131\u015fmanlardan biri olarak, rejimin i\u00e7 politikalar\u0131nda da perde arkas\u0131nda da b\u00fcy\u00fck bir etkiye sahiptir. Kim Yo-Jong\u2019un, siyasi alandaki ba\u015far\u0131l\u0131 ki\u015fili\u011fi, baz\u0131 uzmanlar taraf\u0131ndan fiilen ikinci en g\u00fc\u00e7l\u00fc ki\u015fi ve hatta olas\u0131 bir liderlik de\u011fi\u015fiminde \u00f6nemli bir rol oynayabilece\u011fini d\u00fc\u015f\u00fcn\u00fcl\u00fcyor.<\/p>\n","protected":false},"excerpt":{"rendered":"<p>Kuzey Kore lideri Kim Jong-Un\u2019un k\u0131z karde\u015fi Kim Yo-Jong\u2019un kim oldu\u011fu merak ediliyor. Peki, Kuzey Kore lideri Kim Jong-Un\u2019un k\u0131z karde\u015fi Kim Yo-Jong kimdir? \u00dclkedeki as\u0131l g\u00f6revi nedir? \u0130\u015fte detaylar\u2026 <\/p>\n","protected":false},"author":26,"featured_media":144255,"comment_status":"closed","ping_status":"closed","sticky":false,"template":"","format":"standard","meta":{"rank_math_lock_modified_date":false,"footnotes":""},"categories":[491],"tags":[13557,13556,13558],"class_list":["post-144251","post","type-post","status-publish","format-standard","has-post-thumbnail","hentry","category-biyografi","tag-kim-jong-un","tag-kim-yo-jong","tag-kuzey-kore"],"_links":{"self":[{"href":"https:\/\/www.tgrthaber.com\/mavikadin\/wp-json\/wp\/v2\/posts\/144251"}],"collection":[{"href":"https:\/\/www.tgrthaber.com\/mavikadin\/wp-json\/wp\/v2\/posts"}],"about":[{"href":"https:\/\/www.tgrthaber.com\/mavikadin\/wp-json\/wp\/v2\/types\/post"}],"author":[{"embeddable":true,"href":"https:\/\/www.tgrthaber.com\/mavikadin\/wp-json\/wp\/v2\/users\/26"}],"replies":[{"embeddable":true,"href":"https:\/\/www.tgrthaber.com\/mavikadin\/wp-json\/wp\/v2\/comments?post=144251"}],"version-history":[{"count":2,"href":"https:\/\/www.tgrthaber.com\/mavikadin\/wp-json\/wp\/v2\/posts\/144251\/revisions"}],"predecessor-version":[{"id":144259,"href":"https:\/\/www.tgrthaber.com\/mavikadin\/wp-json\/wp\/v2\/posts\/144251\/revisions\/144259"}],"wp:featuredmedia":[{"embeddable":true,"href":"https:\/\/www.tgrthaber.com\/mavikadin\/wp-json\/wp\/v2\/media\/144255"}],"wp:attachment":[{"href":"https:\/\/www.tgrthaber.com\/mavikadin\/wp-json\/wp\/v2\/media?parent=144251"}],"wp:term":[{"taxonomy":"category","embeddable":true,"href":"https:\/\/www.tgrthaber.com\/mavikadin\/wp-json\/wp\/v2\/categories?post=144251"},{"taxonomy":"post_tag","embeddable":true,"href":"https:\/\/www.tgrthaber.com\/mavikadin\/wp-json\/wp\/v2\/tags?post=144251"}],"curies":[{"name":"wp","href":"https:\/\/api.w.org\/{rel}","templated":true}]}}