{"id":144331,"date":"2025-03-09T14:25:20","date_gmt":"2025-03-09T11:25:20","guid":{"rendered":"https:\/\/www.tgrthaber.com\/mavikadin\/?p=144331"},"modified":"2025-03-09T14:29:47","modified_gmt":"2025-03-09T11:29:47","slug":"inci-tanelerinin-dilberi-hazar-ergucluden-ask-dolu-paylasim-masallah-notuyla-dikkat-cekti","status":"publish","type":"post","link":"https:\/\/www.tgrthaber.com\/mavikadin\/inci-tanelerinin-dilberi-hazar-ergucluden-ask-dolu-paylasim-masallah-notuyla-dikkat-cekti\/","title":{"rendered":"\u0130nci Taneleri&#8217;nin Dilber&#8217;i Hazar Erg\u00fc\u00e7l\u00fc\u2019den a\u015fk dolu payla\u015f\u0131m! \u2018Ma\u015fallah\u2019 notuyla dikkat \u00e7ekti"},"content":{"rendered":"<p class=\"p1\">\u0130nci Taneleri dizisinde oynad\u0131\u011f\u0131 Dilber karakteriyle b\u00fcy\u00fck be\u011feni toplayan Hazar Erg\u00fc\u00e7l\u00fc, sosyal medyada yapt\u0131\u011f\u0131 payla\u015f\u0131m\u0131yla g\u00fcndeme geldi. \u00dcnl\u00fc oyuncu, bir s\u00fcredir a\u015fk ya\u015fad\u0131\u011f\u0131 DJ Artz yani bilinen ad\u0131yla Efe \u00c7elik ile birlikte \u00e7ekti\u011fi foto\u011fraf\u0131n\u0131 takip\u00e7ileriyle payla\u015ft\u0131. Hazar Erg\u00fc\u00e7l\u00fc&#8217;n\u00fcn &#8216;Ma\u015fallah&#8217; notu dikkat \u00e7ekti.<\/p>\n<h3 class=\"p1\">HAZAR ERG\u00dc\u00c7L\u00dc&#8217;DEN A\u015eK DOLU PAYLA\u015eIM<\/h3>\n<p class=\"p1\">Y\u0131lmaz Erdo\u011fan, Kubilay Aka ve Selma Erge\u00e7 gibi \u00fcnl\u00fc isimlerle birlikte \u0130nci Taneleri dizisinde rol alan Hazar Erg\u00fc\u00e7l\u00fc, \u00f6zel hayat\u0131yla da magazin d\u00fcnyas\u0131nda ad\u0131ndan s\u00f6z ettiriyor. Instagram\u2019da 3 milyonu a\u015fk\u0131n takip\u00e7isi bulunan g\u00fczel oyuncu, sevgilisiyle keyifli anlar\u0131n\u0131 payla\u015farak dikkatleri \u00fczerine \u00e7ekti.<\/p>\n<p><img loading=\"lazy\" decoding=\"async\" class=\"alignnone wp-image-144332 \" src=\"https:\/\/www.tgrthaber.com\/mavikadin\/wp-content\/uploads\/Ekran-Resmi-2025-03-09-14.12.16-889x1024.png\" alt=\"\" width=\"973\" height=\"1121\" title=\"\" srcset=\"https:\/\/www.tgrthaber.com\/mavikadin\/wp-content\/uploads\/Ekran-Resmi-2025-03-09-14.12.16-889x1024.png 889w, https:\/\/www.tgrthaber.com\/mavikadin\/wp-content\/uploads\/Ekran-Resmi-2025-03-09-14.12.16-261x300.png 261w, https:\/\/www.tgrthaber.com\/mavikadin\/wp-content\/uploads\/Ekran-Resmi-2025-03-09-14.12.16-768x884.png 768w, https:\/\/www.tgrthaber.com\/mavikadin\/wp-content\/uploads\/Ekran-Resmi-2025-03-09-14.12.16-1334x1536.png 1334w, https:\/\/www.tgrthaber.com\/mavikadin\/wp-content\/uploads\/Ekran-Resmi-2025-03-09-14.12.16.png 1360w\" sizes=\"(max-width: 973px) 100vw, 973px\" \/><\/p>\n<hr \/>\n<h3 class=\"p1\">&#8216;MA\u015eALLAH DEY\u0130N&#8217; NOTUYLA TAK\u0130P\u00c7\u0130LER\u0130NE SESLEND\u0130<\/h3>\n<p class=\"p1\">Sevgilisi Efe \u00c7elik ile g\u00fcne\u015fli havan\u0131n tad\u0131n\u0131 \u00e7\u0131kard\u0131\u011f\u0131 bir videoyu takip\u00e7ileriyle payla\u015fan Erg\u00fc\u00e7l\u00fc, payla\u015f\u0131m\u0131na \u201cMa\u015fallah deyin\u201d notunu ekledi. Bu payla\u015f\u0131m k\u0131sa s\u00fcrede b\u00fcy\u00fck ilgi g\u00f6r\u00fcrken, hayranlar\u0131 da \u00fcnl\u00fc \u00e7ifte mutluluk dileyen yorumlar yapt\u0131. Sosyal medyada s\u0131k s\u0131k yapt\u0131\u011f\u0131 do\u011fal ve samimi payla\u015f\u0131mlarla dikkat \u00e7eken Erg\u00fc\u00e7l\u00fc\u2019n\u00fcn, bu payla\u015f\u0131m\u0131 da k\u0131sa s\u00fcrede be\u011feni ya\u011fmuruna tutuldu. \u00dcnl\u00fc \u00e7iftin ili\u015fkisi hakk\u0131nda gelen yorumlar, magazin g\u00fcndeminde uzun s\u00fcre konu\u015fulaca\u011fa benziyor.<\/p>\n<p><img loading=\"lazy\" decoding=\"async\" class=\"alignnone wp-image-144333 size-full\" src=\"https:\/\/www.tgrthaber.com\/mavikadin\/wp-content\/uploads\/Ekran-Resmi-2025-03-09-14.13.35.png\" alt=\"\" width=\"972\" height=\"546\" title=\"\" srcset=\"https:\/\/www.tgrthaber.com\/mavikadin\/wp-content\/uploads\/Ekran-Resmi-2025-03-09-14.13.35.png 972w, https:\/\/www.tgrthaber.com\/mavikadin\/wp-content\/uploads\/Ekran-Resmi-2025-03-09-14.13.35-300x169.png 300w, https:\/\/www.tgrthaber.com\/mavikadin\/wp-content\/uploads\/Ekran-Resmi-2025-03-09-14.13.35-768x431.png 768w\" sizes=\"(max-width: 972px) 100vw, 972px\" \/><\/p>\n<hr \/>\n<h3>HAZAR ERG\u00dc\u00c7L\u00dc K\u0130MD\u0130R?<\/h3>\n<p class=\"p1\">Hazar Erg\u00fc\u00e7l\u00fc, 1 Ocak 1992\u2019de Kuzey K\u0131br\u0131s T\u00fcrk Cumhuriyeti\u2019nde d\u00fcnyaya gelen ba\u015far\u0131l\u0131 bir oyuncudur. K\u00fc\u00e7\u00fck ya\u015flardan itibaren tiyatroya ilgi duyan Erg\u00fc\u00e7l\u00fc, Lefko\u015fa T\u00fcrk Belediyesi b\u00fcnyesinde gen\u00e7lere y\u00f6nelik tiyatro \u00e7al\u0131\u015fmalar\u0131na kat\u0131larak oyunculuk kariyerinin temellerini att\u0131. Sinema d\u00fcnyas\u0131na ad\u0131m\u0131n\u0131, Dervi\u015f Zaim\u2019in y\u00f6netmenli\u011fini yapt\u0131\u011f\u0131 G\u00f6lgeler ve Suretler filmiyle att\u0131 ve burada sergiledi\u011fi performansla dikkat \u00e7ekti.<\/p>\n<p><img loading=\"lazy\" decoding=\"async\" class=\"alignnone wp-image-144334 size-full\" src=\"https:\/\/www.tgrthaber.com\/mavikadin\/wp-content\/uploads\/Ekran-Resmi-2025-03-09-14.15.23.png\" alt=\"\" width=\"966\" height=\"552\" title=\"\" srcset=\"https:\/\/www.tgrthaber.com\/mavikadin\/wp-content\/uploads\/Ekran-Resmi-2025-03-09-14.15.23.png 966w, https:\/\/www.tgrthaber.com\/mavikadin\/wp-content\/uploads\/Ekran-Resmi-2025-03-09-14.15.23-300x171.png 300w, https:\/\/www.tgrthaber.com\/mavikadin\/wp-content\/uploads\/Ekran-Resmi-2025-03-09-14.15.23-768x439.png 768w\" sizes=\"(max-width: 966px) 100vw, 966px\" \/><\/p>\n<hr \/>\n<p class=\"p1\">Televizyon ekranlar\u0131nda ise 2011 y\u0131l\u0131nda ba\u015flayan Kuzey G\u00fcney dizisinde oynad\u0131\u011f\u0131 Simay Canay karakteriyle geni\u015f kitlelerce tan\u0131nd\u0131. Ard\u0131ndan Medcezir dizisinde Eyl\u00fcl karakteriyle b\u00fcy\u00fck bir \u00e7\u0131k\u0131\u015f yakalayan oyuncu, buradaki enerjisi ve performans\u0131yla be\u011feni toplad\u0131. Daha sonra Analar ve Anneler dizisinde Kader, Y\u00fcksek Sosyete dizisinde ise Cansu karakterini oynayarak kariyerine farkl\u0131 projeler ekledi. Ba\u015far\u0131l\u0131 oyunculuk performans\u0131yla sekt\u00f6rdeki yerini sa\u011flamla\u015ft\u0131ran Hazar Erg\u00fc\u00e7l\u00fc, \u015fimdilerde Y\u0131lmaz Erdo\u011fan&#8217;\u0131n yaz\u0131p y\u00f6netti\u011fi \u0130nci Taneleri dizisinde Dilber karakteri ile ad\u0131ndan s\u00f6z ettiriyor.<\/p>\n","protected":false},"excerpt":{"rendered":"<p>\u0130nci Taneleri dizisinde canland\u0131rd\u0131\u011f\u0131 Dilber karakteriyle izleyicilerin be\u011fenisini kazanan Hazar Erg\u00fc\u00e7l\u00fc, bu kez sosyal medya payla\u015f\u0131m\u0131yla g\u00fcndeme geldi. \u00dcnl\u00fc oyuncu, sevgilisi DJ Artz Efe \u00c7elik ile birlikte \u00e7ekti\u011fi foto\u011fraf\u0131 takip\u00e7ileriyle payla\u015ft\u0131. Erg\u00fc\u00e7l\u00fc\u2019n\u00fcn \u201cMa\u015fallah\u201d notu, hayranlar\u0131n\u0131n ilgisini \u00e7ekti.<\/p>\n","protected":false},"author":16,"featured_media":144335,"comment_status":"closed","ping_status":"closed","sticky":false,"template":"","format":"standard","meta":{"rank_math_lock_modified_date":false,"footnotes":""},"categories":[76],"tags":[13575,13574,13576],"class_list":["post-144331","post","type-post","status-publish","format-standard","has-post-thumbnail","hentry","category-magazin","tag-hazar-erguclu-kimdir","tag-hazar-erguclu-sevgilisi","tag-inci-taneleri-dilber-hazar-erguclu-sevgilisi"],"_links":{"self":[{"href":"https:\/\/www.tgrthaber.com\/mavikadin\/wp-json\/wp\/v2\/posts\/144331"}],"collection":[{"href":"https:\/\/www.tgrthaber.com\/mavikadin\/wp-json\/wp\/v2\/posts"}],"about":[{"href":"https:\/\/www.tgrthaber.com\/mavikadin\/wp-json\/wp\/v2\/types\/post"}],"author":[{"embeddable":true,"href":"https:\/\/www.tgrthaber.com\/mavikadin\/wp-json\/wp\/v2\/users\/16"}],"replies":[{"embeddable":true,"href":"https:\/\/www.tgrthaber.com\/mavikadin\/wp-json\/wp\/v2\/comments?post=144331"}],"version-history":[{"count":3,"href":"https:\/\/www.tgrthaber.com\/mavikadin\/wp-json\/wp\/v2\/posts\/144331\/revisions"}],"predecessor-version":[{"id":144338,"href":"https:\/\/www.tgrthaber.com\/mavikadin\/wp-json\/wp\/v2\/posts\/144331\/revisions\/144338"}],"wp:featuredmedia":[{"embeddable":true,"href":"https:\/\/www.tgrthaber.com\/mavikadin\/wp-json\/wp\/v2\/media\/144335"}],"wp:attachment":[{"href":"https:\/\/www.tgrthaber.com\/mavikadin\/wp-json\/wp\/v2\/media?parent=144331"}],"wp:term":[{"taxonomy":"category","embeddable":true,"href":"https:\/\/www.tgrthaber.com\/mavikadin\/wp-json\/wp\/v2\/categories?post=144331"},{"taxonomy":"post_tag","embeddable":true,"href":"https:\/\/www.tgrthaber.com\/mavikadin\/wp-json\/wp\/v2\/tags?post=144331"}],"curies":[{"name":"wp","href":"https:\/\/api.w.org\/{rel}","templated":true}]}}