{"id":144385,"date":"2025-03-09T16:38:09","date_gmt":"2025-03-09T13:38:09","guid":{"rendered":"https:\/\/www.tgrthaber.com\/mavikadin\/?p=144385"},"modified":"2025-03-09T16:38:09","modified_gmt":"2025-03-09T13:38:09","slug":"ramazanda-yogun-ilgi-gordu-kilosu-350den-basliyor-sigara-bagimlilari-icin-kurtarici-oluyor","status":"publish","type":"post","link":"https:\/\/www.tgrthaber.com\/mavikadin\/ramazanda-yogun-ilgi-gordu-kilosu-350den-basliyor-sigara-bagimlilari-icin-kurtarici-oluyor\/","title":{"rendered":"Ramazan&#8217;da yo\u011fun ilgi g\u00f6rd\u00fc, kilosu 350&#8217;den ba\u015fl\u0131yor! Sigara ba\u011f\u0131ml\u0131lar\u0131 i\u00e7in kurtar\u0131c\u0131 oluyor&#8230;"},"content":{"rendered":"<p>Akdeniz b\u00f6lgesinde yeti\u015fen nadide otlar\u0131ndan biri olarak ba\u015fta a\u015fa\u011f\u0131 \u015fifa kayna\u011f\u0131 olan karaba\u015f otu, \u00f6zellikle de oru\u00e7 tutan kimseler i\u00e7in Ramazan&#8217;da b\u00fcy\u00fck bir kurtar\u0131c\u0131 oluyor.<\/p>\n<p>Zararl\u0131 al\u0131\u015fkanl\u0131klardan biri olan sigara konusunda art\u0131k iyice ileri gidip tiryaki sahibi olan kimselerde sigara i\u00e7me iste\u011fini azaltt\u0131\u011f\u0131 s\u00f6ylenen bu ot, bu al\u0131\u015fkanl\u0131ktan kurtulmak isteyenler i\u00e7in ilham kayna\u011f\u0131 oluyor.<\/p>\n<h3>KARABA\u015e OTUNUN FAYDASI! B\u0130R BARDAK SICAK SUYA ATILDI\u011eINDA&#8230;<\/h3>\n<p>Bir bardak kaynam\u0131\u015f suya bir iki ba\u015f kadar at\u0131larak demlenen karaba\u015f otunun \u015fimdilerde kilosu bin 350 TL&#8217;den ba\u015fl\u0131yor. \u00d6zellikle de Ramazan ay\u0131nda yo\u011fun bir ilgi ile kar\u015f\u0131lanan Karaba\u015f otu i\u00e7in aktar Orhun \u00d6zfidanc\u0131,<\/p>\n<p><img loading=\"lazy\" decoding=\"async\" class=\"alignnone wp-image-144391\" src=\"https:\/\/www.tgrthaber.com\/mavikadin\/wp-content\/uploads\/tt-11.png\" alt=\"\" width=\"1208\" height=\"729\" title=\"\" srcset=\"https:\/\/www.tgrthaber.com\/mavikadin\/wp-content\/uploads\/tt-11.png 815w, https:\/\/www.tgrthaber.com\/mavikadin\/wp-content\/uploads\/tt-11-300x181.png 300w, https:\/\/www.tgrthaber.com\/mavikadin\/wp-content\/uploads\/tt-11-768x464.png 768w\" sizes=\"(max-width: 1208px) 100vw, 1208px\" \/><\/p>\n<hr \/>\n<p>&#8220;Karaba\u015f otu sindirim sinir rahats\u0131zl\u0131klar\u0131 ve kalp damar yollar\u0131 ile alakal\u0131 rahats\u0131zl\u0131klar\u0131n yan\u0131 s\u0131ra sigara b\u0131rakmak isteyen ki\u015filerin sigaraya kar\u015f\u0131 iste\u011fi azalt\u0131c\u0131 \u00f6zelli\u011fiyle biliniyor. Ramazan ay\u0131nda zaten \u00e7o\u011fu ki\u015finin tek ya\u015fad\u0131\u011f\u0131 s\u0131k\u0131nt\u0131 sigara i\u00e7ememe. \u0130ftardan sonra da art\u0131k bundan s\u0131k\u0131lm\u0131\u015f olan vatanda\u015flar sigaray\u0131 b\u0131rakmak i\u00e7in bahane ar\u0131yor ve sigara i\u00e7me iste\u011finin azalmas\u0131 i\u00e7in karaba\u015f otu almaya geliyorlar. Bu sayede sigaray\u0131 b\u0131rakay\u0131m diye bir \u00e7aba i\u00e7erisine girenler var. Tabi ki de orucun sigarayla a\u00e7\u0131lmas\u0131n\u0131 tasvip etmiyoruz, tavsiye de etmiyoruz.<\/p>\n<p>\u0130nsan\u0131n sa\u011fl\u0131\u011f\u0131na ve kendisine sayg\u0131s\u0131 olmas\u0131 laz\u0131m. O y\u00fczden de biz sigara i\u00e7en insanlara karaba\u015f otuyla yard\u0131mc\u0131 oluyoruz&#8221; ifadesinde bulundu.<\/p>\n<h3>&#8220;DOKTOR G\u00d6ZET\u0130M\u0130NDE KULLANILMASINI TAVS\u0130YE ED\u0130YORUZ&#8221;<\/h3>\n<p>Kronik rahats\u0131zl\u0131klar\u0131 olan ki\u015filerin karaba\u015f otunu doktor onay\u0131 ile kullan\u0131lmas\u0131n\u0131 \u00f6neren \u00d6zfidanc\u0131,\u00a0&#8220;Genelde bizim karaba\u015f otunu tavsiye etti\u011fimiz kullan\u0131m bi\u00e7imi, sigaran\u0131n i\u00e7ildi\u011fi anda da t\u00fcketmesi. Ev ortam\u0131nda da kullan\u0131labilecek bir bitki. Karaba\u015f otunun kullan\u0131labilme \u015fekilleri s\u0131cak suyun i\u00e7erisine bir iki ba\u015f \u015feklinde at\u0131l\u0131p demlenir ve suyu s\u00fcz\u00fcl\u00fcp i\u00e7ilir. Bunu d\u00fczenli olarak da i\u00e7ebilir, sabah ak\u015fam da i\u00e7ebilir, g\u00fcnde bir defa da i\u00e7ebilir.<\/p>\n<p><img loading=\"lazy\" decoding=\"async\" class=\"alignnone wp-image-144394\" src=\"https:\/\/www.tgrthaber.com\/mavikadin\/wp-content\/uploads\/rrr-7.png\" alt=\"\" width=\"1208\" height=\"746\" title=\"\" srcset=\"https:\/\/www.tgrthaber.com\/mavikadin\/wp-content\/uploads\/rrr-7.png 805w, https:\/\/www.tgrthaber.com\/mavikadin\/wp-content\/uploads\/rrr-7-300x185.png 300w, https:\/\/www.tgrthaber.com\/mavikadin\/wp-content\/uploads\/rrr-7-768x474.png 768w\" sizes=\"(max-width: 1208px) 100vw, 1208px\" \/><\/p>\n<hr \/>\n<p>Sigaray\u0131 i\u00e7meden i\u00e7ilmesi gerekiyor ki sigara i\u00e7me iste\u011fini azalt\u0131s\u0131n. Karaba\u015f otunu y\u00fcksek tansiyon riski ta\u015f\u0131yan insanlar\u0131n kullanmas\u0131n\u0131 tavsiye etmiyoruz.<\/p>\n<p>Doktor g\u00f6zetiminde kullanabilirler. Emziren ve hamile bireylerde kullanamaz, kronik alerjik reaksiyon g\u00f6steren b\u00fcnyesi olan insanlara hava de\u011fi\u015fiminden dolay\u0131 karaba\u015f otundan etkilenebiliyor ve onlar\u0131n da kullanmas\u0131n\u0131 doktor g\u00f6zetiminde tavsiye ediyoruz. 30 graml\u0131k paketlerde sat\u0131\u015fa sunuyoruz. Kilosunu da bin 350 liradan sat\u0131\u015fa sunuyoruz&#8221; dedi.<\/p>\n","protected":false},"excerpt":{"rendered":"<p>Sigara ba\u011f\u0131ml\u0131l\u0131\u011f\u0131ndan kurtulmak isteyenler i\u00e7in t\u00fcketilmesi \u00f6nerilen karaba\u015f otunun faydas\u0131 say say bitmiyor. \u0130\u015fte aktar Orhan \u00d6zfidanc\u0131&#8217;dan karaba\u015f otu t\u00fcketimine dair tavsiyeler:<\/p>\n","protected":false},"author":27,"featured_media":144395,"comment_status":"closed","ping_status":"closed","sticky":false,"template":"","format":"standard","meta":{"rank_math_lock_modified_date":false,"footnotes":""},"categories":[78],"tags":[13586,13587,4072,13588,13589],"class_list":["post-144385","post","type-post","status-publish","format-standard","has-post-thumbnail","hentry","category-yasam","tag-karabas-otu","tag-karabas-otunun-faydalari","tag-sigara","tag-sigara-bagimlisi","tag-sigaradan-kurtulmanin-yollari"],"_links":{"self":[{"href":"https:\/\/www.tgrthaber.com\/mavikadin\/wp-json\/wp\/v2\/posts\/144385"}],"collection":[{"href":"https:\/\/www.tgrthaber.com\/mavikadin\/wp-json\/wp\/v2\/posts"}],"about":[{"href":"https:\/\/www.tgrthaber.com\/mavikadin\/wp-json\/wp\/v2\/types\/post"}],"author":[{"embeddable":true,"href":"https:\/\/www.tgrthaber.com\/mavikadin\/wp-json\/wp\/v2\/users\/27"}],"replies":[{"embeddable":true,"href":"https:\/\/www.tgrthaber.com\/mavikadin\/wp-json\/wp\/v2\/comments?post=144385"}],"version-history":[{"count":2,"href":"https:\/\/www.tgrthaber.com\/mavikadin\/wp-json\/wp\/v2\/posts\/144385\/revisions"}],"predecessor-version":[{"id":144397,"href":"https:\/\/www.tgrthaber.com\/mavikadin\/wp-json\/wp\/v2\/posts\/144385\/revisions\/144397"}],"wp:featuredmedia":[{"embeddable":true,"href":"https:\/\/www.tgrthaber.com\/mavikadin\/wp-json\/wp\/v2\/media\/144395"}],"wp:attachment":[{"href":"https:\/\/www.tgrthaber.com\/mavikadin\/wp-json\/wp\/v2\/media?parent=144385"}],"wp:term":[{"taxonomy":"category","embeddable":true,"href":"https:\/\/www.tgrthaber.com\/mavikadin\/wp-json\/wp\/v2\/categories?post=144385"},{"taxonomy":"post_tag","embeddable":true,"href":"https:\/\/www.tgrthaber.com\/mavikadin\/wp-json\/wp\/v2\/tags?post=144385"}],"curies":[{"name":"wp","href":"https:\/\/api.w.org\/{rel}","templated":true}]}}