{"id":144398,"date":"2025-03-09T16:49:01","date_gmt":"2025-03-09T13:49:01","guid":{"rendered":"https:\/\/www.tgrthaber.com\/mavikadin\/?p=144398"},"modified":"2025-03-09T16:49:01","modified_gmt":"2025-03-09T13:49:01","slug":"don-afeti-sonrasinda-hatayda-kilosu-80-tlye-cikti-doganin-antioksidan-krali-kapya-biber","status":"publish","type":"post","link":"https:\/\/www.tgrthaber.com\/mavikadin\/don-afeti-sonrasinda-hatayda-kilosu-80-tlye-cikti-doganin-antioksidan-krali-kapya-biber\/","title":{"rendered":"Don afeti sonras\u0131nda Hatay&#8217;da kilosu 80 TL&#8217;ye \u00e7\u0131kt\u0131: Do\u011fan\u0131n antioksidan kral\u0131 &#8216;Kapya biber&#8217;"},"content":{"rendered":"<p>Ge\u00e7en hafta Hatay ilinde etkisini g\u00f6steren don olay\u0131 sonras\u0131nda bu afetten en \u00e7ok etkilenen \u00e7ift\u00e7iler olmu\u015ftu. \u00dcr\u00fcnleri hasar alan \u00e7ift\u00e7ilerde \u00f6zellikle de Defne il\u00e7esi Toygarl\u0131 Mahallesi&#8217;ndeki seralar zarar\u0131 u\u011fram\u0131\u015ft\u0131.<\/p>\n<p>Kapya biber yeti\u015ftiricili\u011fi yapan \u00fcreticilerin \u00fcr\u00fcnlerinin neredeyse yar\u0131s\u0131 zarara u\u011fram\u0131\u015f ve don afeti sonras\u0131nda fiyatlar\u0131 50 TL&#8217;den 80 TL&#8217;ye \u00e7\u0131km\u0131\u015ft\u0131. Toygarl\u0131 Mahalle Muhtarl\u0131\u011f\u0131 yapan Mehmet \u00c7a\u011ftay, kapya biberlerin fiyat art\u0131\u015f\u0131 ile ilgili konu\u015ftu.<\/p>\n<h3>&#8220;KAPYA B\u0130BER\u0130N \u015eU AN F\u0130YATI 80 TL, DUYDU\u011eUMUZ KADARIYLA \u0130STANBUL VE ANKARA&#8217;DA MARKETLERDE 150 TL F\u0130YATINDA&#8221;<\/h3>\n<p>Toygarl\u0131 Mahalle Muhtarl\u0131\u011f\u0131 yapan Mehmet \u00c7a\u011ftay, Hatayda etkili olan don sonras\u0131nda civardaki \u00e7ift\u00e7ilerin mahsullerinin hasar ald\u0131\u011f\u0131n\u0131 ve bu y\u00fczden de kapya biberlerinin sat\u0131\u015f fiyat\u0131n\u0131n artt\u0131\u011f\u0131n\u0131 dile getirerek,<\/p>\n<p><img loading=\"lazy\" decoding=\"async\" class=\"alignnone wp-image-144399\" src=\"https:\/\/www.tgrthaber.com\/mavikadin\/wp-content\/uploads\/ggffg.png\" alt=\"\" width=\"1208\" height=\"701\" title=\"\" srcset=\"https:\/\/www.tgrthaber.com\/mavikadin\/wp-content\/uploads\/ggffg.png 862w, https:\/\/www.tgrthaber.com\/mavikadin\/wp-content\/uploads\/ggffg-300x174.png 300w, https:\/\/www.tgrthaber.com\/mavikadin\/wp-content\/uploads\/ggffg-768x445.png 768w\" sizes=\"(max-width: 1208px) 100vw, 1208px\" \/><\/p>\n<hr \/>\n<p>&#8220;Bizim mahallemiz tar\u0131m ve hayvanc\u0131l\u0131kla ge\u00e7imini sa\u011fl\u0131yor. Ge\u00e7ti\u011fimiz g\u00fcnlerde ya\u015fanan zirai don ile birlikte ciddi zarar\u0131m\u0131z oldu. \u015eimdi de dondan etkilenmeyen seralarda hasat yap\u0131l\u0131yor. Seralarda \u00fcr\u00fcn\u00fcn yar\u0131s\u0131 etkilendi, yar\u0131s\u0131 etkilenmedi. Etkilenmeyen \u00fcr\u00fcnlerin hasad\u0131yla birlikte fiyatlarda y\u00fckselme oldu. Kapya biberin \u015fu an fiyat\u0131 80 TL, duydu\u011fumuz kadar\u0131yla \u0130stanbul ve Ankara&#8217;da marketlerde 150 TL fiyat\u0131nda. Don olay\u0131nda fiyatlarda g\u00f6zle g\u00f6r\u00fcl\u00fcr art\u0131\u015f var. Fiyatlar daha da artacak gibi. Biberler dona dayan\u0131kl\u0131 olmad\u0131\u011f\u0131 i\u00e7in \u00e7ok fazla etkilendi&#8221; dedi.<\/p>\n<h3>DON AFET\u0130 KAPYA B\u0130BERLER\u0130 ETK\u0130LED\u0130! F\u0130YATI \u00d6NCE ELL\u0130 TL \u0130KEN \u015e\u0130MD\u0130 SEKSEN&#8217;E \u00c7IKTI<\/h3>\n<p>\u00c7ift\u00e7i Taha \u00c7a\u011fatay, don afeti ger\u00e7ekle\u015fmeden \u00f6nce mutfakta yemeklerimizde ve bir\u00e7ok alanda kulland\u0131\u011f\u0131m\u0131z kapya biberin sera fiyat\u0131n\u0131n 50 TL oldu\u011funu ancak afetten sonras\u0131 fiyat\u0131n\u0131n 80 TL&#8217;ye y\u00fckseldi\u011fine de\u011finerek,<\/p>\n<p><img loading=\"lazy\" decoding=\"async\" class=\"alignnone wp-image-144400\" src=\"https:\/\/www.tgrthaber.com\/mavikadin\/wp-content\/uploads\/1d5ee1ea3de38a6c8f8d74c236acc8f0.jpg\" alt=\"\" width=\"1208\" height=\"680\" title=\"\" srcset=\"https:\/\/www.tgrthaber.com\/mavikadin\/wp-content\/uploads\/1d5ee1ea3de38a6c8f8d74c236acc8f0.jpg 1920w, https:\/\/www.tgrthaber.com\/mavikadin\/wp-content\/uploads\/1d5ee1ea3de38a6c8f8d74c236acc8f0-300x169.jpg 300w, https:\/\/www.tgrthaber.com\/mavikadin\/wp-content\/uploads\/1d5ee1ea3de38a6c8f8d74c236acc8f0-1024x576.jpg 1024w, https:\/\/www.tgrthaber.com\/mavikadin\/wp-content\/uploads\/1d5ee1ea3de38a6c8f8d74c236acc8f0-768x432.jpg 768w, https:\/\/www.tgrthaber.com\/mavikadin\/wp-content\/uploads\/1d5ee1ea3de38a6c8f8d74c236acc8f0-1536x864.jpg 1536w\" sizes=\"(max-width: 1208px) 100vw, 1208px\" \/><\/p>\n<hr \/>\n<p>&#8220;Ge\u00e7ti\u011fimiz g\u00fcnlerde ya\u015fanan don afetinden dolay\u0131 \u00fcr\u00fcnlerimizde y\u00fczde 50 oran\u0131nda kayb\u0131m\u0131z oldu. Kalan kapya biberlerimizi topluyoruz. Fiyatlar dondan dolay\u0131 biraz y\u00fckseldi. Mersin ve Adana&#8217;da da fiyatlarda y\u00fckselme var. Kapya biber \u015fu an 80 TL civar\u0131nda, don afetinden \u00f6nce 50 TL civar\u0131ndayd\u0131. Y\u00fczde 50 oran\u0131nda fiyat fark\u0131 var&#8221; ifadelerinde bulundu.<\/p>\n","protected":false},"excerpt":{"rendered":"<p>Toygarl\u0131 Mahalle Muhtarl\u0131\u011f\u0131 yapan Mehmet \u00c7a\u011ftay, Hatay&#8217;da kendini g\u00f6steren don afeti sonras\u0131nda kapya biberlerin fiyatlar\u0131n 50 TL&#8217;den 80 TL&#8217;ye \u00e7\u0131kt\u0131\u011f\u0131n\u0131 belirtti.<\/p>\n","protected":false},"author":27,"featured_media":144401,"comment_status":"closed","ping_status":"closed","sticky":false,"template":"","format":"standard","meta":{"rank_math_lock_modified_date":false,"footnotes":""},"categories":[78],"tags":[13590,13592,315,13591],"class_list":["post-144398","post","type-post","status-publish","format-standard","has-post-thumbnail","hentry","category-yasam","tag-hatay","tag-hatayda-don-afeti","tag-kapya-biber","tag-kapya-biber-fiyati"],"_links":{"self":[{"href":"https:\/\/www.tgrthaber.com\/mavikadin\/wp-json\/wp\/v2\/posts\/144398"}],"collection":[{"href":"https:\/\/www.tgrthaber.com\/mavikadin\/wp-json\/wp\/v2\/posts"}],"about":[{"href":"https:\/\/www.tgrthaber.com\/mavikadin\/wp-json\/wp\/v2\/types\/post"}],"author":[{"embeddable":true,"href":"https:\/\/www.tgrthaber.com\/mavikadin\/wp-json\/wp\/v2\/users\/27"}],"replies":[{"embeddable":true,"href":"https:\/\/www.tgrthaber.com\/mavikadin\/wp-json\/wp\/v2\/comments?post=144398"}],"version-history":[{"count":2,"href":"https:\/\/www.tgrthaber.com\/mavikadin\/wp-json\/wp\/v2\/posts\/144398\/revisions"}],"predecessor-version":[{"id":144403,"href":"https:\/\/www.tgrthaber.com\/mavikadin\/wp-json\/wp\/v2\/posts\/144398\/revisions\/144403"}],"wp:featuredmedia":[{"embeddable":true,"href":"https:\/\/www.tgrthaber.com\/mavikadin\/wp-json\/wp\/v2\/media\/144401"}],"wp:attachment":[{"href":"https:\/\/www.tgrthaber.com\/mavikadin\/wp-json\/wp\/v2\/media?parent=144398"}],"wp:term":[{"taxonomy":"category","embeddable":true,"href":"https:\/\/www.tgrthaber.com\/mavikadin\/wp-json\/wp\/v2\/categories?post=144398"},{"taxonomy":"post_tag","embeddable":true,"href":"https:\/\/www.tgrthaber.com\/mavikadin\/wp-json\/wp\/v2\/tags?post=144398"}],"curies":[{"name":"wp","href":"https:\/\/api.w.org\/{rel}","templated":true}]}}