{"id":144405,"date":"2025-03-09T17:20:44","date_gmt":"2025-03-09T14:20:44","guid":{"rendered":"https:\/\/www.tgrthaber.com\/mavikadin\/?p=144405"},"modified":"2025-03-09T17:20:44","modified_gmt":"2025-03-09T14:20:44","slug":"baska-bir-sen-filmi-nereden-izlenir-giray-altinokun-rolu-nedir","status":"publish","type":"post","link":"https:\/\/www.tgrthaber.com\/mavikadin\/baska-bir-sen-filmi-nereden-izlenir-giray-altinokun-rolu-nedir\/","title":{"rendered":"Ba\u015fka Bir Sen filmi nereden izlenir? Giray Alt\u0131nok\u2019un rol\u00fc nedir?"},"content":{"rendered":"<p>\u0130zleyiciler ge\u00e7ti\u011fimiz g\u00fcnlerde yay\u0131nlanmaya ba\u015flayan \u201cBa\u015fka Bir Sen\u201d filmini nereden izleyebileceklerini ara\u015ft\u0131r\u0131yor. Seyircinin sab\u0131rs\u0131zl\u0131kla bekledi\u011fi filmde Giray Alt\u0131nok\u2019un rol\u00fc de merak ediliyor. Peki, Ba\u015fka Bir Sen filmi nereden izlenir? Giray Alt\u0131nok\u2019un rol\u00fc nedir? \u0130\u015fte Ba\u015fka Bir Sen filmi hakk\u0131nda merak edilenler\u2026<\/p>\n<h3>BA\u015eKA B\u0130R SEN F\u0130LM\u0130 NEREDEN \u0130ZLEN\u0130R?<\/h3>\n<p>MGX Film\u2019in yap\u0131mc\u0131l\u0131\u011f\u0131n\u0131 \u00fcstlendi\u011fi, \u00d6mer Faruk Sorak\u2019\u0131n y\u00f6netmenli\u011fini yapt\u0131\u011f\u0131 ve Giray Alt\u0131nok ile Kerem \u00d6zdo\u011fan\u2019\u0131n senaryosunu kaleme ald\u0131\u011f\u0131 Ba\u015fka Bir Sen filmi, konusu ve g\u00fc\u00e7l\u00fc oyuncu kadrosuyla dikkat \u00e7ekiyor. Seyircilerin bir merakla bekledi\u011fi film, b\u00fcy\u00fck bir ilgiyle ara\u015ft\u0131r\u0131l\u0131yor. Ge\u00e7ti\u011fimiz g\u00fcnlerde izleyici kar\u015f\u0131s\u0131na \u00e7\u0131kan filmin nereden izlenece\u011fi de en \u00e7ok merak edilenler aras\u0131nda yer al\u0131yor.<\/p>\n<p><img loading=\"lazy\" decoding=\"async\" class=\"alignnone wp-image-144407\" src=\"https:\/\/www.tgrthaber.com\/mavikadin\/wp-content\/uploads\/Baska-Bir-Sen-3-1-1024x576.jpg\" alt=\"Ba\u015fka Bir Sen filmi nereden izlenir? \" width=\"1208\" height=\"680\" title=\"\" srcset=\"https:\/\/www.tgrthaber.com\/mavikadin\/wp-content\/uploads\/Baska-Bir-Sen-3-1-1024x576.jpg 1024w, https:\/\/www.tgrthaber.com\/mavikadin\/wp-content\/uploads\/Baska-Bir-Sen-3-1-300x169.jpg 300w, https:\/\/www.tgrthaber.com\/mavikadin\/wp-content\/uploads\/Baska-Bir-Sen-3-1-768x432.jpg 768w, https:\/\/www.tgrthaber.com\/mavikadin\/wp-content\/uploads\/Baska-Bir-Sen-3-1-1536x864.jpg 1536w, https:\/\/www.tgrthaber.com\/mavikadin\/wp-content\/uploads\/Baska-Bir-Sen-3-1.jpg 1600w\" sizes=\"(max-width: 1208px) 100vw, 1208px\" \/><\/p>\n<hr \/>\n<p>E\u011flenceli bir \u015fekilde aile olman\u0131n zorluklar\u0131n\u0131 ve g\u00fczelliklerini ele alan Ba\u015fka Bir Sen filmi, 7 Mart\u2019ta seyirci ile bulu\u015fmu\u015ftu. Yay\u0131nland\u0131\u011f\u0131 g\u00fcnden bu yana b\u00fcy\u00fck bir ilgiyle takip edilen film, Disney +\u2019\u0131n yeni yerli yap\u0131mlar\u0131 aras\u0131nda bulunuyor. Ba\u015fka Bir Sen filmi, yaln\u0131zca Disney + dijital platformundan izlenebiliyor. Yaln\u0131zca Disney + dijital platformunda yay\u0131nlanan filmi, izlemek isteyen seyirciler Disney + \u00fcyeli\u011fi olu\u015fturarak\u00a0kolayca ula\u015fabiliyor.<\/p>\n<h3>BA\u015eKA B\u0130R SEN F\u0130LM\u0130NDE G\u0130RAY ALTINOK\u2019UN ROL\u00dc NED\u0130R?<\/h3>\n<p>\u201cPrens\u201d dizisiyle b\u00fcy\u00fck bir hayran kitlesine ula\u015fan Giray Alt\u0131nok, \u201cBa\u015fka Bir Sen\u201d filminde ba\u015frol oyuncu olarak kar\u015f\u0131m\u0131za \u00e7\u0131k\u0131yor. Prens dizisiyle ad\u0131ndan s\u0131k\u00e7a s\u00f6z ettiren Alt\u0131nok, filmde \u201cM\u00fcmtaz\u201d karakterini oynuyor.<\/p>\n<p><img loading=\"lazy\" decoding=\"async\" class=\"alignnone wp-image-144408\" src=\"https:\/\/www.tgrthaber.com\/mavikadin\/wp-content\/uploads\/Baska-Bir-Sen-2-1-1024x576.jpg\" alt=\"Ba\u015fka Bir Sen filmi nereden izlenir? \" width=\"1208\" height=\"680\" title=\"\" srcset=\"https:\/\/www.tgrthaber.com\/mavikadin\/wp-content\/uploads\/Baska-Bir-Sen-2-1-1024x576.jpg 1024w, https:\/\/www.tgrthaber.com\/mavikadin\/wp-content\/uploads\/Baska-Bir-Sen-2-1-300x169.jpg 300w, https:\/\/www.tgrthaber.com\/mavikadin\/wp-content\/uploads\/Baska-Bir-Sen-2-1-768x432.jpg 768w, https:\/\/www.tgrthaber.com\/mavikadin\/wp-content\/uploads\/Baska-Bir-Sen-2-1-1536x864.jpg 1536w, https:\/\/www.tgrthaber.com\/mavikadin\/wp-content\/uploads\/Baska-Bir-Sen-2-1.jpg 1600w\" sizes=\"(max-width: 1208px) 100vw, 1208px\" \/><\/p>\n<hr \/>\n<p>Ba\u015far\u0131l\u0131 oyuncu Ezgi Mola ile ba\u015frol payla\u015fan Giray Alt\u0131nok, komedi t\u00fcr\u00fcndeki filmde performans sergiliyor. Alt\u0131nok, Ba\u015fka Bir Sen filminde hayat\u0131nda hi\u00e7bir \u015fey yolunda gitmeyen M\u00fcmtaz\u2019\u0131 oynuyor. Alt\u0131nok, filmde ba\u015f\u0131na gelen bir kaza sonras\u0131 her g\u00fcn bamba\u015fka bir yerde ve bedende uyanan M\u00fcmtaz karakteri olarak kar\u015f\u0131m\u0131za \u00e7\u0131k\u0131yor.<\/p>\n<h3><strong>BA\u015eKA B\u0130R SEN F\u0130LM\u0130N\u0130N KONUSU NE?<\/strong><\/h3>\n<p>Ba\u015fka Bir Sen filminin konusu, ba\u015flar\u0131na gelen bir kaza sonras\u0131 her g\u00fcn bamba\u015fka bir yerde ve bedende uyanan M\u00fcmtaz ve Derya\u2019n\u0131n e\u011flenceli ve macera dolu ser\u00fcvenini ele al\u0131yor. Hayat\u0131nda hi\u00e7bir \u015fey yolunda gitmeyen M\u00fcmtaz\u2019\u0131n yolu, bir g\u00fcn Derya ile kesi\u015fir ve b\u00fcy\u00fck bir kaza ya\u015fan\u0131r.<\/p>\n<p><img loading=\"lazy\" decoding=\"async\" class=\"alignnone wp-image-144409\" src=\"https:\/\/www.tgrthaber.com\/mavikadin\/wp-content\/uploads\/Baska-Bir-Sen-4-1-1024x576.jpg\" alt=\"Ba\u015fka Bir Sen filmi nereden izlenir? \" width=\"1208\" height=\"680\" title=\"\" srcset=\"https:\/\/www.tgrthaber.com\/mavikadin\/wp-content\/uploads\/Baska-Bir-Sen-4-1-1024x576.jpg 1024w, https:\/\/www.tgrthaber.com\/mavikadin\/wp-content\/uploads\/Baska-Bir-Sen-4-1-300x169.jpg 300w, https:\/\/www.tgrthaber.com\/mavikadin\/wp-content\/uploads\/Baska-Bir-Sen-4-1-768x432.jpg 768w, https:\/\/www.tgrthaber.com\/mavikadin\/wp-content\/uploads\/Baska-Bir-Sen-4-1-1536x864.jpg 1536w, https:\/\/www.tgrthaber.com\/mavikadin\/wp-content\/uploads\/Baska-Bir-Sen-4-1.jpg 1600w\" sizes=\"(max-width: 1208px) 100vw, 1208px\" \/><\/p>\n<hr \/>\n<p>Ya\u015fanan bu b\u00fcy\u00fck kaza hem M\u00fcmtaz\u2019\u0131n hem de Derya\u2019n\u0131n hayat\u0131n\u0131 da geri d\u00f6n\u00fc\u015f\u00fc kolay olmayan bir yola sokar. Bu s\u00fcre\u00e7te M\u00fcmtaz ve Derya aile olabilmenin zorluklar\u0131 ve sonsuz a\u015fk\u0131n s\u0131n\u0131rlar\u0131yla s\u0131nan\u0131r.<\/p>\n<h3>BA\u015eKA B\u0130R SEN F\u0130LM\u0130 OYUNCULARI<\/h3>\n<ul>\n<li>Giray Alt\u0131nok<\/li>\n<li>Ezgi Mola<\/li>\n<li>Kerem \u00d6zdo\u011fan<\/li>\n<li>\u015e\u00fckran Oval\u0131<\/li>\n<li>Nera Serezli<\/li>\n<li>H\u00fcseyin Avni Danyal<\/li>\n<li>Deniz Cengiz<\/li>\n<li>\u00d6mer Faruk \u00c7avu\u015f<\/li>\n<li>Cihat Tamer<\/li>\n<li>Nergis \u00c7orak\u00e7\u0131<\/li>\n<li>Mine Teber<\/li>\n<li>Osman Alka\u015f<\/li>\n<\/ul>\n","protected":false},"excerpt":{"rendered":"<p>Ba\u015fka Bir Sen filmi yo\u011fun bir ilgiyle takip edilemeye devam ediyor. \u0130zleyiciler Ba\u015fka Bir Sen filmini nereden izleyebileceklerini ara\u015ft\u0131r\u0131yor. Peki, Ba\u015fka Bir Sen filmi nereden izlenir? Giray Alt\u0131nok\u2019un rol\u00fc nedir? \u0130\u015fte detaylar\u2026<\/p>\n","protected":false},"author":26,"featured_media":144406,"comment_status":"closed","ping_status":"closed","sticky":false,"template":"","format":"standard","meta":{"rank_math_lock_modified_date":false,"footnotes":""},"categories":[101],"tags":[13182,13185,13183,13593],"class_list":["post-144405","post","type-post","status-publish","format-standard","has-post-thumbnail","hentry","category-kesfet","tag-baska-bir-sen","tag-baska-bir-sen-filmi","tag-baska-bir-sen-giray-altinok","tag-baska-bir-sen-nereden-izlenir"],"_links":{"self":[{"href":"https:\/\/www.tgrthaber.com\/mavikadin\/wp-json\/wp\/v2\/posts\/144405"}],"collection":[{"href":"https:\/\/www.tgrthaber.com\/mavikadin\/wp-json\/wp\/v2\/posts"}],"about":[{"href":"https:\/\/www.tgrthaber.com\/mavikadin\/wp-json\/wp\/v2\/types\/post"}],"author":[{"embeddable":true,"href":"https:\/\/www.tgrthaber.com\/mavikadin\/wp-json\/wp\/v2\/users\/26"}],"replies":[{"embeddable":true,"href":"https:\/\/www.tgrthaber.com\/mavikadin\/wp-json\/wp\/v2\/comments?post=144405"}],"version-history":[{"count":2,"href":"https:\/\/www.tgrthaber.com\/mavikadin\/wp-json\/wp\/v2\/posts\/144405\/revisions"}],"predecessor-version":[{"id":144411,"href":"https:\/\/www.tgrthaber.com\/mavikadin\/wp-json\/wp\/v2\/posts\/144405\/revisions\/144411"}],"wp:featuredmedia":[{"embeddable":true,"href":"https:\/\/www.tgrthaber.com\/mavikadin\/wp-json\/wp\/v2\/media\/144406"}],"wp:attachment":[{"href":"https:\/\/www.tgrthaber.com\/mavikadin\/wp-json\/wp\/v2\/media?parent=144405"}],"wp:term":[{"taxonomy":"category","embeddable":true,"href":"https:\/\/www.tgrthaber.com\/mavikadin\/wp-json\/wp\/v2\/categories?post=144405"},{"taxonomy":"post_tag","embeddable":true,"href":"https:\/\/www.tgrthaber.com\/mavikadin\/wp-json\/wp\/v2\/tags?post=144405"}],"curies":[{"name":"wp","href":"https:\/\/api.w.org\/{rel}","templated":true}]}}