{"id":144491,"date":"2025-03-10T02:05:41","date_gmt":"2025-03-09T23:05:41","guid":{"rendered":"https:\/\/www.tgrthaber.com\/mavikadin\/?p=144491"},"modified":"2025-03-10T02:05:42","modified_gmt":"2025-03-09T23:05:42","slug":"instagrama-yeni-gelen-blend-ozelligi-nedir-nasil-acilir-ve-nasil-kullanilir","status":"publish","type":"post","link":"https:\/\/www.tgrthaber.com\/mavikadin\/instagrama-yeni-gelen-blend-ozelligi-nedir-nasil-acilir-ve-nasil-kullanilir\/","title":{"rendered":"Instagram&#8217;a yeni gelen Blend \u00f6zelli\u011fi nedir, nas\u0131l a\u00e7\u0131l\u0131r ve nas\u0131l kullan\u0131l\u0131r?"},"content":{"rendered":"<p>Instagram kullan\u0131c\u0131lar\u0131na yeni bir \u00f6zellik geldi. Blend olarak ayarlad\u0131\u011f\u0131n\u0131z ki\u015filerle birbirinize g\u00f6nderdi\u011finiz Reels videolar\u0131 ortak ke\u015ffet alan\u0131na d\u00f6n\u00fc\u015ft\u00fcrebileceksiniz. \u0130nstagram deneyimini geli\u015ftirmek ve daha fazla etkile\u015fimi art\u0131rmak amac\u0131yla &#8220;Blend&#8221; (Derleme) adl\u0131 yeni bir \u00f6zellik tan\u0131tt\u0131. Peki, Instagram Blend \u00f6zelli\u011fi nedir, nas\u0131l a\u00e7\u0131l\u0131r ve nas\u0131l kullan\u0131l\u0131r?<\/p>\n<h3>BLEND NED\u0130R?<\/h3>\n<p>Instagram &#8216;Blend&#8217; \u00f6zelli\u011fiyle kullan\u0131c\u0131lara farkl\u0131 bir deneyimin kap\u0131s\u0131n\u0131 a\u00e7t\u0131. \u00a0T\u00fcrk\u00e7esi kar\u015f\u0131l\u0131\u011f\u0131\u00a0 &#8216;Derleme&#8217; olan \u00f6zelli\u011fin \u0131nstagram kullan\u0131c\u0131lar\u0131 i\u00e7in ortak ilgi alan\u0131 payla\u015f\u0131m\u0131 sunuyor. Instagram platformunda yer alan Reels videolar\u0131n\u0131 daha ki\u015fisel ve etkile\u015fimli hale getirmek ad\u0131na dizayn edilmi\u015f bir uygulama \u00f6zelli\u011fidir. \u00d6zellik sayesinde iki kullan\u0131c\u0131 birbirlerine Blend daveti g\u00f6ndererek, kendi ortak ve ilgi alanlar\u0131n\u0131 olu\u015fturabilir ve ortak Reels i\u00e7eriklerine dayal\u0131 videolar yay\u0131nlan\u0131yor.<\/p>\n<p><img loading=\"lazy\" decoding=\"async\" class=\"alignnone wp-image-144500\" src=\"https:\/\/www.tgrthaber.com\/mavikadin\/wp-content\/uploads\/instagran-blend-nedir-300x169.jpg\" alt=\"\u0131nstagran blend nedir\" width=\"1208\" height=\"680\" title=\"\" srcset=\"https:\/\/www.tgrthaber.com\/mavikadin\/wp-content\/uploads\/instagran-blend-nedir-300x169.jpg 300w, https:\/\/www.tgrthaber.com\/mavikadin\/wp-content\/uploads\/instagran-blend-nedir-1024x576.jpg 1024w, https:\/\/www.tgrthaber.com\/mavikadin\/wp-content\/uploads\/instagran-blend-nedir-768x432.jpg 768w, https:\/\/www.tgrthaber.com\/mavikadin\/wp-content\/uploads\/instagran-blend-nedir-1536x864.jpg 1536w, https:\/\/www.tgrthaber.com\/mavikadin\/wp-content\/uploads\/instagran-blend-nedir.jpg 1920w\" sizes=\"(max-width: 1208px) 100vw, 1208px\" \/><\/p>\n<hr \/>\n<h3>BLEND \u00d6ZELL\u0130\u011e\u0130 NED\u0130R?<\/h3>\n<ul>\n<li><strong>Ortak ke\u015ffet alan\u0131 olu\u015fturma<\/strong><\/li>\n<\/ul>\n<p>Blend \u00f6zelli\u011fiyle kullan\u0131c\u0131lar, arkada\u015flar\u0131 ile birlikte payla\u015ft\u0131klar\u0131 i\u00e7erikler \u00fczerinden ortak bir ke\u015ffet ak\u0131\u015f\u0131 olu\u015fturabilir. Arkada\u015flar\u0131n\u0131z\u0131n be\u011fendi\u011fi ve payla\u015ft\u0131\u011f\u0131 Reels videolar\u0131na kolayl\u0131kla eri\u015fim sa\u011flanabilir.<\/p>\n<ul>\n<li><strong>Ki\u015fiselle\u015ftirilmi\u015f i\u00e7erik \u00f6nerileri<\/strong><\/li>\n<\/ul>\n<p>Instagram \u00fczerinden kar\u015f\u0131l\u0131kl\u0131 g\u00f6nderilen Reels videolar\u0131, ortak bir ke\u015ffet ak\u0131\u015f\u0131 olu\u015fturur. \u0130lgi alanlar\u0131n\u0131za uygun i\u00e7erikleri \u00f6nerir. Instagram kullan\u0131c\u0131lar\u0131n\u0131n ilgisini \u00e7ekecek i\u00e7eriklerle kar\u015f\u0131la\u015fmas\u0131n\u0131 sa\u011flar.<\/p>\n<p><img loading=\"lazy\" decoding=\"async\" class=\"alignnone wp-image-144501\" src=\"https:\/\/www.tgrthaber.com\/mavikadin\/wp-content\/uploads\/instagram-blend-nasil-kullanilir-300x169.jpg\" alt=\"\u0131nstagram blend nas\u0131l kullan\u0131l\u0131r\" width=\"1208\" height=\"680\" title=\"\" srcset=\"https:\/\/www.tgrthaber.com\/mavikadin\/wp-content\/uploads\/instagram-blend-nasil-kullanilir-300x169.jpg 300w, https:\/\/www.tgrthaber.com\/mavikadin\/wp-content\/uploads\/instagram-blend-nasil-kullanilir-1024x576.jpg 1024w, https:\/\/www.tgrthaber.com\/mavikadin\/wp-content\/uploads\/instagram-blend-nasil-kullanilir-768x432.jpg 768w, https:\/\/www.tgrthaber.com\/mavikadin\/wp-content\/uploads\/instagram-blend-nasil-kullanilir-1536x864.jpg 1536w, https:\/\/www.tgrthaber.com\/mavikadin\/wp-content\/uploads\/instagram-blend-nasil-kullanilir.jpg 1920w\" sizes=\"(max-width: 1208px) 100vw, 1208px\" \/><\/p>\n<hr \/>\n<h3>INSTAGRAM BLEND \u00d6ZELL\u0130\u011e\u0130 NASIL KULLANILIR?<\/h3>\n<p>\u0130\u015fte Blend \u00f6zelli\u011fini kullanabilmek i\u00e7in yapman\u0131z gereken ad\u0131mlar \u015f\u00f6yledir:<\/p>\n<ul>\n<li>Instagram uygulamas\u0131n\u0131 en g\u00fcncel s\u00fcr\u00fcm\u00fcn\u00fc telefonuna y\u00fcklemeniz gerekir.<\/li>\n<li>Uygulamay\u0131 a\u00e7\u0131n ve alt k\u0131s\u0131mdaki Reels simgesine t\u0131klay\u0131n orada yer alan Reels b\u00f6l\u00fcm\u00fcne giri\u015f i\u00e7in t\u0131klay\u0131n.<\/li>\n<li>Reels b\u00f6l\u00fcm\u00fcnde yer alan &#8220;Blend&#8221; se\u00e7ene\u011fine t\u0131klay\u0131n. G\u00f6ndermek istedi\u011finiz arkada\u015flar\u0131n\u0131z\u0131 Blend&#8217;e davet edebilir ve ortak payla\u015f\u0131m alan\u0131 olu\u015fturabilirsiniz.<\/li>\n<li>Arkada\u015f\u0131n\u0131za g\u00f6nderdi\u011finiz Blend davetini kabul ettikten sonra ortak kullan\u0131m alan\u0131 aktif olur.<\/li>\n<li>Blend grubunda yer alan arkada\u015flar\u0131n\u0131zla ortak ke\u015ffet ak\u0131\u015f\u0131ndaki g\u00f6r\u00fcnt\u00fcleri kolayl\u0131kla izleyebilirsiniz.<\/li>\n<\/ul>\n","protected":false},"excerpt":{"rendered":"<p>Instagram kullan\u0131c\u0131lar\u0131na yeni bir \u00f6zellik geldi. Blend olarak ayarlad\u0131\u011f\u0131n\u0131z ki\u015filerle birbirinize g\u00f6nderdi\u011finiz Reels videolar\u0131 ortak ke\u015ffet alan\u0131na d\u00f6n\u00fc\u015ft\u00fcrebileceksiniz. \u0130nstagram deneyimini geli\u015ftirmek ve daha fazla etkile\u015fimi art\u0131rmak amac\u0131yla &#8220;Blend&#8221; (Derleme) adl\u0131 yeni bir \u00f6zellik tan\u0131tt\u0131. Peki, Instagram Blend \u00f6zelli\u011fi nedir, nas\u0131l a\u00e7\u0131l\u0131r ve nas\u0131l kullan\u0131l\u0131r?<\/p>\n","protected":false},"author":10,"featured_media":144502,"comment_status":"closed","ping_status":"closed","sticky":false,"template":"","format":"standard","meta":{"rank_math_lock_modified_date":false,"footnotes":""},"categories":[101],"tags":[13609,13611,13610,13612,247],"class_list":["post-144491","post","type-post","status-publish","format-standard","has-post-thumbnail","hentry","category-kesfet","tag-instagram-blend","tag-instagram-blend-kullanimi","tag-instagram-blend-nedir","tag-instagram-blend-ozelligi","tag-kesfet"],"_links":{"self":[{"href":"https:\/\/www.tgrthaber.com\/mavikadin\/wp-json\/wp\/v2\/posts\/144491"}],"collection":[{"href":"https:\/\/www.tgrthaber.com\/mavikadin\/wp-json\/wp\/v2\/posts"}],"about":[{"href":"https:\/\/www.tgrthaber.com\/mavikadin\/wp-json\/wp\/v2\/types\/post"}],"author":[{"embeddable":true,"href":"https:\/\/www.tgrthaber.com\/mavikadin\/wp-json\/wp\/v2\/users\/10"}],"replies":[{"embeddable":true,"href":"https:\/\/www.tgrthaber.com\/mavikadin\/wp-json\/wp\/v2\/comments?post=144491"}],"version-history":[{"count":1,"href":"https:\/\/www.tgrthaber.com\/mavikadin\/wp-json\/wp\/v2\/posts\/144491\/revisions"}],"predecessor-version":[{"id":144503,"href":"https:\/\/www.tgrthaber.com\/mavikadin\/wp-json\/wp\/v2\/posts\/144491\/revisions\/144503"}],"wp:featuredmedia":[{"embeddable":true,"href":"https:\/\/www.tgrthaber.com\/mavikadin\/wp-json\/wp\/v2\/media\/144502"}],"wp:attachment":[{"href":"https:\/\/www.tgrthaber.com\/mavikadin\/wp-json\/wp\/v2\/media?parent=144491"}],"wp:term":[{"taxonomy":"category","embeddable":true,"href":"https:\/\/www.tgrthaber.com\/mavikadin\/wp-json\/wp\/v2\/categories?post=144491"},{"taxonomy":"post_tag","embeddable":true,"href":"https:\/\/www.tgrthaber.com\/mavikadin\/wp-json\/wp\/v2\/tags?post=144491"}],"curies":[{"name":"wp","href":"https:\/\/api.w.org\/{rel}","templated":true}]}}