{"id":144525,"date":"2025-03-10T03:10:57","date_gmt":"2025-03-10T00:10:57","guid":{"rendered":"https:\/\/www.tgrthaber.com\/mavikadin\/?p=144525"},"modified":"2025-03-10T03:10:57","modified_gmt":"2025-03-10T00:10:57","slug":"unlu-fenomen-ragiptan-alkislanacak-bir-davranis-ayakkabi-boyacisini-dubaiye-goturdu","status":"publish","type":"post","link":"https:\/\/www.tgrthaber.com\/mavikadin\/unlu-fenomen-ragiptan-alkislanacak-bir-davranis-ayakkabi-boyacisini-dubaiye-goturdu\/","title":{"rendered":"\u00dcnl\u00fc fenomen Rag\u0131p\u2019tan alk\u0131\u015flanacak bir davran\u0131\u015f! Ayakkab\u0131 boyac\u0131s\u0131n\u0131 Dubai\u2019ye g\u00f6t\u00fcrd\u00fc!"},"content":{"rendered":"<p>\u0130\u00e7erik \u00fcreticisi Rag\u0131p Narin, sokak r\u00f6portaj\u0131nda bilgisiyle dikkat \u00e7eken ve tart\u0131c\u0131l\u0131k yapan vatanda\u015f\u0131 Dubai\u2019ye g\u00f6t\u00fcrd\u00fc. Fenomenin sosyal medyas\u0131nda payla\u015ft\u0131\u011f\u0131 o anlar binlerce be\u011feni ve yorum al\u0131rken davran\u0131\u015f\u0131yla da takip\u00e7ilerinden takdir toplad\u0131.<\/p>\n<h3>AYAKKABI BOYACISI DUBA\u0130\u2019DE<\/h3>\n<p>\u0130\u00e7erik \u00fcreticisi ve fenomeni Rag\u0131p Narin, tart\u0131c\u0131l\u0131k yapan Haydar isimli vatanda\u015f, kendisiyle yap\u0131lan sokak r\u00f6portaj\u0131nda sorulan t\u00fcm sorular\u0131 bildi. Haydar isimli vatanda\u015f\u0131n videosu sosyal medya kullan\u0131c\u0131lar\u0131n\u0131n dikkati \u00e7ekerken, i\u00e7erik \u00fcretici Rag\u0131p Narin Dubai\u2019ye g\u00f6t\u00fcrd\u00fc. Fenomenin sergilemi\u015f oldu\u011fu bu tav\u0131r sosyal medyada be\u011feni kazand\u0131. Tart\u0131c\u0131l\u0131k yapan Haydar isimli vatanda\u015f\u0131n hayallerinden biri de Dubai\u2019ye gitmekti. Fenomen Rag\u0131p, Haydar abinin dile\u011fini yerine getirerek, onu Dubai\u2019ye g\u00f6t\u00fcrd\u00fc. Fenomen o anlar\u0131 video \u00e7ekerek sosyal medya hesab\u0131ndan payla\u015ft\u0131.<\/p>\n<div style=\"width: 640px;\" class=\"wp-video\"><!--[if lt IE 9]><script>document.createElement('video');<\/script><![endif]-->\n<video class=\"wp-video-shortcode\" id=\"video-144525-1\" width=\"640\" height=\"1138\" preload=\"metadata\" controls=\"controls\"><source type=\"video\/mp4\" src=\"https:\/\/www.tgrthaber.com\/mavikadin\/wp-content\/uploads\/Unlu-fenomen-Ragiptan-alkislanacak-bir-davranis-Ayakkabi-boyacisini-Dubaiye-goturdu.mp4?_=1\" \/><a href=\"https:\/\/www.tgrthaber.com\/mavikadin\/wp-content\/uploads\/Unlu-fenomen-Ragiptan-alkislanacak-bir-davranis-Ayakkabi-boyacisini-Dubaiye-goturdu.mp4\">https:\/\/www.tgrthaber.com\/mavikadin\/wp-content\/uploads\/Unlu-fenomen-Ragiptan-alkislanacak-bir-davranis-Ayakkabi-boyacisini-Dubaiye-goturdu.mp4<\/a><\/video><\/div>\n<hr \/>\n<h3>\u201cEN B\u0130LG\u0130L\u0130 \u0130NSANLARDAN B\u0130R\u0130\u201d<\/h3>\n<p>\u0130\u00e7erik \u00fcreticisi Rag\u0131p Narin, Haydar isimli vatanda\u015fla yapt\u0131\u011f\u0131 Duabi yolculu\u011funu \u201cBu g\u00fczel insan, Haydar abim\u2026 Okul okuma imk\u00e2n\u0131 olmamas\u0131na ra\u011fmen, k\u00fc\u00e7\u00fckl\u00fc\u011f\u00fcnden beri ara\u015ft\u0131rmac\u0131 ruhuyla haritalar\u0131, d\u00fcnya tarihini ve bir\u00e7ok bilgiyi incelemi\u015f. \u0130nan\u0131n, bug\u00fcne kadar tan\u0131d\u0131\u011f\u0131m en bilgili insanlardan biri. Ama gelin g\u00f6r\u00fcn ki, adaletsizli\u011fin s\u0131radanla\u015ft\u0131\u011f\u0131 bu d\u00fcnyada ge\u00e7imini sa\u011flamak i\u00e7in tart\u0131c\u0131l\u0131k yapmak zorunda kalm\u0131\u015f. Ben ise bu sisteme kar\u015f\u0131 durarak, onun hayallerini ger\u00e7ekle\u015ftirdim. Umar\u0131m imk\u00e2n\u0131 olan herkes benzer projeler yapar da \u00fclkemiz \u00e7ok daha g\u00fczel yerlere gelir\u2026\u201d g\u00fczel bir notla payla\u015ft\u0131.<\/p>\n<p><img loading=\"lazy\" decoding=\"async\" class=\"alignnone wp-image-144527\" src=\"https:\/\/www.tgrthaber.com\/mavikadin\/wp-content\/uploads\/Unlu-fenomen-Ragiptan-alkislanacak-bir-davranis-Ayakkabi-boyacisini-Dubaiye-goturdu-300x169.jpg\" alt=\"\u00dcnl\u00fc fenomen Rag\u0131p\u2019tan alk\u0131\u015flanacak bir davran\u0131\u015f! Ayakkab\u0131 boyac\u0131s\u0131n\u0131 Dubai\u2019ye g\u00f6t\u00fcrd\u00fc!\" width=\"1208\" height=\"680\" title=\"\" srcset=\"https:\/\/www.tgrthaber.com\/mavikadin\/wp-content\/uploads\/Unlu-fenomen-Ragiptan-alkislanacak-bir-davranis-Ayakkabi-boyacisini-Dubaiye-goturdu-300x169.jpg 300w, https:\/\/www.tgrthaber.com\/mavikadin\/wp-content\/uploads\/Unlu-fenomen-Ragiptan-alkislanacak-bir-davranis-Ayakkabi-boyacisini-Dubaiye-goturdu-1024x576.jpg 1024w, https:\/\/www.tgrthaber.com\/mavikadin\/wp-content\/uploads\/Unlu-fenomen-Ragiptan-alkislanacak-bir-davranis-Ayakkabi-boyacisini-Dubaiye-goturdu-768x432.jpg 768w, https:\/\/www.tgrthaber.com\/mavikadin\/wp-content\/uploads\/Unlu-fenomen-Ragiptan-alkislanacak-bir-davranis-Ayakkabi-boyacisini-Dubaiye-goturdu-1536x864.jpg 1536w, https:\/\/www.tgrthaber.com\/mavikadin\/wp-content\/uploads\/Unlu-fenomen-Ragiptan-alkislanacak-bir-davranis-Ayakkabi-boyacisini-Dubaiye-goturdu.jpg 1920w\" sizes=\"(max-width: 1208px) 100vw, 1208px\" \/><\/p>\n<hr \/>\n<h3>FENOMEN RAGIP SOSYAL MEDYADAN TAKD\u0130R TOPLADI<\/h3>\n<p>Haydar isimli vatanda\u015fla ger\u00e7ekle\u015ftirdi\u011fi Duabi yolculu\u011funu payla\u015fan i\u00e7erik \u00fcretici Rag\u0131p Narin, takip\u00e7ilerinden ve sosyal medya kullan\u0131c\u0131lar\u0131ndan takdir toplad\u0131.<\/p>\n<p>\u201cHelal olsun Rag\u0131p Narin\u2019e. Daha \u00f6nce ba\u015fka biride yapm\u0131\u015f bu abi i\u00e7in. Hak edene b\u00f6yle incelikler yapacaks\u0131n. Tekrar helal olsun, y\u00fcre\u011fine sa\u011fl\u0131k\u201d<\/p>\n<p>\u201cKazand\u0131\u011f\u0131n para sana helal ho\u015f olsun do\u011fru adam\u0131 \u00fcnl\u00fc etmi\u015fiz\u201d<\/p>\n<p>\u201cAferin ilk defa bu t\u00fcr i\u015fleri yapan\u0131 be\u011fendim. O abi ad\u0131na \u00e7ok sevindim sana da te\u015fekk\u00fcrler\u201d<\/p>\n","protected":false},"excerpt":{"rendered":"<p>\u0130\u00e7erik \u00fcreticisi Rag\u0131p Narin, sokak r\u00f6portaj\u0131nda bilgisiyle dikkat \u00e7eken ve tart\u0131c\u0131l\u0131k yapan vatanda\u015f\u0131 Dubai\u2019ye g\u00f6t\u00fcrd\u00fc. Fenomenin sosyal medyas\u0131nda payla\u015ft\u0131\u011f\u0131 o anlar binlerce be\u011feni ve yorum al\u0131rken davran\u0131\u015f\u0131yla da takip\u00e7ilerinden takdir toplad\u0131. <\/p>\n","protected":false},"author":10,"featured_media":144527,"comment_status":"closed","ping_status":"closed","sticky":false,"template":"","format":"standard","meta":{"rank_math_lock_modified_date":false,"footnotes":""},"categories":[101],"tags":[11846,13616,133,2218],"class_list":["post-144525","post","type-post","status-publish","format-standard","has-post-thumbnail","hentry","category-kesfet","tag-dubai","tag-fenomen-ragip-narin","tag-magazin","tag-magazin-haberleri"],"_links":{"self":[{"href":"https:\/\/www.tgrthaber.com\/mavikadin\/wp-json\/wp\/v2\/posts\/144525"}],"collection":[{"href":"https:\/\/www.tgrthaber.com\/mavikadin\/wp-json\/wp\/v2\/posts"}],"about":[{"href":"https:\/\/www.tgrthaber.com\/mavikadin\/wp-json\/wp\/v2\/types\/post"}],"author":[{"embeddable":true,"href":"https:\/\/www.tgrthaber.com\/mavikadin\/wp-json\/wp\/v2\/users\/10"}],"replies":[{"embeddable":true,"href":"https:\/\/www.tgrthaber.com\/mavikadin\/wp-json\/wp\/v2\/comments?post=144525"}],"version-history":[{"count":1,"href":"https:\/\/www.tgrthaber.com\/mavikadin\/wp-json\/wp\/v2\/posts\/144525\/revisions"}],"predecessor-version":[{"id":144528,"href":"https:\/\/www.tgrthaber.com\/mavikadin\/wp-json\/wp\/v2\/posts\/144525\/revisions\/144528"}],"wp:featuredmedia":[{"embeddable":true,"href":"https:\/\/www.tgrthaber.com\/mavikadin\/wp-json\/wp\/v2\/media\/144527"}],"wp:attachment":[{"href":"https:\/\/www.tgrthaber.com\/mavikadin\/wp-json\/wp\/v2\/media?parent=144525"}],"wp:term":[{"taxonomy":"category","embeddable":true,"href":"https:\/\/www.tgrthaber.com\/mavikadin\/wp-json\/wp\/v2\/categories?post=144525"},{"taxonomy":"post_tag","embeddable":true,"href":"https:\/\/www.tgrthaber.com\/mavikadin\/wp-json\/wp\/v2\/tags?post=144525"}],"curies":[{"name":"wp","href":"https:\/\/api.w.org\/{rel}","templated":true}]}}