{"id":144534,"date":"2025-03-10T04:01:04","date_gmt":"2025-03-10T01:01:04","guid":{"rendered":"https:\/\/www.tgrthaber.com\/mavikadin\/?p=144534"},"modified":"2025-03-15T22:17:39","modified_gmt":"2025-03-15T19:17:39","slug":"zaferin-rengi-filmi-hangi-kanalda-yayinlanacak-zaferin-rengi-filmi-konusu-oyunculari-kim","status":"publish","type":"post","link":"https:\/\/www.tgrthaber.com\/mavikadin\/zaferin-rengi-filmi-hangi-kanalda-yayinlanacak-zaferin-rengi-filmi-konusu-oyunculari-kim\/","title":{"rendered":"Zaferin Rengi filmi hangi kanalda yay\u0131nlanacak? Zaferin Rengi filmi konusu, oyuncular\u0131 kim?"},"content":{"rendered":"<p>ANS Film imzal\u0131 &#8216;Zaferin Rengi&#8217; filmi, Milli M\u00fccadele d\u00f6neminin sembol\u00fc olan &#8216;Harington Kupas\u0131&#8217;n\u0131 ele al\u0131yor. Ba\u015frollerinde Yi\u011fit \u00d6z\u015fener, Kubilay Aka, Nejat \u0130\u015fler, Gonca Vuslateri ve Birce Akalay oynuyor. Peki, Zaferin Rengi filminin konusu nedir? Zaferin Rengi filmi ger\u00e7ek hikaye mi? Zaferin Rengi filmi oyuncular\u0131 kim? Zaferin Rengi filmi hangi kanalda yay\u0131nlanacak?<\/p>\n<h3>ZAFER\u0130N RENG\u0130 F\u0130LM\u0130 KONUSU<\/h3>\n<p>Zaferin Rengi, 1919 y\u0131l\u0131nda \u0130stanbul&#8217;u i\u015fgal eden d\u00fc\u015fman kuvvetlerine kar\u015f\u0131 \u00f6rg\u00fctlenen insanlar\u0131n Anadolu&#8217;da ba\u015flatt\u0131klar\u0131 direni\u015fi, Cumhuriyet tarihinin en \u00f6nemli spor ba\u015far\u0131lar\u0131ndan olan General Harington Kupas\u0131 efsanesinin etraf\u0131nda anlat\u0131yor. 1918-1923 y\u0131llar\u0131 aras\u0131nda ya\u015fanm\u0131\u015f ger\u00e7ek olaylara dayanan, Mustafa Kemal Atat\u00fcrk \u00f6nderli\u011finde Anadolu\u2019da ba\u015flat\u0131lan milli m\u00fccadele, i\u015fgal alt\u0131nda bulunan \u0130stanbul&#8217;da b\u00fcy\u00fcr. Bu s\u00fcre\u00e7te kazand\u0131klar\u0131 futbol zaferleriyle moral bulan T\u00fcrk halk\u0131, ba\u011f\u0131ms\u0131zl\u0131k i\u00e7in ciddi bir direni\u015f ba\u015flat\u0131r.<\/p>\n<p><img loading=\"lazy\" decoding=\"async\" class=\"alignnone wp-image-144536\" src=\"https:\/\/www.tgrthaber.com\/mavikadin\/wp-content\/uploads\/zaferin-rengi-konusu-300x169.jpg\" alt=\"zaferin rengi konusu\" width=\"1208\" height=\"680\" title=\"\" srcset=\"https:\/\/www.tgrthaber.com\/mavikadin\/wp-content\/uploads\/zaferin-rengi-konusu-300x169.jpg 300w, https:\/\/www.tgrthaber.com\/mavikadin\/wp-content\/uploads\/zaferin-rengi-konusu-1024x576.jpg 1024w, https:\/\/www.tgrthaber.com\/mavikadin\/wp-content\/uploads\/zaferin-rengi-konusu-768x432.jpg 768w, https:\/\/www.tgrthaber.com\/mavikadin\/wp-content\/uploads\/zaferin-rengi-konusu-1536x864.jpg 1536w, https:\/\/www.tgrthaber.com\/mavikadin\/wp-content\/uploads\/zaferin-rengi-konusu.jpg 1920w\" sizes=\"(max-width: 1208px) 100vw, 1208px\" \/><\/p>\n<hr \/>\n<h3>ZAFER\u0130N RENG\u0130 F\u0130LM\u0130N\u0130N OYUNCU KADROSU<\/h3>\n<ul>\n<li>Kubilay Aka \u2013 Galip bey<\/li>\n<li>Timu\u00e7in Esen \u2013 Topkap\u0131l\u0131 Cambaz<\/li>\n<li>Nejat \u0130\u015fler \u2013 Sabri Toprak<\/li>\n<li>G\u00fclper \u00d6zdemir \u2013 Peyker<\/li>\n<li>Gonca Vuslateri \u2013 Vera<\/li>\n<li>Birce Akalay- Halide Edip<\/li>\n<li>Yi\u011fit \u00d6z\u015fener \u2013 Mustafa Kemal Pa\u015fa<\/li>\n<li>\u015eeyma Pe\u00e7e &#8211; Eleni<\/li>\n<li>Lorin Merhart &#8211; Arif<\/li>\n<li>Kemal Burak Alper &#8211; Pandikyan<\/li>\n<li>Bora Cengiz &#8211; Nasuhi<\/li>\n<li>Hasan Elmas &#8211; Elk\u00e2tipzade<\/li>\n<li>Erkan Baylav &#8211; Karnik<\/li>\n<li>Pelin Uluksar &#8211; Mari<\/li>\n<li>Miro Gerede Erkaya &#8211; Cox<\/li>\n<li>Emircan Kahyeri &#8211; Ali Sami Yen<\/li>\n<li>Ayaz \u00c7oban &#8211; Yusuf<\/li>\n<li>David Masterson &#8211; General Harington<\/li>\n<li>Kenneth James Dakan &#8211; General Milne<\/li>\n<li>Arif Pi\u015fkin &#8211; Mustafa Bey<\/li>\n<li>Engin Hepileri &#8211; Rauf Orbay<\/li>\n<li>Selen \u00d6zt\u00fcrk &#8211; \u015eefika Han\u0131m<\/li>\n<li>Ruhi Sar\u0131 &#8211; Sultan Vahidettin<\/li>\n<li>Do\u011fukan G\u00fcng\u00f6r &#8211; Fahir<\/li>\n<li>Bedir Bedir &#8211; \u0130smet \u0130n\u00f6n\u00fc<\/li>\n<li>Nizam Namidar &#8211; Damat Ferit Pa\u015fa<\/li>\n<li>Ayta\u00e7 U\u015fun &#8211; Fethi Bey<\/li>\n<li>Mustafa Ats\u0131z Karaduman &#8211; \u015eeyh Ata Efendi<\/li>\n<\/ul>\n<p><img loading=\"lazy\" decoding=\"async\" class=\"alignnone wp-image-144535\" src=\"https:\/\/www.tgrthaber.com\/mavikadin\/wp-content\/uploads\/zaferin-rengi-oyuncu-kadrosu-300x169.jpg\" alt=\"zaferin rengi oyuncu kadrosu\" width=\"1208\" height=\"680\" title=\"\" srcset=\"https:\/\/www.tgrthaber.com\/mavikadin\/wp-content\/uploads\/zaferin-rengi-oyuncu-kadrosu-300x169.jpg 300w, https:\/\/www.tgrthaber.com\/mavikadin\/wp-content\/uploads\/zaferin-rengi-oyuncu-kadrosu-1024x576.jpg 1024w, https:\/\/www.tgrthaber.com\/mavikadin\/wp-content\/uploads\/zaferin-rengi-oyuncu-kadrosu-768x432.jpg 768w, https:\/\/www.tgrthaber.com\/mavikadin\/wp-content\/uploads\/zaferin-rengi-oyuncu-kadrosu-1536x864.jpg 1536w, https:\/\/www.tgrthaber.com\/mavikadin\/wp-content\/uploads\/zaferin-rengi-oyuncu-kadrosu.jpg 1920w\" sizes=\"(max-width: 1208px) 100vw, 1208px\" \/><\/p>\n<hr \/>\n<h3>ZAFER\u0130N RENG\u0130 F\u0130LM\u0130 HANG\u0130 KANALDA OYNAYACAK?<\/h3>\n<p>16 \u015eubat 2024 y\u0131l\u0131nda vizyona giren Zaferin Rengi filmi ilk defa televizyonda oynayacak. Zaferin Rengi filmini NOW kanal\u0131nda 15 Mart 2025 Cumartesi g\u00fcn\u00fc saat 20:00\u2019da seyircisiyle bulu\u015facak. Y\u00f6netmenli\u011fini ve senaristli\u011fini Abdullah O\u011fuz ve Evren O\u011fuz yapt\u0131\u011f\u0131 film tarihe yolculuk yapt\u0131r\u0131yor.<\/p>\n<p><img loading=\"lazy\" decoding=\"async\" class=\"alignnone wp-image-147609\" src=\"https:\/\/www.tgrthaber.com\/mavikadin\/wp-content\/uploads\/zaferin-rengi-nowda-yayinda-300x169.jpg\" alt=\"zaferin rengi now&#039;da yay\u0131nda\" width=\"1208\" height=\"680\" title=\"\" srcset=\"https:\/\/www.tgrthaber.com\/mavikadin\/wp-content\/uploads\/zaferin-rengi-nowda-yayinda-300x169.jpg 300w, https:\/\/www.tgrthaber.com\/mavikadin\/wp-content\/uploads\/zaferin-rengi-nowda-yayinda-1024x576.jpg 1024w, https:\/\/www.tgrthaber.com\/mavikadin\/wp-content\/uploads\/zaferin-rengi-nowda-yayinda-768x432.jpg 768w, https:\/\/www.tgrthaber.com\/mavikadin\/wp-content\/uploads\/zaferin-rengi-nowda-yayinda-1536x864.jpg 1536w, https:\/\/www.tgrthaber.com\/mavikadin\/wp-content\/uploads\/zaferin-rengi-nowda-yayinda.jpg 1920w\" sizes=\"(max-width: 1208px) 100vw, 1208px\" \/><\/p>\n<hr \/>\n<h3>ZAFER\u0130N RENG\u0130 YAYINLANDI MI?<\/h3>\n<p>2024 y\u0131l\u0131nda vizyona giren ve seyredildi\u011fi d\u00f6nemde be\u011feni kazanan Zaferin Rengi filmi, beyaz perdeden sonra televizyonda ilk kez yay\u0131nland\u0131. NOW TV&#8217;de saat 20:00&#8217;de yay\u0131nlanana film, izleyenler taraf\u0131ndan bir kez daha be\u011fenildi. Zaferin Rengi televizyonda yay\u0131nlan\u0131r yay\u0131nlanmaz sosyal medyadan geri d\u00f6n\u00fc\u015fler olumlu y\u00f6nde yap\u0131ld\u0131. Cumhuriyet d\u00f6neminde ya\u015fan\u0131lan s\u0131k\u0131nt\u0131lar\u0131n yan\u0131nda spor camias\u0131nda da T\u00fcrk tak\u0131m\u0131 Fenerbah\u00e7e&#8217;nin kazand\u0131\u011f\u0131 zaferin rengiyle T\u00fcrkiye unutulmaz bir zafere imza atm\u0131\u015ft\u0131.<\/p>\n","protected":false},"excerpt":{"rendered":"<p>ANS Film imzal\u0131 &#8216;Zaferin Rengi&#8217; filmi, Milli M\u00fccadele d\u00f6neminin sembol\u00fc olan &#8216;Harington Kupas\u0131&#8217;n\u0131 ele al\u0131yor. Ba\u015frollerinde Yi\u011fit \u00d6z\u015fener, Kubilay Aka, Nejat \u0130\u015fler, Gonca Vuslateri ve Birce Akalay oynuyor. Peki, Zaferin Rengi filminin konusu nedir? Zaferin Rengi filmi ger\u00e7ek hikaye mi? Zaferin Rengi filmi oyuncular\u0131 kim? Zaferin Rengi filmi hangi kanalda yay\u0131nlanacak?<\/p>\n","protected":false},"author":10,"featured_media":144537,"comment_status":"closed","ping_status":"closed","sticky":false,"template":"","format":"standard","meta":{"rank_math_lock_modified_date":false,"footnotes":""},"categories":[602],"tags":[2628,10390,13622,13623,13625,13624],"class_list":["post-144534","post","type-post","status-publish","format-standard","has-post-thumbnail","hentry","category-diziler","tag-dizi-haberleri","tag-dizi-magazin","tag-zaferin-rengi","tag-zaferin-rengi-konusu","tag-zaferin-rengi-now","tag-zaferin-rengi-oyuncu-kadrosu"],"_links":{"self":[{"href":"https:\/\/www.tgrthaber.com\/mavikadin\/wp-json\/wp\/v2\/posts\/144534"}],"collection":[{"href":"https:\/\/www.tgrthaber.com\/mavikadin\/wp-json\/wp\/v2\/posts"}],"about":[{"href":"https:\/\/www.tgrthaber.com\/mavikadin\/wp-json\/wp\/v2\/types\/post"}],"author":[{"embeddable":true,"href":"https:\/\/www.tgrthaber.com\/mavikadin\/wp-json\/wp\/v2\/users\/10"}],"replies":[{"embeddable":true,"href":"https:\/\/www.tgrthaber.com\/mavikadin\/wp-json\/wp\/v2\/comments?post=144534"}],"version-history":[{"count":3,"href":"https:\/\/www.tgrthaber.com\/mavikadin\/wp-json\/wp\/v2\/posts\/144534\/revisions"}],"predecessor-version":[{"id":147610,"href":"https:\/\/www.tgrthaber.com\/mavikadin\/wp-json\/wp\/v2\/posts\/144534\/revisions\/147610"}],"wp:featuredmedia":[{"embeddable":true,"href":"https:\/\/www.tgrthaber.com\/mavikadin\/wp-json\/wp\/v2\/media\/144537"}],"wp:attachment":[{"href":"https:\/\/www.tgrthaber.com\/mavikadin\/wp-json\/wp\/v2\/media?parent=144534"}],"wp:term":[{"taxonomy":"category","embeddable":true,"href":"https:\/\/www.tgrthaber.com\/mavikadin\/wp-json\/wp\/v2\/categories?post=144534"},{"taxonomy":"post_tag","embeddable":true,"href":"https:\/\/www.tgrthaber.com\/mavikadin\/wp-json\/wp\/v2\/tags?post=144534"}],"curies":[{"name":"wp","href":"https:\/\/api.w.org\/{rel}","templated":true}]}}