{"id":144572,"date":"2025-03-10T11:12:34","date_gmt":"2025-03-10T08:12:34","guid":{"rendered":"https:\/\/www.tgrthaber.com\/mavikadin\/?p=144572"},"modified":"2025-03-10T11:48:43","modified_gmt":"2025-03-10T08:48:43","slug":"svalbard-adasi-nerede-hangi-ulkede-svalbard-adasi-ozellikleri","status":"publish","type":"post","link":"https:\/\/www.tgrthaber.com\/mavikadin\/svalbard-adasi-nerede-hangi-ulkede-svalbard-adasi-ozellikleri\/","title":{"rendered":"Svalbard Adas\u0131 nerede, hangi \u00fclkede? Svalbard adas\u0131 \u00f6zellikleri"},"content":{"rendered":"<p>Spitsbergen Anla\u015fmas\u0131 \u00fczerine Svalbard Adas\u0131 merak konusu oldu. Svalbard tak\u0131madalar\u0131n\u0131n stat\u00fcs\u00fcn\u00fc belirleyen \u201cSpitsbergen Anla\u015fmas\u0131\u201d ile T\u00fcrk vatanda\u015flar \u00e7ok say\u0131da hak elde etti. Her y\u0131l \u00e7ok say\u0131da turist \u00e7eken Svalbard Adas\u0131, ziyaret\u00e7ilere farkl\u0131 deneyimler ya\u015fat\u0131yor. Peki, Svalbard Adas\u0131 nerede, hangi \u00fclkede? Svalbard Adas\u0131 \u00f6zellikleri nelerdir? \u0130\u015fte Svalbard Adas\u0131 hakk\u0131nda merak edilenler\u2026<\/p>\n<h3>SVALBARD ADASI NEREDE, HANG\u0130 \u00dcLKEDE?<\/h3>\n<p>Svalbard, Arktik Okyanusu\u2019nda Norve\u00e7\u2019e ba\u011fl\u0131 tak\u0131mdad\u0131r. \u0130dari merkezi olan Longyearbyen, d\u00fcnya \u00fczerinde bulunan en kuzeydeki idari merkez olma \u00f6zelli\u011fini ta\u015f\u0131r. 1900\u2019l\u00fc y\u0131llar\u0131n ba\u015flar\u0131nda yap\u0131lan bir antla\u015fma ile 40 kadar \u00fclkenin adada yerle\u015fim kurmas\u0131na izin verilmi\u015ftir.<\/p>\n<p><img loading=\"lazy\" decoding=\"async\" class=\"alignnone wp-image-144575\" src=\"https:\/\/www.tgrthaber.com\/mavikadin\/wp-content\/uploads\/Svalbard-Adasi-5-1024x576.jpg\" alt=\"Svalbard Adas\u0131 nerede, hangi \u00fclkede? \" width=\"1208\" height=\"680\" title=\"\" srcset=\"https:\/\/www.tgrthaber.com\/mavikadin\/wp-content\/uploads\/Svalbard-Adasi-5-1024x576.jpg 1024w, https:\/\/www.tgrthaber.com\/mavikadin\/wp-content\/uploads\/Svalbard-Adasi-5-300x169.jpg 300w, https:\/\/www.tgrthaber.com\/mavikadin\/wp-content\/uploads\/Svalbard-Adasi-5-768x432.jpg 768w, https:\/\/www.tgrthaber.com\/mavikadin\/wp-content\/uploads\/Svalbard-Adasi-5-1536x864.jpg 1536w, https:\/\/www.tgrthaber.com\/mavikadin\/wp-content\/uploads\/Svalbard-Adasi-5.jpg 1600w\" sizes=\"(max-width: 1208px) 100vw, 1208px\" \/><\/p>\n<hr \/>\n<p>G\u00fcn\u00fcm\u00fczde ise bu hakk\u0131 sadece Norve\u00e7 ve Rusya kullanmaktad\u0131r. \u0130nsan cesedinin d\u00fcnya \u00fczerinde hemen hemen hi\u00e7 bozulmadan kald\u0131\u011f\u0131 nadir yerlerdendir. Bu nedenle Svalbard\u2019da \u00f6lmek ilgin\u00e7 bir \u015fekilde yasa d\u0131\u015f\u0131d\u0131r. Bununla birlikte adalar\u0131n %60\u2019\u0131 buzullardan olu\u015fmakta ve adalarda pek \u00e7ok da\u011f ve fiyort bulunmaktad\u0131r. En b\u00fcy\u00fck adan\u0131n ad\u0131 ise \u201cSpitsbergen\u201ddir.<\/p>\n<h3>SVALBARD ADASININ \u0130KL\u0130M KO\u015eULLARI!<\/h3>\n<p>Svalbard Adas\u0131\u2019nda iklim ko\u015fullar\u0131, son 10 y\u0131llarda b\u00fct\u00fcn kutupsal b\u00f6lgelerde oldu\u011fu gibi eskiye nazaran \u0131s\u0131nm\u0131\u015ft\u0131r. Bug\u00fcn art\u0131k Svalbard adalar\u0131n\u0131n etraf\u0131n\u0131 gemiyle dola\u015fmak olduk\u00e7a m\u00fcmk\u00fcnd\u00fcr. H\u0131zl\u0131 eriyen buzullardan dolay\u0131 art\u0131k avlanacak yerleri yeterince bulunmayan kutup ay\u0131lar\u0131n\u0131n a\u00e7l\u0131ktan \u00f6lmeleri ise b\u00fcy\u00fck bir tehlike olu\u015fturmaktad\u0131r.<\/p>\n<p><img loading=\"lazy\" decoding=\"async\" class=\"alignnone wp-image-144576\" src=\"https:\/\/www.tgrthaber.com\/mavikadin\/wp-content\/uploads\/Svalbard-Adasi-3-1024x576.jpg\" alt=\"Svalbard Adas\u0131 nerede, hangi \u00fclkede? \" width=\"1208\" height=\"680\" title=\"\" srcset=\"https:\/\/www.tgrthaber.com\/mavikadin\/wp-content\/uploads\/Svalbard-Adasi-3-1024x576.jpg 1024w, https:\/\/www.tgrthaber.com\/mavikadin\/wp-content\/uploads\/Svalbard-Adasi-3-300x169.jpg 300w, https:\/\/www.tgrthaber.com\/mavikadin\/wp-content\/uploads\/Svalbard-Adasi-3-768x432.jpg 768w, https:\/\/www.tgrthaber.com\/mavikadin\/wp-content\/uploads\/Svalbard-Adasi-3-1536x864.jpg 1536w, https:\/\/www.tgrthaber.com\/mavikadin\/wp-content\/uploads\/Svalbard-Adasi-3.jpg 1600w\" sizes=\"(max-width: 1208px) 100vw, 1208px\" \/><\/p>\n<hr \/>\n<p>Bu nedenden dolay\u0131 kutup ay\u0131lar\u0131 yiyecek bulmak i\u00e7in \u015fehirlere daha s\u0131k inmektedir. Kutup ay\u0131lar\u0131n\u0131n \u015fehre inmesiyle birlikte ay\u0131 sald\u0131r\u0131s\u0131 vakalar\u0131 da art\u0131\u015f g\u00f6stermektedir. \u0130nsanlar\u0131n herhangi bir ay\u0131 sald\u0131r\u0131s\u0131 s\u0131ras\u0131nda kolayca g\u00fcvenli bir yere s\u0131\u011f\u0131nabilmeleri i\u00e7in Svalbard\u2019da arabalar\u0131 kilitlemek yasakt\u0131r.<\/p>\n<p>Arktik iklimin hakim oldu\u011fu Svalbard Adas\u0131\u2019nda k\u0131\u015flar so\u011fuk ve karanl\u0131k, yazlar ise serin ve s\u00fcrekli g\u00fcne\u015flidir. Kutup G\u00fcne\u015fi nedeniyle yaz aylar\u0131nda 24 saat g\u00fcnd\u00fcz ya\u015fan\u0131rken, k\u0131\u015f\u0131n ise Kutup Gecesi nedeniyle uzun bir s\u00fcre tamamen karanl\u0131k olur.<\/p>\n<p><img loading=\"lazy\" decoding=\"async\" class=\"alignnone wp-image-144578\" src=\"https:\/\/www.tgrthaber.com\/mavikadin\/wp-content\/uploads\/Svalbard-Adasi-2-1024x576.jpg\" alt=\"Svalbard Adas\u0131 nerede, hangi \u00fclkede? \" width=\"1208\" height=\"680\" title=\"\" srcset=\"https:\/\/www.tgrthaber.com\/mavikadin\/wp-content\/uploads\/Svalbard-Adasi-2-1024x576.jpg 1024w, https:\/\/www.tgrthaber.com\/mavikadin\/wp-content\/uploads\/Svalbard-Adasi-2-300x169.jpg 300w, https:\/\/www.tgrthaber.com\/mavikadin\/wp-content\/uploads\/Svalbard-Adasi-2-768x432.jpg 768w, https:\/\/www.tgrthaber.com\/mavikadin\/wp-content\/uploads\/Svalbard-Adasi-2-1536x864.jpg 1536w, https:\/\/www.tgrthaber.com\/mavikadin\/wp-content\/uploads\/Svalbard-Adasi-2.jpg 1600w\" sizes=\"(max-width: 1208px) 100vw, 1208px\" \/><\/p>\n<hr \/>\n<h3>SVALBARD ADASI \u00d6ZELL\u0130KLER\u0130 NELERD\u0130R?<\/h3>\n<p>Svalbard Adas\u0131, Kuzey Kutbu\u2019na yak\u0131n, Norve\u00e7\u2019e ba\u011fl\u0131 bir tak\u0131mda yer al\u0131r. Norve\u00e7\u2019in kuzeyinde, Gr\u00f6nland Denizi, Norve\u00e7 Denizi ve Arktik Okyanusu ile \u00e7evrili bir konumda bulunur. Ba\u015fkenti ise en b\u00fcy\u00fck yerle\u015fim yeri olan \u201cLongyearbyen\u201ddir.<\/p>\n<p>Svalbard, her ne kadar Norve\u00e7\u2019e ba\u011fl\u0131 olsa da 1920 y\u0131l\u0131nda imzalanan \u201cSvalbard Anla\u015fmas\u0131\u201d gere\u011fince anla\u015fmaya taraf olan \u00fclkelerin vatanda\u015flar\u0131 da burada ticaret yapma ve yerle\u015fme hakk\u0131na sahiptir. Fakat y\u00f6netimi tamamen Norve\u00e7\u2019e aittir.<\/p>\n<p><img loading=\"lazy\" decoding=\"async\" class=\"alignnone wp-image-144579\" src=\"https:\/\/www.tgrthaber.com\/mavikadin\/wp-content\/uploads\/Svalbard-Adasi-1-1024x576.jpg\" alt=\"Svalbard Adas\u0131 nerede, hangi \u00fclkede? \" width=\"1208\" height=\"680\" title=\"\" srcset=\"https:\/\/www.tgrthaber.com\/mavikadin\/wp-content\/uploads\/Svalbard-Adasi-1-1024x576.jpg 1024w, https:\/\/www.tgrthaber.com\/mavikadin\/wp-content\/uploads\/Svalbard-Adasi-1-300x169.jpg 300w, https:\/\/www.tgrthaber.com\/mavikadin\/wp-content\/uploads\/Svalbard-Adasi-1-768x432.jpg 768w, https:\/\/www.tgrthaber.com\/mavikadin\/wp-content\/uploads\/Svalbard-Adasi-1-1536x864.jpg 1536w, https:\/\/www.tgrthaber.com\/mavikadin\/wp-content\/uploads\/Svalbard-Adasi-1.jpg 1600w\" sizes=\"(max-width: 1208px) 100vw, 1208px\" \/><\/p>\n<hr \/>\n<h3>SVALBARD\u2019DA DO\u011eAL YA\u015eAM VE EKOS\u0130STEM<\/h3>\n<p>Svalbard\u2019da kutup ay\u0131lar\u0131, kutup tilkileri, ren geyikleri ve morslar gibi so\u011fuk iklim canl\u0131lar\u0131 ya\u015far.<\/p>\n<p>Svalbard\u2019da insan n\u00fcfusundan daha fazla kutup ay\u0131s\u0131 bulundu\u011fu i\u00e7in d\u0131\u015far\u0131 \u00e7\u0131karken silah ta\u015f\u0131mak zorunludur.<\/p>\n<p>Svalbard\u2019da denizlerde foklar ve balinalar g\u00f6r\u00fclebilir.<\/p>\n<h3>SVALBARD\u2019DA \u0130NSAN YERLE\u015e\u0130M\u0130 VE N\u00dcFUS<\/h3>\n<p>Svalbard\u2019\u0131n en b\u00fcy\u00fck yerle\u015fim yeri ba\u015fkent olan Longyearbyen\u2019dir.<\/p>\n<p>Svalbard\u2019da yakla\u015f\u0131k 2.500 ki\u015fi ya\u015far, \u00e7o\u011funlu\u011fu Norve\u00e7li ve Rus\u2019tur.<\/p>\n<p>Svalbard\u2019da do\u011fum yapmak ve \u00f6lmek yasakt\u0131r \u00e7\u00fcnk\u00fc sert iklim nedeniyle mezarlar bozulmadan kal\u0131r ve hastal\u0131k yay\u0131labilir.<\/p>\n<p><img loading=\"lazy\" decoding=\"async\" class=\"alignnone wp-image-144580\" src=\"https:\/\/www.tgrthaber.com\/mavikadin\/wp-content\/uploads\/Svalbard-Adasi-1024x576.jpg\" alt=\"Svalbard Adas\u0131 nerede, hangi \u00fclkede? \" width=\"1208\" height=\"680\" title=\"\" srcset=\"https:\/\/www.tgrthaber.com\/mavikadin\/wp-content\/uploads\/Svalbard-Adasi-1024x576.jpg 1024w, https:\/\/www.tgrthaber.com\/mavikadin\/wp-content\/uploads\/Svalbard-Adasi-300x169.jpg 300w, https:\/\/www.tgrthaber.com\/mavikadin\/wp-content\/uploads\/Svalbard-Adasi-768x432.jpg 768w, https:\/\/www.tgrthaber.com\/mavikadin\/wp-content\/uploads\/Svalbard-Adasi-1536x864.jpg 1536w, https:\/\/www.tgrthaber.com\/mavikadin\/wp-content\/uploads\/Svalbard-Adasi.jpg 1600w\" sizes=\"(max-width: 1208px) 100vw, 1208px\" \/><\/p>\n<hr \/>\n<h3>SVALBARD\u2019DA EKONOM\u0130 VE YA\u015eAM<\/h3>\n<p>Svalbard\u2019da eskiden k\u00f6m\u00fcr madencili\u011fi \u00f6nemliydi, g\u00fcn\u00fcm\u00fczde ise bilimsel ara\u015ft\u0131rmalar ve turizm daha \u00e7ok \u00f6n plana \u00e7\u0131k\u0131yor.<\/p>\n<p>Svalbard K\u00fcresel Tohum Deposu, d\u00fcnya \u00e7ap\u0131nda bitki t\u00fcrlerini korumak i\u00e7in burada in\u015fa edilmi\u015ftir.<\/p>\n<h3>SVALBARD\u2019DA Y\u00d6NET\u0130M VE HUKUK\u0130 DURUM<\/h3>\n<p>Svalbard, Norve\u00e7\u2019e ba\u011fl\u0131d\u0131r, ancak Svalbard Antla\u015fmas\u0131 nedeniyle baz\u0131 \u00fclkelerin vatanda\u015flar\u0131 burada \u00f6zg\u00fcrce ticaret yapabilir ve ya\u015fayabilir.<\/p>\n<p>Svalbard\u2019da \u00f6zel bir g\u00f6\u00e7 yasas\u0131 vard\u0131r; vize gerektirmez ama \u00e7al\u0131\u015facak veya ya\u015fayacak ki\u015filerin kendi ge\u00e7imlerini sa\u011flamas\u0131 beklenir.<\/p>\n<p><img loading=\"lazy\" decoding=\"async\" class=\"alignnone wp-image-144583\" src=\"https:\/\/www.tgrthaber.com\/mavikadin\/wp-content\/uploads\/Svalbard-Adasi-7-1024x576.jpg\" alt=\"Svalbard Adas\u0131 nerede, hangi \u00fclkede? \" width=\"1208\" height=\"680\" title=\"\" srcset=\"https:\/\/www.tgrthaber.com\/mavikadin\/wp-content\/uploads\/Svalbard-Adasi-7-1024x576.jpg 1024w, https:\/\/www.tgrthaber.com\/mavikadin\/wp-content\/uploads\/Svalbard-Adasi-7-300x169.jpg 300w, https:\/\/www.tgrthaber.com\/mavikadin\/wp-content\/uploads\/Svalbard-Adasi-7-768x432.jpg 768w, https:\/\/www.tgrthaber.com\/mavikadin\/wp-content\/uploads\/Svalbard-Adasi-7-1536x864.jpg 1536w, https:\/\/www.tgrthaber.com\/mavikadin\/wp-content\/uploads\/Svalbard-Adasi-7.jpg 1600w\" sizes=\"(max-width: 1208px) 100vw, 1208px\" \/><\/p>\n<hr \/>\n<h3>SVALBARD ADASININ TUR\u0130ST\u0130K \u00d6ZELL\u0130\u011e\u0130!<\/h3>\n<p>Svalbard Adas\u0131, Kuzey Kutbu\u2019na yak\u0131n konumu ve benzersiz do\u011fas\u0131yla olduk\u00e7a dikkat \u00e7eken bir b\u00f6lgedir. Hem do\u011fas\u0131 hem de kendine \u00f6zel hayat tarz\u0131yla d\u00fcnyan\u0131n en ilgin\u00e7 yerlerinden biri olan Svalbard Adas\u0131, turistik a\u00e7\u0131dan da olduk\u00e7a \u00f6nemlidir.<\/p>\n<p>Svalbard Adas\u0131, \u00f6zellikle Kuzey I\u015f\u0131klar\u0131, buzul turlar\u0131 ve vah\u015fi do\u011fas\u0131yla macera arayan herkesin mutlaka g\u00f6rmesi gereken bir yerdir. Yaz aylar\u0131nda 24 saat g\u00fcne\u015f, k\u0131\u015f aylar\u0131nda ise 24 saat karanl\u0131k olmas\u0131 nedeniyle de olduk\u00e7a dikkat \u00e7ekicidir.<\/p>\n","protected":false},"excerpt":{"rendered":"<p>\u015eimdilerde Svalbard Adas\u0131n\u0131n nerede ve hangi \u00fclkede oldu\u011fu merak ediliyor. Peki, Svalbard Adas\u0131 nerede, hangi \u00fclkede? Svalbard Adas\u0131 \u00f6zellikleri nelerdir? \u0130\u015fte detaylar\u2026 <\/p>\n","protected":false},"author":26,"featured_media":144573,"comment_status":"closed","ping_status":"closed","sticky":false,"template":"","format":"standard","meta":{"rank_math_lock_modified_date":false,"footnotes":""},"categories":[101],"tags":[13628,13629,9993,1627,13627],"class_list":["post-144572","post","type-post","status-publish","format-standard","has-post-thumbnail","hentry","category-kesfet","tag-kuzey-kutbu","tag-longyearbyen","tag-norvec","tag-rusya","tag-svalbard-adasi"],"_links":{"self":[{"href":"https:\/\/www.tgrthaber.com\/mavikadin\/wp-json\/wp\/v2\/posts\/144572"}],"collection":[{"href":"https:\/\/www.tgrthaber.com\/mavikadin\/wp-json\/wp\/v2\/posts"}],"about":[{"href":"https:\/\/www.tgrthaber.com\/mavikadin\/wp-json\/wp\/v2\/types\/post"}],"author":[{"embeddable":true,"href":"https:\/\/www.tgrthaber.com\/mavikadin\/wp-json\/wp\/v2\/users\/26"}],"replies":[{"embeddable":true,"href":"https:\/\/www.tgrthaber.com\/mavikadin\/wp-json\/wp\/v2\/comments?post=144572"}],"version-history":[{"count":5,"href":"https:\/\/www.tgrthaber.com\/mavikadin\/wp-json\/wp\/v2\/posts\/144572\/revisions"}],"predecessor-version":[{"id":144593,"href":"https:\/\/www.tgrthaber.com\/mavikadin\/wp-json\/wp\/v2\/posts\/144572\/revisions\/144593"}],"wp:featuredmedia":[{"embeddable":true,"href":"https:\/\/www.tgrthaber.com\/mavikadin\/wp-json\/wp\/v2\/media\/144573"}],"wp:attachment":[{"href":"https:\/\/www.tgrthaber.com\/mavikadin\/wp-json\/wp\/v2\/media?parent=144572"}],"wp:term":[{"taxonomy":"category","embeddable":true,"href":"https:\/\/www.tgrthaber.com\/mavikadin\/wp-json\/wp\/v2\/categories?post=144572"},{"taxonomy":"post_tag","embeddable":true,"href":"https:\/\/www.tgrthaber.com\/mavikadin\/wp-json\/wp\/v2\/tags?post=144572"}],"curies":[{"name":"wp","href":"https:\/\/api.w.org\/{rel}","templated":true}]}}