{"id":144585,"date":"2025-03-10T11:29:38","date_gmt":"2025-03-10T08:29:38","guid":{"rendered":"https:\/\/www.tgrthaber.com\/mavikadin\/?p=144585"},"modified":"2025-03-10T11:30:36","modified_gmt":"2025-03-10T08:30:36","slug":"kismetse-olur-yaren-kendine-ait-tesettur-markasi-cikardi","status":"publish","type":"post","link":"https:\/\/www.tgrthaber.com\/mavikadin\/kismetse-olur-yaren-kendine-ait-tesettur-markasi-cikardi\/","title":{"rendered":"K\u0131smetse olur Yaren kendine ait tesett\u00fcr markas\u0131 \u00e7\u0131kard\u0131! Sosyal medyada dikkat \u00e7ekti"},"content":{"rendered":"<p>K\u0131smetse Olur Yaren d\u00f6neme damgas\u0131n\u0131 vuran yar\u0131\u015fmayla tan\u0131nm\u0131\u015ft\u0131. \u0130ddial\u0131 yar\u0131\u015fmac\u0131lar aras\u0131nda g\u00f6sterilen Yaren ge\u00e7ti\u011fimiz aylarda tesett\u00fcre girince g\u00fcndem oldu.<\/p>\n<h3>KISMETSE OLUR YAREN KEND\u0130NE A\u0130T TESETT\u00dcR MARKASI \u00c7IKARDI!<\/h3>\n<p>K\u0131smetse Olur Yaren kendine ait bir tesett\u00fcr markas\u0131 \u00e7\u0131kard\u0131. Kat\u0131ld\u0131\u011f\u0131 yar\u0131\u015fmada her zaman dikkat \u00e7eken Yaren \u015fu s\u00f6zleriyle g\u00fcnlerce konu\u015fulmu\u015ftu. \u0130\u015fte Yaren&#8217;in o a\u00e7\u0131klamas\u0131:<\/p>\n<p>&#8220;K\u00fc\u00e7\u00fck ya\u015flardan beri \u00e7al\u0131\u015ft\u0131\u011f\u0131m i\u00e7in art\u0131k \u00e7al\u0131\u015fmak istemiyorum. Ya patron e\u015fi ya da patron olmak istiyorum&#8221;<\/p>\n<p><img loading=\"lazy\" decoding=\"async\" class=\"alignnone size-full wp-image-144586\" src=\"https:\/\/www.tgrthaber.com\/mavikadin\/wp-content\/uploads\/Yaren-Dag-4.jpg\" alt=\"\" width=\"1208\" height=\"680\" title=\"\" srcset=\"https:\/\/www.tgrthaber.com\/mavikadin\/wp-content\/uploads\/Yaren-Dag-4.jpg 1208w, https:\/\/www.tgrthaber.com\/mavikadin\/wp-content\/uploads\/Yaren-Dag-4-300x169.jpg 300w, https:\/\/www.tgrthaber.com\/mavikadin\/wp-content\/uploads\/Yaren-Dag-4-1024x576.jpg 1024w, https:\/\/www.tgrthaber.com\/mavikadin\/wp-content\/uploads\/Yaren-Dag-4-768x432.jpg 768w\" sizes=\"(max-width: 1208px) 100vw, 1208px\" \/><\/p>\n<hr \/>\n<h3>YAREN DA\u011e KA\u00c7 YA\u015eINDA?<\/h3>\n<p>&#8216;K\u0131smetse Olur A\u015fk\u0131n G\u00fcc\u00fc&#8217; yar\u0131\u015fmac\u0131s\u0131 olarak tan\u0131nan Yaren Da\u011f, yar\u0131\u015fmaya kat\u0131ld\u0131\u011f\u0131nda 24 ya\u015f\u0131ndayd\u0131. Da\u011f \u015fuanda 26 ya\u015f\u0131nda. Yaren Da\u011f o d\u00f6nemde hem\u015firelik yap\u0131yordu.<\/p>\n<h3>KISMETSE OLUR YAREN K\u0130M\u0130NLE SEVG\u0130L\u0130?<\/h3>\n<p>Yaren Da\u011f&#8217;\u0131n \u015fuanda kiminle sevgili oldu\u011fu ya da sevgilisi olup olmad\u0131\u011f\u0131 bilinmiyor. Ancak fenomen ismin bir zamanlar &#8216;Duy Beni&#8217; dizisinde Kanat karakterini oynayan gen\u00e7 y\u0131ld\u0131z Caner Top\u00e7u&#8217;yle birlikte oldu\u011fu iddia edildi.<\/p>\n<p><img loading=\"lazy\" decoding=\"async\" class=\"alignnone size-full wp-image-144587\" src=\"https:\/\/www.tgrthaber.com\/mavikadin\/wp-content\/uploads\/Yaren-Dag-1.jpg\" alt=\"\" width=\"1208\" height=\"680\" title=\"\" srcset=\"https:\/\/www.tgrthaber.com\/mavikadin\/wp-content\/uploads\/Yaren-Dag-1.jpg 1208w, https:\/\/www.tgrthaber.com\/mavikadin\/wp-content\/uploads\/Yaren-Dag-1-300x169.jpg 300w, https:\/\/www.tgrthaber.com\/mavikadin\/wp-content\/uploads\/Yaren-Dag-1-1024x576.jpg 1024w, https:\/\/www.tgrthaber.com\/mavikadin\/wp-content\/uploads\/Yaren-Dag-1-768x432.jpg 768w\" sizes=\"(max-width: 1208px) 100vw, 1208px\" \/><\/p>\n<hr \/>\n<h3>KISMETSE OLUR&#8217;LA ADINI DUYURDU<\/h3>\n<p>Bir zamanlara damga vuran ancak RT\u00dcK engeline tak\u0131lan K\u0131smetse Olur y\u0131llar sonra yeniden ekranlara gelmi\u015fti.<br \/>\nYar\u0131\u015fmada \u00fcnlenen Yaren Da\u011f, programdan sonra sosyal medyada fenomen olarak tan\u0131n\u0131rl\u0131\u011f\u0131n\u0131 art\u0131rm\u0131\u015ft\u0131.<br \/>\nBir s\u00fcre \u00f6nce tesett\u00fcre giren Da\u011f, yeni haliyle \u00e7ok be\u011fenilmi\u015fti.<br \/>\nInstagram&#8217;da a\u00e7t\u0131\u011f\u0131 Ombresiz Yarensu kanal\u0131ndan payla\u015f\u0131m yapan fenomen ismin namaz payla\u015f\u0131m\u0131 da \u00e7ok dikkat \u00e7ekmi\u015fti.<\/p>\n<p><img loading=\"lazy\" decoding=\"async\" class=\"alignnone size-full wp-image-144588\" src=\"https:\/\/www.tgrthaber.com\/mavikadin\/wp-content\/uploads\/Yaren-Dag-2.jpg\" alt=\"\" width=\"1208\" height=\"680\" title=\"\" srcset=\"https:\/\/www.tgrthaber.com\/mavikadin\/wp-content\/uploads\/Yaren-Dag-2.jpg 1208w, https:\/\/www.tgrthaber.com\/mavikadin\/wp-content\/uploads\/Yaren-Dag-2-300x169.jpg 300w, https:\/\/www.tgrthaber.com\/mavikadin\/wp-content\/uploads\/Yaren-Dag-2-1024x576.jpg 1024w, https:\/\/www.tgrthaber.com\/mavikadin\/wp-content\/uploads\/Yaren-Dag-2-768x432.jpg 768w\" sizes=\"(max-width: 1208px) 100vw, 1208px\" \/><\/p>\n<hr \/>\n<p>Evlilik programlar\u0131n\u0131n RT\u00dcK taraf\u0131ndan kald\u0131r\u0131lmas\u0131yla ayn\u0131 formattaki program K\u0131smetse Olur A\u015fk\u0131n G\u00fcc\u00fc ad\u0131yla YouTube \u00fczerinden yay\u0131nlanm\u0131\u015ft\u0131. O d\u00f6nem yar\u0131\u015fmada dikkat \u00e7eken isimlerden biri de Yaren Da\u011f olmu\u015ftu.<\/p>\n<h3>YAREN DA\u011e KAPANDI MI?<\/h3>\n<p>Makyajlar\u0131 ve estetikleriyle dikkat \u00e7eken Yaren Da\u011f birka\u00e7 ay \u00f6nce tesett\u00fcre girdi\u011fini duyurmu\u015ftu.<br \/>\nHesab\u0131ndan t\u00fcm foto\u011fraflar\u0131n\u0131 kald\u0131ran Yaren&#8217;in &#8216;Ombresiz Yarensu&#8217; ad\u0131n\u0131 verdi\u011fi kanalda takip\u00e7ilerine yazd\u0131\u011f\u0131 bir mesaj ortaya \u00e7\u0131kt\u0131.<\/p>\n<p><img loading=\"lazy\" decoding=\"async\" class=\"alignnone size-full wp-image-144589\" src=\"https:\/\/www.tgrthaber.com\/mavikadin\/wp-content\/uploads\/Yaren-Dag-6.jpg\" alt=\"\" width=\"1208\" height=\"680\" title=\"\" srcset=\"https:\/\/www.tgrthaber.com\/mavikadin\/wp-content\/uploads\/Yaren-Dag-6.jpg 1208w, https:\/\/www.tgrthaber.com\/mavikadin\/wp-content\/uploads\/Yaren-Dag-6-300x169.jpg 300w, https:\/\/www.tgrthaber.com\/mavikadin\/wp-content\/uploads\/Yaren-Dag-6-1024x576.jpg 1024w, https:\/\/www.tgrthaber.com\/mavikadin\/wp-content\/uploads\/Yaren-Dag-6-768x432.jpg 768w\" sizes=\"(max-width: 1208px) 100vw, 1208px\" \/><\/p>\n<hr \/>\n<p>Eski yar\u0131\u015fmac\u0131, 2 Eyl\u00fcl&#8217;de &#8216;farkl\u0131 bir Yaren&#8217; duyurusu yaparak herkesi merak ettirmi\u015fti.<br \/>\nNamazlar\u0131n\u0131z\u0131 ihmal etmeyin diyen Yaren, yeni dua ve sure \u00f6\u011frenmek i\u00e7in takip\u00e7ilerini de te\u015fvik etti.<\/p>\n","protected":false},"excerpt":{"rendered":"<p>K\u0131smetse olur Yaren kendine ait tesett\u00fcr markas\u0131 \u00e7\u0131kard\u0131. Ge\u00e7ti\u011fimiz aylarda kapand\u0131\u011f\u0131 i\u00e7in g\u00fcndem olan fenomen isim \u015fimdilerde kendi markas\u0131n\u0131 kurdu\u011fu i\u00e7in ad\u0131ndan s\u00f6z ettirdi.<\/p>\n","protected":false},"author":5,"featured_media":144590,"comment_status":"closed","ping_status":"closed","sticky":false,"template":"","format":"standard","meta":{"rank_math_lock_modified_date":false,"footnotes":""},"categories":[76],"tags":[13630,5492],"class_list":["post-144585","post","type-post","status-publish","format-standard","has-post-thumbnail","hentry","category-magazin","tag-kismetse-olur-yaren","tag-yaren-dag"],"_links":{"self":[{"href":"https:\/\/www.tgrthaber.com\/mavikadin\/wp-json\/wp\/v2\/posts\/144585"}],"collection":[{"href":"https:\/\/www.tgrthaber.com\/mavikadin\/wp-json\/wp\/v2\/posts"}],"about":[{"href":"https:\/\/www.tgrthaber.com\/mavikadin\/wp-json\/wp\/v2\/types\/post"}],"author":[{"embeddable":true,"href":"https:\/\/www.tgrthaber.com\/mavikadin\/wp-json\/wp\/v2\/users\/5"}],"replies":[{"embeddable":true,"href":"https:\/\/www.tgrthaber.com\/mavikadin\/wp-json\/wp\/v2\/comments?post=144585"}],"version-history":[{"count":2,"href":"https:\/\/www.tgrthaber.com\/mavikadin\/wp-json\/wp\/v2\/posts\/144585\/revisions"}],"predecessor-version":[{"id":144592,"href":"https:\/\/www.tgrthaber.com\/mavikadin\/wp-json\/wp\/v2\/posts\/144585\/revisions\/144592"}],"wp:featuredmedia":[{"embeddable":true,"href":"https:\/\/www.tgrthaber.com\/mavikadin\/wp-json\/wp\/v2\/media\/144590"}],"wp:attachment":[{"href":"https:\/\/www.tgrthaber.com\/mavikadin\/wp-json\/wp\/v2\/media?parent=144585"}],"wp:term":[{"taxonomy":"category","embeddable":true,"href":"https:\/\/www.tgrthaber.com\/mavikadin\/wp-json\/wp\/v2\/categories?post=144585"},{"taxonomy":"post_tag","embeddable":true,"href":"https:\/\/www.tgrthaber.com\/mavikadin\/wp-json\/wp\/v2\/tags?post=144585"}],"curies":[{"name":"wp","href":"https:\/\/api.w.org\/{rel}","templated":true}]}}