{"id":144606,"date":"2025-03-10T12:34:08","date_gmt":"2025-03-10T09:34:08","guid":{"rendered":"https:\/\/www.tgrthaber.com\/mavikadin\/?p=144606"},"modified":"2025-03-10T14:41:41","modified_gmt":"2025-03-10T11:41:41","slug":"beren-saat-ve-kanan-dogulu-cifti-bebek-mi-bekliyor-ciftten-aciklama-geldi-mi-merak-edildi","status":"publish","type":"post","link":"https:\/\/www.tgrthaber.com\/mavikadin\/beren-saat-ve-kanan-dogulu-cifti-bebek-mi-bekliyor-ciftten-aciklama-geldi-mi-merak-edildi\/","title":{"rendered":"Beren Saat ve Kenan Do\u011fulu \u00e7ifti bebek mi bekliyor? \u00c7iftten a\u00e7\u0131klama geldi mi merak edildi"},"content":{"rendered":"<p>Ba\u015far\u0131l\u0131 oyuncu Beren Saat anne mi olacak? ara\u015ft\u0131r\u0131lmaya ba\u015fland\u0131. Magazin g\u00fcndeminde yer alan bu haber \u00e7iftin takip\u00e7ilerini \u015fimdiden sevindirdi.<\/p>\n<h3>BEREN SAAT VE KENAN DO\u011eULU \u00c7\u0130FT\u0130 BEBEK M\u0130 BEKL\u0130YOR?<\/h3>\n<p>\u00dcnl\u00fc \u00e7ift Kenan Do\u011fulu ve Beren Saat&#8217;in bebek bekledi\u011fi iddia edildi. G\u00fcndeme bomba gibi d\u00fc\u015fen bu haber \u00e7ift taraf\u0131ndan hen\u00fcz do\u011frulanmad\u0131.<\/p>\n<p>Bebek bekledi\u011fi iddia edilen \u00e7ift haklar\u0131nda \u00e7\u0131kan iddialara bir a\u00e7\u0131kl\u0131k getirmedi.<\/p>\n<p><img loading=\"lazy\" decoding=\"async\" class=\"alignnone size-full wp-image-144608\" src=\"https:\/\/www.tgrthaber.com\/mavikadin\/wp-content\/uploads\/Beren-Saat-2.jpg\" alt=\"\" width=\"1208\" height=\"680\" title=\"\" srcset=\"https:\/\/www.tgrthaber.com\/mavikadin\/wp-content\/uploads\/Beren-Saat-2.jpg 1208w, https:\/\/www.tgrthaber.com\/mavikadin\/wp-content\/uploads\/Beren-Saat-2-300x169.jpg 300w, https:\/\/www.tgrthaber.com\/mavikadin\/wp-content\/uploads\/Beren-Saat-2-1024x576.jpg 1024w, https:\/\/www.tgrthaber.com\/mavikadin\/wp-content\/uploads\/Beren-Saat-2-768x432.jpg 768w\" sizes=\"(max-width: 1208px) 100vw, 1208px\" \/><\/p>\n<hr \/>\n<h3>BEREN SAAT K\u0130MD\u0130R?<\/h3>\n<p>T\u00fcrk sinema, dizi oyuncusu ve seslendirme sanat\u00e7\u0131s\u0131 olan Beren Saat, 26 \u015eubat 1984 y\u0131l\u0131nda Ankara&#8217;da d\u00fcnyaya geldi.<\/p>\n<p>Ba\u015fkent \u00dcniversitesinde e\u011fitim ald\u0131\u011f\u0131 d\u00f6nemde kat\u0131ld\u0131\u011f\u0131 T\u00fcrkiye&#8217;nin Y\u0131ld\u0131zlar\u0131 yar\u0131\u015fmas\u0131nda ikinci oldu.<\/p>\n<p>Tomris Giritlio\u011flu&#8217;nun dikkatini \u00e7eken Beren Saat bu yar\u0131\u015fmadan sonra kariyerine ad\u0131m att\u0131.<\/p>\n<p><img loading=\"lazy\" decoding=\"async\" class=\"alignnone size-full wp-image-144609\" src=\"https:\/\/www.tgrthaber.com\/mavikadin\/wp-content\/uploads\/Beren-Saat-3.jpg\" alt=\"\" width=\"1208\" height=\"680\" title=\"\" srcset=\"https:\/\/www.tgrthaber.com\/mavikadin\/wp-content\/uploads\/Beren-Saat-3.jpg 1208w, https:\/\/www.tgrthaber.com\/mavikadin\/wp-content\/uploads\/Beren-Saat-3-300x169.jpg 300w, https:\/\/www.tgrthaber.com\/mavikadin\/wp-content\/uploads\/Beren-Saat-3-1024x576.jpg 1024w, https:\/\/www.tgrthaber.com\/mavikadin\/wp-content\/uploads\/Beren-Saat-3-768x432.jpg 768w\" sizes=\"(max-width: 1208px) 100vw, 1208px\" \/><\/p>\n<hr \/>\n<p>Beren Saat, ilk deneyimini, A\u015fk\u0131m\u0131zda \u00d6l\u00fcm Var (2004) dizisiyle kazand\u0131.<\/p>\n<p>\u0130lk ba\u015frol\u00fcn\u00fc de Tomris Giritlio\u011flu&#8217;nun haz\u0131rlad\u0131\u011f\u0131 A\u015fka S\u00fcrg\u00fcn (2005-2006) dizisinde \u00fcstlendi.<\/p>\n<p>Daha sonra s\u0131ras\u0131yla Hat\u0131rla Sevgili (2006-2008), A\u015fk-\u0131 Memnu (2008-2010), Fatmag\u00fcl&#8217;\u00fcn Su\u00e7u Ne? (2010-2012) ve \u0130ntikam (2013-2014) dizilerinin de ba\u015frollerini oynad\u0131.<\/p>\n<p><img loading=\"lazy\" decoding=\"async\" class=\"alignnone wp-image-85312\" src=\"https:\/\/www.tgrthaber.com\/mavikadin\/wp-content\/uploads\/4-bolum-icin-bir-servet-alacak-beren-saat-rekor-fiyata-evet-dedi.jpg\" alt=\"\" width=\"1208\" height=\"680\" title=\"\" srcset=\"https:\/\/www.tgrthaber.com\/mavikadin\/wp-content\/uploads\/4-bolum-icin-bir-servet-alacak-beren-saat-rekor-fiyata-evet-dedi.jpg 1600w, https:\/\/www.tgrthaber.com\/mavikadin\/wp-content\/uploads\/4-bolum-icin-bir-servet-alacak-beren-saat-rekor-fiyata-evet-dedi-300x169.jpg 300w, https:\/\/www.tgrthaber.com\/mavikadin\/wp-content\/uploads\/4-bolum-icin-bir-servet-alacak-beren-saat-rekor-fiyata-evet-dedi-1024x576.jpg 1024w, https:\/\/www.tgrthaber.com\/mavikadin\/wp-content\/uploads\/4-bolum-icin-bir-servet-alacak-beren-saat-rekor-fiyata-evet-dedi-768x432.jpg 768w, https:\/\/www.tgrthaber.com\/mavikadin\/wp-content\/uploads\/4-bolum-icin-bir-servet-alacak-beren-saat-rekor-fiyata-evet-dedi-1536x864.jpg 1536w\" sizes=\"(max-width: 1208px) 100vw, 1208px\" \/><\/p>\n<hr \/>\n<p>Beren Saat dizi projelerinin yan\u0131 s\u0131ra pek \u00e7ok sinema filminde yer ald\u0131. 2009&#8217;da g\u00f6sterime giren G\u00fcz Sanc\u0131s\u0131 filmiyle ilk sinema oyunculu\u011funu deneyimledi.<\/p>\n<p>Saat, daha sonra Gecenin Kanatlar\u0131 (2009), Gergedan Mevsimi (2012) ve Benim D\u00fcnyam (2013) filmlerinde oynad\u0131.<\/p>\n<p>2015-2016 y\u0131llar\u0131 aras\u0131nda Muhte\u015fem Y\u00fczy\u0131l K\u00f6sem adl\u0131 dizide K\u00f6sem Sultan rol\u00fcn\u00fc \u00fcstlendi.<\/p>\n<p>Saat son olarak, 2019-2021 y\u0131llar\u0131 aras\u0131nda Netflix&#8217;te yay\u0131mlanan Atiye dizisinde ve 2023 y\u0131l\u0131nda yine Netflix&#8217;te yay\u0131mlanan \u0130stanbul \u0130\u00e7in Son \u00c7a\u011fr\u0131 filminde ba\u015frol olarak oynad\u0131.<\/p>\n<p><img loading=\"lazy\" decoding=\"async\" class=\"alignnone wp-image-64407\" src=\"https:\/\/www.tgrthaber.com\/mavikadin\/wp-content\/uploads\/2024\/09\/beren-saat-ve-kivanc-tatlitug-un-yeni-filminin-galasi-geceye-damga-vurdu.jpg\" alt=\"\" width=\"1208\" height=\"680\" title=\"\" srcset=\"https:\/\/www.tgrthaber.com\/mavikadin\/wp-content\/uploads\/2024\/09\/beren-saat-ve-kivanc-tatlitug-un-yeni-filminin-galasi-geceye-damga-vurdu.jpg 1600w, https:\/\/www.tgrthaber.com\/mavikadin\/wp-content\/uploads\/2024\/09\/beren-saat-ve-kivanc-tatlitug-un-yeni-filminin-galasi-geceye-damga-vurdu-300x169.jpg 300w, https:\/\/www.tgrthaber.com\/mavikadin\/wp-content\/uploads\/2024\/09\/beren-saat-ve-kivanc-tatlitug-un-yeni-filminin-galasi-geceye-damga-vurdu-1024x576.jpg 1024w, https:\/\/www.tgrthaber.com\/mavikadin\/wp-content\/uploads\/2024\/09\/beren-saat-ve-kivanc-tatlitug-un-yeni-filminin-galasi-geceye-damga-vurdu-768x432.jpg 768w, https:\/\/www.tgrthaber.com\/mavikadin\/wp-content\/uploads\/2024\/09\/beren-saat-ve-kivanc-tatlitug-un-yeni-filminin-galasi-geceye-damga-vurdu-1536x864.jpg 1536w, https:\/\/www.tgrthaber.com\/mavikadin\/wp-content\/uploads\/2024\/09\/beren-saat-ve-kivanc-tatlitug-un-yeni-filminin-galasi-geceye-damga-vurdu-533x300.jpg 533w, https:\/\/www.tgrthaber.com\/mavikadin\/wp-content\/uploads\/2024\/09\/beren-saat-ve-kivanc-tatlitug-un-yeni-filminin-galasi-geceye-damga-vurdu-600x338.jpg 600w, https:\/\/www.tgrthaber.com\/mavikadin\/wp-content\/uploads\/2024\/09\/beren-saat-ve-kivanc-tatlitug-un-yeni-filminin-galasi-geceye-damga-vurdu-30x16.jpg 30w, https:\/\/www.tgrthaber.com\/mavikadin\/wp-content\/uploads\/2024\/09\/beren-saat-ve-kivanc-tatlitug-un-yeni-filminin-galasi-geceye-damga-vurdu-18x10.jpg 18w\" sizes=\"(max-width: 1208px) 100vw, 1208px\" \/><\/p>\n<hr \/>\n<p>Oynad\u0131\u011f\u0131 her projede ba\u015far\u0131l\u0131 olan Beren Saat dizi ve filmlerin yan\u0131 s\u0131ra seslendirme sanat\u00e7\u0131l\u0131\u011f\u0131 da yapt\u0131.<\/p>\n<p>&#8220;2010&#8217;a Damgas\u0131n\u0131 Vuranlar&#8221; listesine Y\u0131l\u0131n Oyuncusu s\u0131fat\u0131yla dahil olan Beren Saat, 2013 y\u0131l\u0131nda GQ T\u00fcrkiye taraf\u0131ndan Y\u0131l\u0131n Kad\u0131n\u0131 se\u00e7ildi.<\/p>\n<p>\u00dcnl\u00fc oyuncu bu g\u00fcne kadar 2 Alt\u0131n Kelebek \u00d6d\u00fcl\u00fc d\u00e2hil olmak \u00fczere \u00e7ok say\u0131da \u00f6d\u00fcl kazand\u0131.<\/p>\n","protected":false},"excerpt":{"rendered":"<p>\u00dcnl\u00fc oyuncu Beren Saat ve \u015fark\u0131c\u0131 Kenan Do\u011fulu bebek mi bekliyor merak konusu oldu. Magazin g\u00fcndemine bomba gibi d\u00fc\u015fen bu haber herkesi merakland\u0131rd\u0131.<\/p>\n","protected":false},"author":5,"featured_media":144607,"comment_status":"closed","ping_status":"closed","sticky":false,"template":"","format":"standard","meta":{"rank_math_lock_modified_date":false,"footnotes":""},"categories":[76],"tags":[3154,6638],"class_list":["post-144606","post","type-post","status-publish","format-standard","has-post-thumbnail","hentry","category-magazin","tag-beren-saat","tag-kenan-dogulu"],"_links":{"self":[{"href":"https:\/\/www.tgrthaber.com\/mavikadin\/wp-json\/wp\/v2\/posts\/144606"}],"collection":[{"href":"https:\/\/www.tgrthaber.com\/mavikadin\/wp-json\/wp\/v2\/posts"}],"about":[{"href":"https:\/\/www.tgrthaber.com\/mavikadin\/wp-json\/wp\/v2\/types\/post"}],"author":[{"embeddable":true,"href":"https:\/\/www.tgrthaber.com\/mavikadin\/wp-json\/wp\/v2\/users\/5"}],"replies":[{"embeddable":true,"href":"https:\/\/www.tgrthaber.com\/mavikadin\/wp-json\/wp\/v2\/comments?post=144606"}],"version-history":[{"count":3,"href":"https:\/\/www.tgrthaber.com\/mavikadin\/wp-json\/wp\/v2\/posts\/144606\/revisions"}],"predecessor-version":[{"id":144650,"href":"https:\/\/www.tgrthaber.com\/mavikadin\/wp-json\/wp\/v2\/posts\/144606\/revisions\/144650"}],"wp:featuredmedia":[{"embeddable":true,"href":"https:\/\/www.tgrthaber.com\/mavikadin\/wp-json\/wp\/v2\/media\/144607"}],"wp:attachment":[{"href":"https:\/\/www.tgrthaber.com\/mavikadin\/wp-json\/wp\/v2\/media?parent=144606"}],"wp:term":[{"taxonomy":"category","embeddable":true,"href":"https:\/\/www.tgrthaber.com\/mavikadin\/wp-json\/wp\/v2\/categories?post=144606"},{"taxonomy":"post_tag","embeddable":true,"href":"https:\/\/www.tgrthaber.com\/mavikadin\/wp-json\/wp\/v2\/tags?post=144606"}],"curies":[{"name":"wp","href":"https:\/\/api.w.org\/{rel}","templated":true}]}}