{"id":144612,"date":"2025-03-10T12:42:58","date_gmt":"2025-03-10T09:42:58","guid":{"rendered":"https:\/\/www.tgrthaber.com\/mavikadin\/?p=144612"},"modified":"2025-03-10T13:17:36","modified_gmt":"2025-03-10T10:17:36","slug":"yuzde-iki-dizisi-konusu-ne-oyunculari-kim-nerede-yayinlanacak","status":"publish","type":"post","link":"https:\/\/www.tgrthaber.com\/mavikadin\/yuzde-iki-dizisi-konusu-ne-oyunculari-kim-nerede-yayinlanacak\/","title":{"rendered":"Y\u00fczde \u0130ki dizisi konusu ne? Oyuncular\u0131 kim, nerede yay\u0131nlanacak?"},"content":{"rendered":"<p>Yusuf \u00c7im, Bahar \u015eahin ve Cem Gelino\u011flu\u2019nu bir araya getiren \u201cY\u00fczde \u0130ki\u201d dizisinin konusu izleyiciler taraf\u0131ndan ara\u015ft\u0131r\u0131l\u0131yor. Y\u00fczde \u0130ki dizisinde yer alan oyuncular\u0131n kimler oldu\u011fu da merak ediliyor. Peki, Y\u00fczde \u0130ki dizisi konusu ne? Y\u00fczde \u0130ki dizisi oyuncular\u0131 kim? Y\u00fczde \u0130ki dizisi nerede yay\u0131nlanacak? Y\u00fczde \u0130ki dizisi hakk\u0131nda merak edilenleri sizin i\u00e7in ara\u015ft\u0131rd\u0131k. \u0130\u015fte Y\u00fczde \u0130ki dizisi hakk\u0131nda merak edilenler\u2026<\/p>\n<h3>Y\u00dcZDE \u0130K\u0130 D\u0130Z\u0130S\u0130 KONUSU NE?<\/h3>\n<p>Ge\u00e7ti\u011fimiz yaz \u00e7al\u0131\u015fmalar\u0131na ba\u015flanan Y\u00fczde \u0130ki dizisi, b\u00fcy\u00fck bir merakla bekleniyor. \u0130lk ba\u015flarda Beyaz Yaka olarak izleyici kar\u015f\u0131s\u0131na \u00e7\u0131kacak dizinin ismi de\u011fi\u015fmi\u015f ve \u201cY\u00fczde \u0130ki\u201d olmu\u015ftu. Yap\u0131mc\u0131l\u0131\u011f\u0131n\u0131 25 Film\u2019in \u00fcstlendi\u011fi Y\u00fczde \u0130ki dizisinin y\u00f6netmen koltu\u011funda Koray \u015eahin oturuyor. Dizinin senaryosunu y\u00f6netmen koltu\u011funda oturan Koray \u015eahin, Murat ve Eray Kaman ile birlikte kaleme al\u0131yor.<\/p>\n<p><img loading=\"lazy\" decoding=\"async\" class=\"alignnone wp-image-144615\" src=\"https:\/\/www.tgrthaber.com\/mavikadin\/wp-content\/uploads\/Yuzde-Iki-4-1024x576.jpg\" alt=\"Y\u00fczde \u0130ki dizisi konusu ne? \" width=\"1208\" height=\"680\" title=\"\" srcset=\"https:\/\/www.tgrthaber.com\/mavikadin\/wp-content\/uploads\/Yuzde-Iki-4-1024x576.jpg 1024w, https:\/\/www.tgrthaber.com\/mavikadin\/wp-content\/uploads\/Yuzde-Iki-4-300x169.jpg 300w, https:\/\/www.tgrthaber.com\/mavikadin\/wp-content\/uploads\/Yuzde-Iki-4-768x432.jpg 768w, https:\/\/www.tgrthaber.com\/mavikadin\/wp-content\/uploads\/Yuzde-Iki-4-1536x864.jpg 1536w, https:\/\/www.tgrthaber.com\/mavikadin\/wp-content\/uploads\/Yuzde-Iki-4.jpg 1600w\" sizes=\"(max-width: 1208px) 100vw, 1208px\" \/><\/p>\n<hr \/>\n<p>\u00c7ekimlerine Antalya\u2019da ba\u015flanan daha sonra \u0130stanbul\u2019da devam edilen Y\u00fczde \u0130ki dizisi komedi t\u00fcr\u00fcnde kar\u015f\u0131m\u0131za \u00e7\u0131k\u0131yor. Dizi, Antalya\u2019da kendi halinde esnafl\u0131k yapan Yi\u011fit Ekmek\u00e7io\u011flu\u2019nun \u00e7evresinde \u015fekilleniyor. Yi\u011fit karakterinin \u0130stanbul\u2019da bir plazaya gelmesiyle birlikte ya\u015fad\u0131\u011f\u0131 komik olaylar dizide konu al\u0131n\u0131yor.<\/p>\n<p>Yi\u011fit karakterinin \u00f6n plana \u00e7\u0131kt\u0131\u011f\u0131 Y\u00fczde \u0130ki dizisinde Cem Gelino\u011flu, Yusuf \u00c7im ve Bahar \u015eahin ba\u015frol payla\u015f\u0131yor. Dizide Yi\u011fit, babas\u0131n\u0131n da hissedar\u0131 oldu\u011fu \u015firketin sat\u0131lmas\u0131 y\u00f6n\u00fcnde verilen karar\u0131n ard\u0131ndan \u0130stanbul\u2019a geliyor. Dizi, babas\u0131n\u0131n hissesini devretmek i\u00e7in geldi\u011fi plazada ise ba\u015f\u0131na t\u00fcrl\u00fc komik olaylar gelen Yi\u011fit\u2019in \u00e7evresinde geli\u015fiyor. Yi\u011fit, sonu\u00e7 olarak \u015firkette \u00e7al\u0131\u015fmaya karar veriyor ve hisseleri devretmekten vazge\u00e7iyor. Yi\u011fit\u2019in bir anda i\u015f d\u00fcnyas\u0131na ad\u0131m atmas\u0131 ise diziye renk kat\u0131yor.<\/p>\n<p><img loading=\"lazy\" decoding=\"async\" class=\"alignnone wp-image-144616\" src=\"https:\/\/www.tgrthaber.com\/mavikadin\/wp-content\/uploads\/Yuzde-Iki-5-1024x576.jpg\" alt=\"Y\u00fczde \u0130ki dizisi konusu ne? \" width=\"1208\" height=\"680\" title=\"\" srcset=\"https:\/\/www.tgrthaber.com\/mavikadin\/wp-content\/uploads\/Yuzde-Iki-5-1024x576.jpg 1024w, https:\/\/www.tgrthaber.com\/mavikadin\/wp-content\/uploads\/Yuzde-Iki-5-300x169.jpg 300w, https:\/\/www.tgrthaber.com\/mavikadin\/wp-content\/uploads\/Yuzde-Iki-5-768x432.jpg 768w, https:\/\/www.tgrthaber.com\/mavikadin\/wp-content\/uploads\/Yuzde-Iki-5-1536x864.jpg 1536w, https:\/\/www.tgrthaber.com\/mavikadin\/wp-content\/uploads\/Yuzde-Iki-5.jpg 1600w\" sizes=\"(max-width: 1208px) 100vw, 1208px\" \/><\/p>\n<hr \/>\n<h3>Y\u00dcZDE \u0130K\u0130 D\u0130Z\u0130S\u0130N\u0130N OYUNCULARI K\u0130M?<\/h3>\n<p>Ba\u015frollerinde Cem Gelino\u011flu, Yusuf \u00c7im ve Bahar \u015eahin\u2019in yer ald\u0131\u011f\u0131 dizide birbirinden ba\u015far\u0131l\u0131 isimler boy g\u00f6steriyor. Komedi t\u00fcr\u00fc ve e\u011flenceli hikayesiyle seyirciye b\u00fcy\u00fck bir merak uyand\u0131ran dizinin oyuncu kadrosunda birbirinden ba\u015far\u0131l\u0131 oyuncular yer al\u0131yor.<\/p>\n<p><strong>\u0130\u015fte Y\u00fczde \u0130ki dizisinin oyuncular\u0131;<\/strong><\/p>\n<ul>\n<li>Cem Gelino\u011flu (Yi\u011fit Ekmek\u00e7io\u011flu)<\/li>\n<li>Bahar \u015eahin (Merve Ekmek\u00e7io\u011flu)<\/li>\n<li>Yusuf \u00c7im (Emir)<\/li>\n<li>M\u00fcfit Kayacan (Kadri Kaya)<\/li>\n<li>\u015einasi Yurtsever (Metin Demir)<\/li>\n<li>Eray Kaman (Sel\u00e7uk I\u015f\u0131k)<\/li>\n<li>Utku Ate\u015f (\u0130lkay)<\/li>\n<li>Nilay Erd\u00f6nmez<\/li>\n<li>H\u00fclya Duyar<\/li>\n<li>Giray Alt\u0131nok<\/li>\n<\/ul>\n<p><img loading=\"lazy\" decoding=\"async\" class=\"alignnone wp-image-144618\" src=\"https:\/\/www.tgrthaber.com\/mavikadin\/wp-content\/uploads\/Yuzde-Iki-6-1024x576.jpg\" alt=\"Y\u00fczde \u0130ki dizisi konusu ne? \" width=\"1208\" height=\"680\" title=\"\" srcset=\"https:\/\/www.tgrthaber.com\/mavikadin\/wp-content\/uploads\/Yuzde-Iki-6-1024x576.jpg 1024w, https:\/\/www.tgrthaber.com\/mavikadin\/wp-content\/uploads\/Yuzde-Iki-6-300x169.jpg 300w, https:\/\/www.tgrthaber.com\/mavikadin\/wp-content\/uploads\/Yuzde-Iki-6-768x432.jpg 768w, https:\/\/www.tgrthaber.com\/mavikadin\/wp-content\/uploads\/Yuzde-Iki-6-1536x864.jpg 1536w, https:\/\/www.tgrthaber.com\/mavikadin\/wp-content\/uploads\/Yuzde-Iki-6.jpg 1600w\" sizes=\"(max-width: 1208px) 100vw, 1208px\" \/><\/p>\n<hr \/>\n<h3>Y\u00dcZDE \u0130K\u0130 D\u0130Z\u0130S\u0130 NEREDE YAYINLANACAK?<\/h3>\n<p>\u00c7ekimlerine ge\u00e7ti\u011fimiz temmuz ay\u0131nda ba\u015flanan Y\u00fczde \u0130ki dizisi, seyirci ile bulu\u015fmaya haz\u0131rlan\u0131yor. Hem konusu hem de g\u00fc\u00e7l\u00fc oyuncu kadrosuyla dikkatleri \u00fczerine \u00e7eken dizi izleyiciler taraf\u0131ndan merakla bekleniyor. Her biri 25 dakikadan olu\u015facak olan dizinin ilk sezonu 10 b\u00f6l\u00fcm \u015feklinde yay\u0131nlanacak.<\/p>\n<p>Komedi t\u00fcr\u00fcndeki Y\u00fczde \u0130ki dizisi, TRT\u2019nin dijital platformu \u201cTabii\u201d de yay\u0131nlanacak. \u0130zleyiciyi ekran ba\u015f\u0131na kilitlemeye haz\u0131rlanan dizi, orijinal Tabii dijital platform dizisi olarak kar\u015f\u0131m\u0131za \u00e7\u0131k\u0131yor. Dizinin yay\u0131n tarihi ise hen\u00fcz net olarak bilinmiyor. Ge\u00e7ti\u011fimiz aylarda tan\u0131t\u0131m\u0131 yay\u0131nlanan dizinin yak\u0131n zamanda izleyici ile bulu\u015fmas\u0131 planlan\u0131yor.<\/p>\n","protected":false},"excerpt":{"rendered":"<p>Ba\u015frollerinde Yusuf \u00c7im, Bahar \u015eahin ve Cem Gelino\u011flu\u2019nun yer ald\u0131\u011f\u0131 \u201cY\u00fczde \u0130ki\u201d dizisinin konusu merak ediliyor. Peki, Y\u00fczde \u0130ki dizisi konusu ne? Oyuncular\u0131 kim, nerede yay\u0131nlanacak? \u0130\u015fte detaylar\u2026 <\/p>\n","protected":false},"author":26,"featured_media":144613,"comment_status":"closed","ping_status":"closed","sticky":false,"template":"","format":"standard","meta":{"rank_math_lock_modified_date":false,"footnotes":""},"categories":[602],"tags":[13633,13634,6203,3407,13631,13632],"class_list":["post-144612","post","type-post","status-publish","format-standard","has-post-thumbnail","hentry","category-diziler","tag-bahar-sahin","tag-cem-gelinoglu","tag-tabii","tag-yusuf-cim","tag-yuzde-iki","tag-yuzde-iki-dizi"],"_links":{"self":[{"href":"https:\/\/www.tgrthaber.com\/mavikadin\/wp-json\/wp\/v2\/posts\/144612"}],"collection":[{"href":"https:\/\/www.tgrthaber.com\/mavikadin\/wp-json\/wp\/v2\/posts"}],"about":[{"href":"https:\/\/www.tgrthaber.com\/mavikadin\/wp-json\/wp\/v2\/types\/post"}],"author":[{"embeddable":true,"href":"https:\/\/www.tgrthaber.com\/mavikadin\/wp-json\/wp\/v2\/users\/26"}],"replies":[{"embeddable":true,"href":"https:\/\/www.tgrthaber.com\/mavikadin\/wp-json\/wp\/v2\/comments?post=144612"}],"version-history":[{"count":3,"href":"https:\/\/www.tgrthaber.com\/mavikadin\/wp-json\/wp\/v2\/posts\/144612\/revisions"}],"predecessor-version":[{"id":144619,"href":"https:\/\/www.tgrthaber.com\/mavikadin\/wp-json\/wp\/v2\/posts\/144612\/revisions\/144619"}],"wp:featuredmedia":[{"embeddable":true,"href":"https:\/\/www.tgrthaber.com\/mavikadin\/wp-json\/wp\/v2\/media\/144613"}],"wp:attachment":[{"href":"https:\/\/www.tgrthaber.com\/mavikadin\/wp-json\/wp\/v2\/media?parent=144612"}],"wp:term":[{"taxonomy":"category","embeddable":true,"href":"https:\/\/www.tgrthaber.com\/mavikadin\/wp-json\/wp\/v2\/categories?post=144612"},{"taxonomy":"post_tag","embeddable":true,"href":"https:\/\/www.tgrthaber.com\/mavikadin\/wp-json\/wp\/v2\/tags?post=144612"}],"curies":[{"name":"wp","href":"https:\/\/api.w.org\/{rel}","templated":true}]}}