{"id":144620,"date":"2025-03-10T13:34:39","date_gmt":"2025-03-10T10:34:39","guid":{"rendered":"https:\/\/www.tgrthaber.com\/mavikadin\/?p=144620"},"modified":"2025-03-10T13:34:39","modified_gmt":"2025-03-10T10:34:39","slug":"sosyal-medyada-haftanin-en-cok-konusulan-kadin-oyunculari-belli-oldu-dizileri-kadar-kendileri-de-on-planda","status":"publish","type":"post","link":"https:\/\/www.tgrthaber.com\/mavikadin\/sosyal-medyada-haftanin-en-cok-konusulan-kadin-oyunculari-belli-oldu-dizileri-kadar-kendileri-de-on-planda\/","title":{"rendered":"Sosyal medyada haftan\u0131n en \u00e7ok konu\u015fulan kad\u0131n oyuncular\u0131 belli oldu! Dizileri kadar kendileri de \u00f6n planda"},"content":{"rendered":"<p>Haftan\u0131n en \u00e7ok konu\u015fulan kad\u0131n oyuncular\u0131 belli oldu. Yer ald\u0131klar\u0131 dizilerle oldu\u011fu kadar \u00f6zel hayatlar\u0131yla da merak edilen \u00fcnl\u00fc isimler sosyal medyada da \u00e7ok konu\u015fuldu.<\/p>\n<h3>HAFTANIN EN \u00c7OK KONU\u015eULAN KADIN OYUNCULARI A\u00c7IKLANDI<\/h3>\n<p>Haftan\u0131n en \u00e7ok konu\u015fulan kad\u0131n oyuncular\u0131 aras\u0131nda Ya\u011fmur Y\u00fcksel ve Demet \u00d6zdemir ilk s\u0131rada geliyor.<\/p>\n<p>Ya\u011fmur Y\u00fcksel Kanal 7&#8217;de ekranlara gelen Kan \u00c7i\u00e7ekleri Dizisi ile tan\u0131nm\u0131\u015ft\u0131. \u00dcnl\u00fc isim bu dizide 434 b\u00f6l\u00fcm boyunca yer alm\u0131\u015ft\u0131. Kan \u00c7i\u00e7ekleri 17 Ocak Cuma g\u00fcn\u00fc final yapm\u0131\u015ft\u0131.<\/p>\n<p><img loading=\"lazy\" decoding=\"async\" class=\"alignnone wp-image-143178\" src=\"https:\/\/www.tgrthaber.com\/mavikadin\/wp-content\/uploads\/Demet-Ozdemir-\u2018Ruya-sarkisiyla-sosyal-medyada-viral-oldu-Performansi-begenildi.jpg\" alt=\"\" width=\"1208\" height=\"680\" title=\"\" srcset=\"https:\/\/www.tgrthaber.com\/mavikadin\/wp-content\/uploads\/Demet-Ozdemir-\u2018Ruya-sarkisiyla-sosyal-medyada-viral-oldu-Performansi-begenildi.jpg 1920w, https:\/\/www.tgrthaber.com\/mavikadin\/wp-content\/uploads\/Demet-Ozdemir-\u2018Ruya-sarkisiyla-sosyal-medyada-viral-oldu-Performansi-begenildi-300x169.jpg 300w, https:\/\/www.tgrthaber.com\/mavikadin\/wp-content\/uploads\/Demet-Ozdemir-\u2018Ruya-sarkisiyla-sosyal-medyada-viral-oldu-Performansi-begenildi-1024x576.jpg 1024w, https:\/\/www.tgrthaber.com\/mavikadin\/wp-content\/uploads\/Demet-Ozdemir-\u2018Ruya-sarkisiyla-sosyal-medyada-viral-oldu-Performansi-begenildi-768x432.jpg 768w, https:\/\/www.tgrthaber.com\/mavikadin\/wp-content\/uploads\/Demet-Ozdemir-\u2018Ruya-sarkisiyla-sosyal-medyada-viral-oldu-Performansi-begenildi-1536x864.jpg 1536w\" sizes=\"(max-width: 1208px) 100vw, 1208px\" \/><\/p>\n<hr \/>\n<p>Demet \u00d6zdemir&#8217;in yer ald\u0131\u011f\u0131 E\u015fref R\u00fcya ise hen\u00fcz ekranlara gelmeden en \u00e7ok konu\u015fulan projelerden biri oldu. \u00d6zdemir&#8217;in \u00c7a\u011fatay Ulusoy ile ba\u015frol\u00fc payla\u015faca\u011f\u0131 dizi \u015fimdiden merak konusu oldu.<\/p>\n<p><img loading=\"lazy\" decoding=\"async\" class=\"alignnone wp-image-144482\" src=\"https:\/\/www.tgrthaber.com\/mavikadin\/wp-content\/uploads\/yagmur-yuksel-kapadokya-pozlari.jpg\" alt=\"ya\u011fmur y\u00fcksel kapadokya pozlar\u0131\" width=\"1208\" height=\"680\" title=\"\" srcset=\"https:\/\/www.tgrthaber.com\/mavikadin\/wp-content\/uploads\/yagmur-yuksel-kapadokya-pozlari.jpg 1920w, https:\/\/www.tgrthaber.com\/mavikadin\/wp-content\/uploads\/yagmur-yuksel-kapadokya-pozlari-300x169.jpg 300w, https:\/\/www.tgrthaber.com\/mavikadin\/wp-content\/uploads\/yagmur-yuksel-kapadokya-pozlari-1024x576.jpg 1024w, https:\/\/www.tgrthaber.com\/mavikadin\/wp-content\/uploads\/yagmur-yuksel-kapadokya-pozlari-768x432.jpg 768w, https:\/\/www.tgrthaber.com\/mavikadin\/wp-content\/uploads\/yagmur-yuksel-kapadokya-pozlari-1536x864.jpg 1536w\" sizes=\"(max-width: 1208px) 100vw, 1208px\" \/><\/p>\n<hr \/>\n<h3>L\u0130STEN\u0130N 3. SIRASINDA SILA T\u00dcRKO\u011eLU VAR<\/h3>\n<p>K\u0131z\u0131lc\u0131k \u015eerbeti&#8217;nin Do\u011fa&#8217;s\u0131 S\u0131la T\u00fcrko\u011flu haftan\u0131n en \u00e7ok konu\u015fulan 3. kad\u0131n oyuncusu oldu. Dizideki performans\u0131yla ad\u0131ndan s\u0131k s\u0131k s\u00f6z ettiren T\u00fcrko\u011flu yapt\u0131\u011f\u0131 her payla\u015f\u0131mla g\u00fcndeme gelmeyi ba\u015far\u0131yor.<\/p>\n<p><img loading=\"lazy\" decoding=\"async\" class=\"alignnone wp-image-143756\" src=\"https:\/\/www.tgrthaber.com\/mavikadin\/wp-content\/uploads\/sila-turkoglu2.webp\" alt=\"\" width=\"1208\" height=\"680\" title=\"\" srcset=\"https:\/\/www.tgrthaber.com\/mavikadin\/wp-content\/uploads\/sila-turkoglu2.webp 1280w, https:\/\/www.tgrthaber.com\/mavikadin\/wp-content\/uploads\/sila-turkoglu2-300x169.webp 300w, https:\/\/www.tgrthaber.com\/mavikadin\/wp-content\/uploads\/sila-turkoglu2-1024x576.webp 1024w, https:\/\/www.tgrthaber.com\/mavikadin\/wp-content\/uploads\/sila-turkoglu2-768x432.webp 768w\" sizes=\"(max-width: 1208px) 100vw, 1208px\" \/><\/p>\n<hr \/>\n<h3>MAHASS\u0130NE MERABET 4. SIRADA<\/h3>\n<p>Kanal 7&#8217;de 2022 y\u0131l\u0131nda yay\u0131nlanmaya ba\u015flayan &#8216;Esaret&#8217; dizisinde Hira karakteriyle dikkatleri \u00fczerine \u00e7eken Mahassine Merabet bu rol\u00fcyle ilk kez ekran deneyimi ya\u015fad\u0131.<\/p>\n<p>Arap\u00e7a, T\u00fcrk\u00e7e ve Frans\u0131zca dillerini ak\u0131c\u0131 bir \u015fekilde konu\u015fabilen \u00fcnl\u00fc isim halen ayn\u0131 dizide oynamaya devam ediyor.<\/p>\n<p><img loading=\"lazy\" decoding=\"async\" class=\"alignnone size-full wp-image-142252\" src=\"https:\/\/www.tgrthaber.com\/mavikadin\/wp-content\/uploads\/Mahassine-Merabet-6.jpg\" alt=\"\" width=\"1208\" height=\"680\" title=\"\" srcset=\"https:\/\/www.tgrthaber.com\/mavikadin\/wp-content\/uploads\/Mahassine-Merabet-6.jpg 1208w, https:\/\/www.tgrthaber.com\/mavikadin\/wp-content\/uploads\/Mahassine-Merabet-6-300x169.jpg 300w, https:\/\/www.tgrthaber.com\/mavikadin\/wp-content\/uploads\/Mahassine-Merabet-6-1024x576.jpg 1024w, https:\/\/www.tgrthaber.com\/mavikadin\/wp-content\/uploads\/Mahassine-Merabet-6-768x432.jpg 768w\" sizes=\"(max-width: 1208px) 100vw, 1208px\" \/><\/p>\n<hr \/>\n<h3>M\u0130NA DEM\u0130RTA\u015e L\u0130STEN\u0130N SON SIRASINDA<\/h3>\n<p>Kariyerine ilk olarak sinemada ba\u015flayan Mina Demirta\u015f, 2021 y\u0131l\u0131nda &#8220;Akif&#8221; adl\u0131 filmde yer ald\u0131. Performans\u0131yla dikkat \u00e7eken \u00fcnl\u00fc isim 2022 y\u0131l\u0131nda &#8220;Kabahat&#8221; filminde ba\u015frol oynayarak geni\u015f bir izleyici kitlesi elde etti.<\/p>\n<p>\u00dcnl\u00fc oyuncunun gen\u00e7 ya\u015f\u0131na ra\u011fmen bu erken \u00e7\u0131k\u0131\u015flar\u0131 onu bug\u00fcnk\u00fc yerine ta\u015f\u0131d\u0131. \u015eu s\u0131ralar K\u0131z\u0131l Goncalar dizisinde Zeynep karakterini \u00fcstlenen oyuncu kariyerinin zirvesine \u00e7\u0131km\u0131\u015ft\u0131r.<\/p>\n<p><img loading=\"lazy\" decoding=\"async\" class=\"alignnone wp-image-135779\" src=\"https:\/\/www.tgrthaber.com\/mavikadin\/wp-content\/uploads\/Mina-Demirtas-3-1.jpg\" alt=\"\" width=\"1208\" height=\"680\" title=\"\" srcset=\"https:\/\/www.tgrthaber.com\/mavikadin\/wp-content\/uploads\/Mina-Demirtas-3-1.jpg 1920w, https:\/\/www.tgrthaber.com\/mavikadin\/wp-content\/uploads\/Mina-Demirtas-3-1-300x169.jpg 300w, https:\/\/www.tgrthaber.com\/mavikadin\/wp-content\/uploads\/Mina-Demirtas-3-1-1024x576.jpg 1024w, https:\/\/www.tgrthaber.com\/mavikadin\/wp-content\/uploads\/Mina-Demirtas-3-1-768x432.jpg 768w, https:\/\/www.tgrthaber.com\/mavikadin\/wp-content\/uploads\/Mina-Demirtas-3-1-1536x864.jpg 1536w\" sizes=\"(max-width: 1208px) 100vw, 1208px\" \/><\/p>\n<hr \/>\n<p>Haftan\u0131n en \u00e7ok konu\u015fulan kad\u0131n oyuncular\u0131:<\/p>\n<p>(02-08 Mart 2025)<\/p>\n<p>1. Ya\u011fmur Y\u00fcksel<br \/>\n2. Demet \u00d6zdemir<br \/>\n3. S\u0131la T\u00fcrko\u011flu<br \/>\n4. Mahassine Merabet<br \/>\n5. Mina Demirta\u015f<\/p>\n","protected":false},"excerpt":{"rendered":"<p>Sosyal medyada haftan\u0131n en \u00e7ok konu\u015fulan kad\u0131n oyuncular\u0131 a\u00e7\u0131kland\u0131. Yer ald\u0131\u011f\u0131 dizilerle \u00f6n plana \u00e7\u0131kan sevilen oyuncular sosyal medyada da dikkat \u00e7ekti.<\/p>\n","protected":false},"author":5,"featured_media":144621,"comment_status":"closed","ping_status":"closed","sticky":false,"template":"","format":"standard","meta":{"rank_math_lock_modified_date":false,"footnotes":""},"categories":[76],"tags":[2570,86,13637,2182,13638],"class_list":["post-144620","post","type-post","status-publish","format-standard","has-post-thumbnail","hentry","category-magazin","tag-demet-ozdemir","tag-kadin","tag-kadin-oyuncu","tag-sila-turkoglu","tag-unlu-kadinlar"],"_links":{"self":[{"href":"https:\/\/www.tgrthaber.com\/mavikadin\/wp-json\/wp\/v2\/posts\/144620"}],"collection":[{"href":"https:\/\/www.tgrthaber.com\/mavikadin\/wp-json\/wp\/v2\/posts"}],"about":[{"href":"https:\/\/www.tgrthaber.com\/mavikadin\/wp-json\/wp\/v2\/types\/post"}],"author":[{"embeddable":true,"href":"https:\/\/www.tgrthaber.com\/mavikadin\/wp-json\/wp\/v2\/users\/5"}],"replies":[{"embeddable":true,"href":"https:\/\/www.tgrthaber.com\/mavikadin\/wp-json\/wp\/v2\/comments?post=144620"}],"version-history":[{"count":2,"href":"https:\/\/www.tgrthaber.com\/mavikadin\/wp-json\/wp\/v2\/posts\/144620\/revisions"}],"predecessor-version":[{"id":144623,"href":"https:\/\/www.tgrthaber.com\/mavikadin\/wp-json\/wp\/v2\/posts\/144620\/revisions\/144623"}],"wp:featuredmedia":[{"embeddable":true,"href":"https:\/\/www.tgrthaber.com\/mavikadin\/wp-json\/wp\/v2\/media\/144621"}],"wp:attachment":[{"href":"https:\/\/www.tgrthaber.com\/mavikadin\/wp-json\/wp\/v2\/media?parent=144620"}],"wp:term":[{"taxonomy":"category","embeddable":true,"href":"https:\/\/www.tgrthaber.com\/mavikadin\/wp-json\/wp\/v2\/categories?post=144620"},{"taxonomy":"post_tag","embeddable":true,"href":"https:\/\/www.tgrthaber.com\/mavikadin\/wp-json\/wp\/v2\/tags?post=144620"}],"curies":[{"name":"wp","href":"https:\/\/api.w.org\/{rel}","templated":true}]}}