{"id":144729,"date":"2025-03-10T17:18:49","date_gmt":"2025-03-10T14:18:49","guid":{"rendered":"https:\/\/www.tgrthaber.com\/mavikadin\/?p=144729"},"modified":"2025-03-10T17:21:53","modified_gmt":"2025-03-10T14:21:53","slug":"survivorda-kacak-yapi-krizi-turizm-bakanligi-devreye-girdi","status":"publish","type":"post","link":"https:\/\/www.tgrthaber.com\/mavikadin\/survivorda-kacak-yapi-krizi-turizm-bakanligi-devreye-girdi\/","title":{"rendered":"Survivor\u2019da \u201cKa\u00e7ak Yap\u0131\u201d krizi! Turizm Bakanl\u0131\u011f\u0131 devreye girdi"},"content":{"rendered":"<p>Ekranlar\u0131n b\u00fcy\u00fck bir ilgiyle takip edilen yar\u0131\u015fma program\u0131 Survivor\u2019da bir ilk ya\u015fand\u0131. Survivor\u2019daki \u201cKa\u00e7ak Yap\u0131\u201d krizi herkesi \u015fa\u015fk\u0131na \u00e7evirdi. TV8 ekranlar\u0131n\u0131n sevilen program\u0131 Survivor, yine \u00e7ok konu\u015fulacak bir olayla g\u00fcndem oldu. Yar\u0131\u015fmac\u0131lar\u0131n k\u0131yas\u0131ya yar\u0131\u015ft\u0131\u011f\u0131 programda bu kez de Dominik Turizm Bakanl\u0131\u011f\u0131 devreye girdi. Dominik Turizm Bakanl\u0131\u011f\u0131, Survivor yar\u0131\u015fmac\u0131lar\u0131n\u0131n adada yapt\u0131klar\u0131 evleri \u201cKa\u00e7ak Yap\u0131\u201d olduklar\u0131 gerek\u00e7esiyle y\u0131kt\u0131.<\/p>\n<h3>SURV\u0130VOR\u2019DA \u201cKA\u00c7AK YAPI\u201d KR\u0130Z\u0130!<\/h3>\n<p>TV8 ekranlar\u0131n\u0131n b\u00fcy\u00fck bir ilgiyle takip edilen yar\u0131\u015fma program\u0131 Survivor, h\u0131z kesmeden yay\u0131nlanmaya devam ediyor. Seyircilerin k\u0131yas\u0131ya m\u00fccadele etti\u011fi yar\u0131\u015fmada tart\u0131\u015fmalar, skandallar ve birbirinden tuhaf olaylar bitmek bilmiyor. Yine beklenmedik bir olayla g\u00fcndeme gelen yar\u0131\u015fma program\u0131nda bir ilk ya\u015fand\u0131. Yar\u0131\u015fmac\u0131lar\u0131n k\u0131yas\u0131ya yar\u0131\u015ft\u0131\u011f\u0131 programda bu kez de Dominik Turizm Bakanl\u0131\u011f\u0131 devreye girdi.<\/p>\n<p><img loading=\"lazy\" decoding=\"async\" class=\"alignnone wp-image-144732\" src=\"https:\/\/www.tgrthaber.com\/mavikadin\/wp-content\/uploads\/Survivor-1-1-1024x576.jpg\" alt=\"Survivor\u2019da \u201cKa\u00e7ak Yap\u0131\u201d krizi!\" width=\"1208\" height=\"680\" title=\"\" srcset=\"https:\/\/www.tgrthaber.com\/mavikadin\/wp-content\/uploads\/Survivor-1-1-1024x576.jpg 1024w, https:\/\/www.tgrthaber.com\/mavikadin\/wp-content\/uploads\/Survivor-1-1-300x169.jpg 300w, https:\/\/www.tgrthaber.com\/mavikadin\/wp-content\/uploads\/Survivor-1-1-768x432.jpg 768w, https:\/\/www.tgrthaber.com\/mavikadin\/wp-content\/uploads\/Survivor-1-1-1536x864.jpg 1536w, https:\/\/www.tgrthaber.com\/mavikadin\/wp-content\/uploads\/Survivor-1-1.jpg 1600w\" sizes=\"(max-width: 1208px) 100vw, 1208px\" \/><\/p>\n<hr \/>\n<p>Survivor\u2019daki \u201cKa\u00e7ak Yap\u0131\u201d krizi herkesi \u015fa\u015fk\u0131na \u00e7evirdi. TV8 ekranlar\u0131n\u0131n sevilen program\u0131 Survivor, yine \u00e7ok konu\u015fulacak bir olayla g\u00fcndem oldu. Dominik Turizm Bakanl\u0131\u011f\u0131, Survivor yar\u0131\u015fmac\u0131lar\u0131n\u0131n adada yapt\u0131klar\u0131 evleri \u201cKa\u00e7ak Yap\u0131\u201d olduklar\u0131 gerek\u00e7esiyle y\u0131kt\u0131. Survivor yar\u0131\u015fmac\u0131lar\u0131n\u0131n, adada kendi kendilerine in\u015fa ettikleri evlerin \u201cKa\u00e7ak Yap\u0131\u201d olarak tespit edilmesi \u00fczerine, Dominik Turizm Bakanl\u0131\u011f\u0131 taraf\u0131ndan y\u0131k\u0131ld\u0131\u011f\u0131 ortaya \u00e7\u0131kt\u0131. Ya\u015fanan olay hem izleyicilerin hem de sosyal medya kullan\u0131c\u0131lar\u0131n\u0131n dikkatini \u00e7ekti.<\/p>\n<div style=\"width: 640px;\" class=\"wp-video\"><!--[if lt IE 9]><script>document.createElement('video');<\/script><![endif]-->\n<video class=\"wp-video-shortcode\" id=\"video-144729-1\" width=\"640\" height=\"360\" preload=\"metadata\" controls=\"controls\"><source type=\"video\/mp4\" src=\"https:\/\/www.tgrthaber.com\/mavikadin\/wp-content\/uploads\/Survivor.mp4?_=1\" \/><a href=\"https:\/\/www.tgrthaber.com\/mavikadin\/wp-content\/uploads\/Survivor.mp4\">https:\/\/www.tgrthaber.com\/mavikadin\/wp-content\/uploads\/Survivor.mp4<\/a><\/video><\/div>\n<hr \/>\n<h3>DAHA \u00d6NCE DOM\u0130N\u0130K POL\u0130S\u0130 DEVREYE G\u0130RM\u0130\u015eT\u0130!<\/h3>\n<p>Survivor yar\u0131\u015fmas\u0131nda ya\u015fanan ilgin\u00e7 olaylara bir yenisi eklendi. Her y\u0131l farkl\u0131 bir olayla g\u00fcndem olan yar\u0131\u015fma bu kez \u201cKa\u00e7ak Yap\u0131\u201d kriziyle g\u00fcndem oldu. Ge\u00e7ti\u011fimiz sezonda yar\u0131\u015fmac\u0131 Poyraz\u2019\u0131n bir villaya izinsiz girmesi, yiyecek ve i\u00e7ecek almas\u0131 sonucu Dominik polisi olay\u0131n pe\u015fine d\u00fc\u015fm\u00fc\u015ft\u00fc. Daha sonra Acun Il\u0131cal\u0131\u2019n\u0131n devreye girmesiyle birlikte \u015fikayetin geri \u00e7ekilmesi sa\u011flanm\u0131\u015ft\u0131.<\/p>\n<p><img loading=\"lazy\" decoding=\"async\" class=\"alignnone wp-image-144731\" src=\"https:\/\/www.tgrthaber.com\/mavikadin\/wp-content\/uploads\/Survivor--1024x576.jpg\" alt=\"Survivor\u2019da \u201cKa\u00e7ak Yap\u0131\u201d krizi!\" width=\"1208\" height=\"680\" title=\"\" srcset=\"https:\/\/www.tgrthaber.com\/mavikadin\/wp-content\/uploads\/Survivor--1024x576.jpg 1024w, https:\/\/www.tgrthaber.com\/mavikadin\/wp-content\/uploads\/Survivor--300x169.jpg 300w, https:\/\/www.tgrthaber.com\/mavikadin\/wp-content\/uploads\/Survivor--768x432.jpg 768w, https:\/\/www.tgrthaber.com\/mavikadin\/wp-content\/uploads\/Survivor--1536x864.jpg 1536w, https:\/\/www.tgrthaber.com\/mavikadin\/wp-content\/uploads\/Survivor-.jpg 1600w\" sizes=\"(max-width: 1208px) 100vw, 1208px\" \/><\/p>\n<hr \/>\n<p>Ge\u00e7ti\u011fimiz sezona damga vuran bu olay Survivor tarihinde ya\u015fanan en ilgin\u00e7 anlardan biri olarak haf\u0131zalara kaz\u0131nm\u0131\u015ft\u0131. Ya\u015fanan bu olay sonras\u0131nda Poyraz ve ona yard\u0131m eden yar\u0131\u015fmac\u0131lar\u0131n \u00f6d\u00fcllerden mahrum b\u0131rak\u0131lmas\u0131 ise herkesi \u015fa\u015f\u0131rtm\u0131\u015ft\u0131.<\/p>\n","protected":false},"excerpt":{"rendered":"<p>Survivor yar\u0131\u015fmas\u0131nda bir ilk ya\u015fand\u0131. Dominik Turizm Bakanl\u0131\u011f\u0131, Survivor yar\u0131\u015fmac\u0131lar\u0131n\u0131n adada yapt\u0131klar\u0131 evleri \u201cKa\u00e7ak Yap\u0131\u201d olduklar\u0131 gerek\u00e7esiyle y\u0131kt\u0131. \u0130\u015fte detaylar\u2026 <\/p>\n","protected":false},"author":26,"featured_media":144730,"comment_status":"closed","ping_status":"closed","sticky":false,"template":"","format":"standard","meta":{"rank_math_lock_modified_date":false,"footnotes":""},"categories":[76],"tags":[2366,13658,13659],"class_list":["post-144729","post","type-post","status-publish","format-standard","has-post-thumbnail","hentry","category-magazin","tag-survivor","tag-survivor-kacak-yapi","tag-survivor-kacak-yapi-krizi"],"_links":{"self":[{"href":"https:\/\/www.tgrthaber.com\/mavikadin\/wp-json\/wp\/v2\/posts\/144729"}],"collection":[{"href":"https:\/\/www.tgrthaber.com\/mavikadin\/wp-json\/wp\/v2\/posts"}],"about":[{"href":"https:\/\/www.tgrthaber.com\/mavikadin\/wp-json\/wp\/v2\/types\/post"}],"author":[{"embeddable":true,"href":"https:\/\/www.tgrthaber.com\/mavikadin\/wp-json\/wp\/v2\/users\/26"}],"replies":[{"embeddable":true,"href":"https:\/\/www.tgrthaber.com\/mavikadin\/wp-json\/wp\/v2\/comments?post=144729"}],"version-history":[{"count":3,"href":"https:\/\/www.tgrthaber.com\/mavikadin\/wp-json\/wp\/v2\/posts\/144729\/revisions"}],"predecessor-version":[{"id":144736,"href":"https:\/\/www.tgrthaber.com\/mavikadin\/wp-json\/wp\/v2\/posts\/144729\/revisions\/144736"}],"wp:featuredmedia":[{"embeddable":true,"href":"https:\/\/www.tgrthaber.com\/mavikadin\/wp-json\/wp\/v2\/media\/144730"}],"wp:attachment":[{"href":"https:\/\/www.tgrthaber.com\/mavikadin\/wp-json\/wp\/v2\/media?parent=144729"}],"wp:term":[{"taxonomy":"category","embeddable":true,"href":"https:\/\/www.tgrthaber.com\/mavikadin\/wp-json\/wp\/v2\/categories?post=144729"},{"taxonomy":"post_tag","embeddable":true,"href":"https:\/\/www.tgrthaber.com\/mavikadin\/wp-json\/wp\/v2\/tags?post=144729"}],"curies":[{"name":"wp","href":"https:\/\/api.w.org\/{rel}","templated":true}]}}