{"id":144758,"date":"2025-03-10T19:37:28","date_gmt":"2025-03-10T16:37:28","guid":{"rendered":"https:\/\/www.tgrthaber.com\/mavikadin\/?p=144758"},"modified":"2025-03-10T19:37:28","modified_gmt":"2025-03-10T16:37:28","slug":"survivor-2025-acil-durum-konseyi-toplandi-sema-neden-yok-elendi-mi-acun-ilicali-kararini-acikladi","status":"publish","type":"post","link":"https:\/\/www.tgrthaber.com\/mavikadin\/survivor-2025-acil-durum-konseyi-toplandi-sema-neden-yok-elendi-mi-acun-ilicali-kararini-acikladi\/","title":{"rendered":"Survivor 2025 Acil durum konseyi topland\u0131!  Sema neden yok, elendi mi? Acun Il\u0131cal\u0131 karar\u0131n\u0131 a\u00e7\u0131klad\u0131!"},"content":{"rendered":"<p class=\"p1\">Survivor 2025 All Star sezonunda m\u00fccadele eden Sema Aydemir, g\u00f6sterdi\u011fi performans ve g\u00fc\u00e7l\u00fc karakteriyle yar\u0131\u015fman\u0131n en \u00e7ok konu\u015fulan isimlerinden biri olmaya devam ediyor. Her sezon oldu\u011fu gibi bu sezon da parkurda g\u00f6sterdi\u011fi azimle dikkatleri \u00fczerine \u00e7eken Sema, ileti\u015fim oyununda ya\u015fanan olay ile g\u00fcndeme oturdu. Bu ak\u015fam ekranlara gelecek olan b\u00f6l\u00fcmde, izleyicilerin ve yar\u0131\u015fmac\u0131lar\u0131n \u015fa\u015fk\u0131nl\u0131kla izleyece\u011fi sahneler ya\u015fanacak. Peki Survivor 2025 Sema neden yok, elendi mi? Acun Il\u0131cal\u0131 konseyde karar\u0131n\u0131 a\u00e7\u0131klad\u0131.<\/p>\n<h3>SURV\u0130VOR 2025 ACUN ILICALI AC\u0130L DURUM KONSEY\u0130N\u0130 TOPLADI<\/h3>\n<p class=\"p1\">\u0130leti\u015fim oyunu s\u0131ras\u0131nda ya\u015fanan geli\u015fmeler, Sema\u2019n\u0131n yar\u0131\u015fmadaki gelece\u011finin sorgulanmas\u0131na neden oldu. Sema Aydemir, oyun sonras\u0131 prod\u00fcksiyon ekibini alk\u0131\u015flayarak oyun alan\u0131ndan uzakla\u015f\u0131yor. Ard\u0131ndan \u00e7antas\u0131n\u0131 alarak alandan tamamen \u00e7ekiliyor. Bu beklenmedik hareket, hem tak\u0131m arkada\u015flar\u0131 hem de ekran ba\u015f\u0131ndaki izleyiciler i\u00e7in b\u00fcy\u00fck bir s\u00fcrpriz oluyor. Acun Il\u0131cal\u0131 acil durum konseyini toplayarak olay\u0131n ciddiyetini ortaya \u00e7\u0131kard\u0131.<\/p>\n<p><img loading=\"lazy\" decoding=\"async\" class=\"alignnone wp-image-144760 size-large\" src=\"https:\/\/www.tgrthaber.com\/mavikadin\/wp-content\/uploads\/Ekran-Resmi-2025-03-10-19.27.22-1024x619.png\" alt=\"\" width=\"1024\" height=\"619\" title=\"\" srcset=\"https:\/\/www.tgrthaber.com\/mavikadin\/wp-content\/uploads\/Ekran-Resmi-2025-03-10-19.27.22-1024x619.png 1024w, https:\/\/www.tgrthaber.com\/mavikadin\/wp-content\/uploads\/Ekran-Resmi-2025-03-10-19.27.22-300x181.png 300w, https:\/\/www.tgrthaber.com\/mavikadin\/wp-content\/uploads\/Ekran-Resmi-2025-03-10-19.27.22-768x464.png 768w, https:\/\/www.tgrthaber.com\/mavikadin\/wp-content\/uploads\/Ekran-Resmi-2025-03-10-19.27.22.png 1254w\" sizes=\"(max-width: 1024px) 100vw, 1024px\" \/><\/p>\n<hr \/>\n<p class=\"p1\">Konseyde Acun Il\u0131cal\u0131\u2019n\u0131n Sema\u2019ya \u201cPasaportunu istiyor musun?\u201d \u015feklinde y\u00f6neltti\u011fi soru, Sema\u2019n\u0131n diskalifiye edilip edilmeyece\u011fi konusundaki merak\u0131 iyice art\u0131r\u0131yor. Il\u0131cal\u0131, ayr\u0131ca Sema\u2019ya ge\u00e7en sezon ya\u015fad\u0131\u011f\u0131 olay\u0131 kabul edebileceklerini fakat bu hareketin kabul edilemeyece\u011fini ima ederek, meselenin sand\u0131\u011f\u0131ndan daha ciddi oldu\u011funu vurgulad\u0131.\u00a0 \u015eu an i\u00e7in Sema\u2019n\u0131n kesin olarak diskalifiye olup olmayaca\u011f\u0131 netle\u015fmi\u015f de\u011fil. Ancak yar\u0131\u015fmadan kendi iste\u011fiyle ayr\u0131lma ihtimali de olduk\u00e7a g\u00fc\u00e7l\u00fc. \u0130leti\u015fim oyununun gerginli\u011fi, psikolojik bask\u0131lar ve adadaki sosyal dinamikler, Sema\u2019n\u0131n bu hareketi yapmas\u0131na yol a\u00e7m\u0131\u015f olabilir.<\/p>\n<p><img loading=\"lazy\" decoding=\"async\" class=\"alignnone wp-image-144761 size-large\" src=\"https:\/\/www.tgrthaber.com\/mavikadin\/wp-content\/uploads\/Ekran-Resmi-2025-03-10-19.27.44-1024x671.png\" alt=\"\" width=\"1024\" height=\"671\" title=\"\" srcset=\"https:\/\/www.tgrthaber.com\/mavikadin\/wp-content\/uploads\/Ekran-Resmi-2025-03-10-19.27.44-1024x671.png 1024w, https:\/\/www.tgrthaber.com\/mavikadin\/wp-content\/uploads\/Ekran-Resmi-2025-03-10-19.27.44-300x197.png 300w, https:\/\/www.tgrthaber.com\/mavikadin\/wp-content\/uploads\/Ekran-Resmi-2025-03-10-19.27.44-768x503.png 768w, https:\/\/www.tgrthaber.com\/mavikadin\/wp-content\/uploads\/Ekran-Resmi-2025-03-10-19.27.44.png 1294w\" sizes=\"(max-width: 1024px) 100vw, 1024px\" \/><\/p>\n<hr \/>\n<p class=\"p1\">Survivor\u2019da her an her \u015feyin de\u011fi\u015febildi\u011fi bilinirken, Sema\u2019n\u0131n nas\u0131l bir karar verece\u011fi ve Acun Il\u0131cal\u0131\u2019n\u0131n nas\u0131l bir a\u00e7\u0131klama yapaca\u011f\u0131, bu ak\u015famki b\u00f6l\u00fcmde netle\u015fecek. \u0130zleyiciler ise b\u00fcy\u00fck bir merakla Sema\u2019n\u0131n karar\u0131n\u0131 ve yar\u0131\u015fman\u0131n gidi\u015fat\u0131n\u0131 bekliyor. Sema Aydemir\u2019in vedas\u0131 ya da kal\u0131\u015f\u0131, Survivor 2025 All Star\u2019a damga vuracak gibi g\u00f6r\u00fcn\u00fcyor.<\/p>\n<p><img loading=\"lazy\" decoding=\"async\" class=\"alignnone wp-image-144762 size-large\" src=\"https:\/\/www.tgrthaber.com\/mavikadin\/wp-content\/uploads\/Ekran-Resmi-2025-03-10-19.27.38-1024x635.png\" alt=\"\" width=\"1024\" height=\"635\" title=\"\" srcset=\"https:\/\/www.tgrthaber.com\/mavikadin\/wp-content\/uploads\/Ekran-Resmi-2025-03-10-19.27.38-1024x635.png 1024w, https:\/\/www.tgrthaber.com\/mavikadin\/wp-content\/uploads\/Ekran-Resmi-2025-03-10-19.27.38-300x186.png 300w, https:\/\/www.tgrthaber.com\/mavikadin\/wp-content\/uploads\/Ekran-Resmi-2025-03-10-19.27.38-768x476.png 768w, https:\/\/www.tgrthaber.com\/mavikadin\/wp-content\/uploads\/Ekran-Resmi-2025-03-10-19.27.38.png 1248w\" sizes=\"(max-width: 1024px) 100vw, 1024px\" \/><\/p>\n<hr \/>\n<h3>SURV\u0130VOR 2025 SEMA AYDEM\u0130R K\u0130MD\u0130R?<\/h3>\n<p class=\"p1\">Sema Aydemir, 17 A\u011fustos 1985 tarihinde Bursa\u2019da d\u00fcnyaya gelmi\u015ftir. D\u00f6rt karde\u015fli bir ailenin ferdi olan Sema\u2019n\u0131n bir ablas\u0131, bir k\u00fc\u00e7\u00fck k\u0131z karde\u015fi ve kendisi gibi spora g\u00f6n\u00fcl vermi\u015f ikiz karde\u015fi Seda bulunmaktad\u0131r. K\u00fc\u00e7\u00fck ya\u015flardan itibaren sporla i\u00e7 i\u00e7e b\u00fcy\u00fcyen Sema Aydemir, \u00f6zellikle milli atlet kimli\u011fiyle tan\u0131n\u0131r. 400 metre engelli bran\u015f\u0131nda k\u0131sa mesafe ko\u015fucusu olarak T\u00fcrkiye\u2019yi temsil eden Sema, ayn\u0131 zamanda 1.69 metre boyunda ve 54 kilo a\u011f\u0131rl\u0131\u011f\u0131ndad\u0131r.<\/p>\n<p><img loading=\"lazy\" decoding=\"async\" class=\"alignnone wp-image-144765 \" src=\"https:\/\/www.tgrthaber.com\/mavikadin\/wp-content\/uploads\/Ekran-Resmi-2025-03-10-19.29.46.png\" alt=\"\" width=\"979\" height=\"586\" title=\"\" srcset=\"https:\/\/www.tgrthaber.com\/mavikadin\/wp-content\/uploads\/Ekran-Resmi-2025-03-10-19.29.46.png 962w, https:\/\/www.tgrthaber.com\/mavikadin\/wp-content\/uploads\/Ekran-Resmi-2025-03-10-19.29.46-300x180.png 300w, https:\/\/www.tgrthaber.com\/mavikadin\/wp-content\/uploads\/Ekran-Resmi-2025-03-10-19.29.46-768x460.png 768w\" sizes=\"(max-width: 979px) 100vw, 979px\" \/><\/p>\n<hr \/>\n<p class=\"p1\">\u015eu an 39 ya\u015f\u0131nda olan Sema Aydemir, uzun y\u0131llara yay\u0131lan spor kariyeri boyunca T\u00fcrkiye\u2019yi bir\u00e7ok uluslararas\u0131 organizasyonda ba\u015far\u0131yla temsil etmi\u015ftir. 2005 y\u0131l\u0131nda, Avrupa \u00c7oklu Bran\u015flar \u015eampiyonas\u0131\u2019n\u0131n ikinci liginde Heptatlon dal\u0131nda yar\u0131\u015farak 22. s\u0131rada yer ald\u0131. 2006 y\u0131l\u0131nda ayn\u0131 \u015fampiyonada performans\u0131n\u0131 bir ad\u0131m ileriye ta\u015f\u0131yarak 19. s\u0131ray\u0131 elde etmi\u015ftir.<\/p>\n","protected":false},"excerpt":{"rendered":"<p>Survivor 2025 All Star yar\u0131\u015fmac\u0131s\u0131 Sema Aydemir, g\u00fc\u00e7l\u00fc performans\u0131yla dikkat \u00e7ekerken, ileti\u015fim oyununda ya\u015fanan olayla g\u00fcndeme geldi. Oyun sonras\u0131 alan\u0131 terk eden Sema\u2019n\u0131n durumu merak konusu oldu. Acun Il\u0131cal\u0131\u2019n\u0131n konseyde verece\u011fi karar, bu ak\u015fam netlik kazanacak.<\/p>\n","protected":false},"author":16,"featured_media":144769,"comment_status":"closed","ping_status":"closed","sticky":false,"template":"","format":"standard","meta":{"rank_math_lock_modified_date":false,"footnotes":""},"categories":[101],"tags":[13668,13667,13666],"class_list":["post-144758","post","type-post","status-publish","format-standard","has-post-thumbnail","hentry","category-kesfet","tag-survivor-2025-sema-diskalifiye-mi-oldu","tag-survivor-2025-sema-elendi-mi","tag-survivor-2025-sema-neden-yok"],"_links":{"self":[{"href":"https:\/\/www.tgrthaber.com\/mavikadin\/wp-json\/wp\/v2\/posts\/144758"}],"collection":[{"href":"https:\/\/www.tgrthaber.com\/mavikadin\/wp-json\/wp\/v2\/posts"}],"about":[{"href":"https:\/\/www.tgrthaber.com\/mavikadin\/wp-json\/wp\/v2\/types\/post"}],"author":[{"embeddable":true,"href":"https:\/\/www.tgrthaber.com\/mavikadin\/wp-json\/wp\/v2\/users\/16"}],"replies":[{"embeddable":true,"href":"https:\/\/www.tgrthaber.com\/mavikadin\/wp-json\/wp\/v2\/comments?post=144758"}],"version-history":[{"count":1,"href":"https:\/\/www.tgrthaber.com\/mavikadin\/wp-json\/wp\/v2\/posts\/144758\/revisions"}],"predecessor-version":[{"id":144770,"href":"https:\/\/www.tgrthaber.com\/mavikadin\/wp-json\/wp\/v2\/posts\/144758\/revisions\/144770"}],"wp:featuredmedia":[{"embeddable":true,"href":"https:\/\/www.tgrthaber.com\/mavikadin\/wp-json\/wp\/v2\/media\/144769"}],"wp:attachment":[{"href":"https:\/\/www.tgrthaber.com\/mavikadin\/wp-json\/wp\/v2\/media?parent=144758"}],"wp:term":[{"taxonomy":"category","embeddable":true,"href":"https:\/\/www.tgrthaber.com\/mavikadin\/wp-json\/wp\/v2\/categories?post=144758"},{"taxonomy":"post_tag","embeddable":true,"href":"https:\/\/www.tgrthaber.com\/mavikadin\/wp-json\/wp\/v2\/tags?post=144758"}],"curies":[{"name":"wp","href":"https:\/\/api.w.org\/{rel}","templated":true}]}}