{"id":144771,"date":"2025-03-10T20:11:20","date_gmt":"2025-03-10T17:11:20","guid":{"rendered":"https:\/\/www.tgrthaber.com\/mavikadin\/?p=144771"},"modified":"2025-03-10T20:12:32","modified_gmt":"2025-03-10T17:12:32","slug":"turkish-delight-akimi-buyuyor-nurgul-yesilcaydan-turkan-soray-makyaji-akima-o-da-dahil-oldu","status":"publish","type":"post","link":"https:\/\/www.tgrthaber.com\/mavikadin\/turkish-delight-akimi-buyuyor-nurgul-yesilcaydan-turkan-soray-makyaji-akima-o-da-dahil-oldu\/","title":{"rendered":"&#8216;Turkish Delight&#8217; ak\u0131m\u0131 b\u00fcy\u00fcyor! Nurg\u00fcl Ye\u015fil\u00e7ay\u2019dan T\u00fcrkan \u015eoray makyaj\u0131! Ak\u0131ma o da dahil oldu"},"content":{"rendered":"<p class=\"p1\">T\u00fcrk sinemas\u0131n\u0131n efsane ismi T\u00fcrkan \u015eoray\u2019\u0131n y\u0131llard\u0131r vazge\u00e7medi\u011fi ikonik makyaj\u0131, sosyal medyada \u201cTurkish Delight\u201d ad\u0131yla yeniden pop\u00fclerlik kazand\u0131. G\u00f6z al\u0131c\u0131 eyeliner ve dolgun kirpiklerle \u00f6zde\u015fle\u015fen bu stil, hem fenomenler hem de \u00fcnl\u00fc isimler aras\u0131nda h\u0131zla yay\u0131lan bir ak\u0131m haline geldi. Bir\u00e7ok \u00fcnl\u00fc ismin yapm\u0131\u015f oldu\u011fu Turkish Delight ak\u0131m\u0131na bu sefer g\u00fczel oyuncu Nurg\u00fcl Ye\u015fil\u00e7ay&#8217;da dahil oldu. Ye\u015fil\u00e7ay&#8217;\u0131n payla\u015f\u0131m\u0131na be\u011feni ve yorum ya\u011fd\u0131.<\/p>\n<h3>TURK\u0130SH DEL\u0130GHT AKIMI HIZLA B\u00dcY\u00dcYOR<\/h3>\n<p class=\"p1\">T\u00fcrkan \u015eoray\u2019\u0131n unutulmaz Ye\u015fil\u00e7am filmlerinde kulland\u0131\u011f\u0131 belirgin g\u00f6z makyaj\u0131, gen\u00e7 ku\u015faklar\u0131n ilgisini \u00e7ekerek sosyal medyada #TurkishDelight etiketiyle yeni bir trend ba\u015flatt\u0131. Ak\u0131m kapsam\u0131nda kullan\u0131c\u0131lar, k\u0131vr\u0131ml\u0131 eyeliner, hacimli kirpikler ve etkileyici bak\u0131\u015flar ile T\u00fcrkan \u015eoray\u2019\u0131 an\u0131msatan makyajlar yaparak payla\u015f\u0131mlar yap\u0131yor. Yaln\u0131zca T\u00fcrkiye\u2019de de\u011fil, yurt d\u0131\u015f\u0131nda da fenomenler ve makyaj sanat\u00e7\u0131lar\u0131 bu ikonik g\u00f6r\u00fcn\u00fcm\u00fc deniyor.<\/p>\n<div style=\"width: 640px;\" class=\"wp-video\"><!--[if lt IE 9]><script>document.createElement('video');<\/script><![endif]-->\n<video class=\"wp-video-shortcode\" id=\"video-144771-1\" width=\"640\" height=\"1138\" preload=\"metadata\" controls=\"controls\"><source type=\"video\/mp4\" src=\"https:\/\/www.tgrthaber.com\/mavikadin\/wp-content\/uploads\/Instagram-2.sayfaofficial-stories-3585228852566645150-online-video-cutter.com_.mp4?_=1\" \/><a href=\"https:\/\/www.tgrthaber.com\/mavikadin\/wp-content\/uploads\/Instagram-2.sayfaofficial-stories-3585228852566645150-online-video-cutter.com_.mp4\">https:\/\/www.tgrthaber.com\/mavikadin\/wp-content\/uploads\/Instagram-2.sayfaofficial-stories-3585228852566645150-online-video-cutter.com_.mp4<\/a><\/video><\/div>\n<h3>NURG\u00dcL YE\u015e\u0130L\u00c7AY&#8217;DAN S\u00dcRPR\u0130Z PAYLA\u015eIM<\/h3>\n<p class=\"p1\">Ge\u00e7ti\u011fimiz g\u00fcnlerde Selim \u015eekerci\u2019nin de dahil oldu\u011fu bu ak\u0131ma, son olarak Nurg\u00fcl Ye\u015fil\u00e7ay kat\u0131ld\u0131. Ye\u015fil\u00e7ay, sosyal medya hesab\u0131ndan payla\u015ft\u0131\u011f\u0131 T\u00fcrkan \u015eoray makyajl\u0131 pozlar\u0131yla k\u0131sa s\u00fcrede g\u00fcndem olmay\u0131 ba\u015fard\u0131. Hayranlar\u0131, \u00fcnl\u00fc oyuncunun bu stilin alt\u0131ndan ba\u015far\u0131yla kalkt\u0131\u011f\u0131n\u0131 belirtirken, payla\u015f\u0131m binlerce be\u011feni ald\u0131.<\/p>\n<p><img loading=\"lazy\" decoding=\"async\" class=\"alignnone wp-image-144773 size-full\" src=\"https:\/\/www.tgrthaber.com\/mavikadin\/wp-content\/uploads\/Ekran-Resmi-2025-03-10-20.07.19.png\" alt=\"\" width=\"1024\" height=\"580\" title=\"\" srcset=\"https:\/\/www.tgrthaber.com\/mavikadin\/wp-content\/uploads\/Ekran-Resmi-2025-03-10-20.07.19.png 1024w, https:\/\/www.tgrthaber.com\/mavikadin\/wp-content\/uploads\/Ekran-Resmi-2025-03-10-20.07.19-300x170.png 300w, https:\/\/www.tgrthaber.com\/mavikadin\/wp-content\/uploads\/Ekran-Resmi-2025-03-10-20.07.19-768x435.png 768w\" sizes=\"(max-width: 1024px) 100vw, 1024px\" \/><\/p>\n<hr \/>\n<h3 class=\"p1\">T\u00dcRKAN \u015eORAY G\u00dcNDEMDE<\/h3>\n<p class=\"p1\">Her d\u00f6nemin g\u00fczellik simgelerinden olan T\u00fcrkan \u015eoray, bu trend ile gen\u00e7 ku\u015faklara da ilham vermeye devam ediyor. Sinema d\u00fcnyas\u0131nda b\u0131rakt\u0131\u011f\u0131 izlerin yan\u0131 s\u0131ra, moda ve g\u00fczellik d\u00fcnyas\u0131nda da etkisini s\u00fcrd\u00fcren usta oyuncu, ad\u0131n\u0131 bir kez daha sosyal medyan\u0131n en \u00e7ok konu\u015fulanlar\u0131 aras\u0131na yazd\u0131rd\u0131.<\/p>\n<p><img loading=\"lazy\" decoding=\"async\" class=\"alignnone wp-image-144774 \" src=\"https:\/\/www.tgrthaber.com\/mavikadin\/wp-content\/uploads\/Ekran-Resmi-2025-03-10-20.07.26.png\" alt=\"\" width=\"977\" height=\"558\" title=\"\" srcset=\"https:\/\/www.tgrthaber.com\/mavikadin\/wp-content\/uploads\/Ekran-Resmi-2025-03-10-20.07.26.png 952w, https:\/\/www.tgrthaber.com\/mavikadin\/wp-content\/uploads\/Ekran-Resmi-2025-03-10-20.07.26-300x171.png 300w, https:\/\/www.tgrthaber.com\/mavikadin\/wp-content\/uploads\/Ekran-Resmi-2025-03-10-20.07.26-768x439.png 768w\" sizes=\"(max-width: 977px) 100vw, 977px\" \/><\/p>\n<hr \/>\n<h3>NURG\u00dcL YE\u015e\u0130L\u00c7AY K\u0130MD\u0130R?<\/h3>\n<p class=\"p1\">26 Mart 1976\u2019da Afyon\u2019da d\u00fcnyaya gelen ba\u015far\u0131l\u0131 oyuncu, e\u011fitim hayat\u0131na \u0130zmir\u2019de devam etti. Eski\u015fehir Anadolu \u00dcniversitesi Tiyatro B\u00f6l\u00fcm\u00fc\u2019nden 2001 y\u0131l\u0131nda mezun oldu. Hen\u00fcz \u00f6\u011frenciyken \u0130kinci Bahar dizisinde oynad\u0131\u011f\u0131<span class=\"Apple-converted-space\">\u00a0 <\/span>G\u00fcls\u00fcm karakteriyle dikkat \u00e7ekti. Ard\u0131ndan 2002\u2019de Asmal\u0131 Konak dizisinde Bahar Karada\u011f rol\u00fcyle tan\u0131nan oyuncu, ayn\u0131 y\u0131l Mumya Firarda filminde yer ald\u0131. E\u011freti Gelin filmindeki performans\u0131yla Alt\u0131n Koza \u00f6d\u00fcl\u00fc ald\u0131. Ya\u015fam\u0131n K\u0131y\u0131s\u0131nda filminde oynad\u0131\u011f\u0131 Ayten karakteriyle Cannes\u2019da yer ald\u0131. 2007\u2019de Ezo Gelin dizisiyle ekranda boy g\u00f6sterdi.<\/p>\n<p class=\"p1\">\n","protected":false},"excerpt":{"rendered":"<p>T\u00fcrkan \u015eoray\u2019\u0131n klasikle\u015fmi\u015f makyaj\u0131 \u201cTurkish Delight\u201d ad\u0131yla sosyal medyada yeniden g\u00fcndem oldu. Kal\u0131n eyeliner ve belirgin kirpiklerle dikkat \u00e7eken bu ak\u0131ma son olarak Nurg\u00fcl Ye\u015fil\u00e7ay da kat\u0131ld\u0131. \u00dcnl\u00fc oyuncunun payla\u015f\u0131m\u0131 k\u0131sa s\u00fcrede b\u00fcy\u00fck ilgi g\u00f6rd\u00fc ve be\u011feni toplad\u0131.<\/p>\n","protected":false},"author":16,"featured_media":144775,"comment_status":"closed","ping_status":"closed","sticky":false,"template":"","format":"standard","meta":{"rank_math_lock_modified_date":false,"footnotes":""},"categories":[76],"tags":[13671,13669,13670],"class_list":["post-144771","post","type-post","status-publish","format-standard","has-post-thumbnail","hentry","category-magazin","tag-nurgul-yesilcay-turkan-soray","tag-nurgul-yesilcay-turkan-soray-makyaji","tag-nurgul-yesilcay-turkish-delight-makyaji"],"_links":{"self":[{"href":"https:\/\/www.tgrthaber.com\/mavikadin\/wp-json\/wp\/v2\/posts\/144771"}],"collection":[{"href":"https:\/\/www.tgrthaber.com\/mavikadin\/wp-json\/wp\/v2\/posts"}],"about":[{"href":"https:\/\/www.tgrthaber.com\/mavikadin\/wp-json\/wp\/v2\/types\/post"}],"author":[{"embeddable":true,"href":"https:\/\/www.tgrthaber.com\/mavikadin\/wp-json\/wp\/v2\/users\/16"}],"replies":[{"embeddable":true,"href":"https:\/\/www.tgrthaber.com\/mavikadin\/wp-json\/wp\/v2\/comments?post=144771"}],"version-history":[{"count":1,"href":"https:\/\/www.tgrthaber.com\/mavikadin\/wp-json\/wp\/v2\/posts\/144771\/revisions"}],"predecessor-version":[{"id":144776,"href":"https:\/\/www.tgrthaber.com\/mavikadin\/wp-json\/wp\/v2\/posts\/144771\/revisions\/144776"}],"wp:featuredmedia":[{"embeddable":true,"href":"https:\/\/www.tgrthaber.com\/mavikadin\/wp-json\/wp\/v2\/media\/144775"}],"wp:attachment":[{"href":"https:\/\/www.tgrthaber.com\/mavikadin\/wp-json\/wp\/v2\/media?parent=144771"}],"wp:term":[{"taxonomy":"category","embeddable":true,"href":"https:\/\/www.tgrthaber.com\/mavikadin\/wp-json\/wp\/v2\/categories?post=144771"},{"taxonomy":"post_tag","embeddable":true,"href":"https:\/\/www.tgrthaber.com\/mavikadin\/wp-json\/wp\/v2\/tags?post=144771"}],"curies":[{"name":"wp","href":"https:\/\/api.w.org\/{rel}","templated":true}]}}