{"id":144778,"date":"2025-03-10T20:37:44","date_gmt":"2025-03-10T17:37:44","guid":{"rendered":"https:\/\/www.tgrthaber.com\/mavikadin\/?p=144778"},"modified":"2025-03-10T20:37:44","modified_gmt":"2025-03-10T17:37:44","slug":"dehada-firtina-dinmiyor-devran-ve-iskender-arasindaki-hesaplasma-gittikce-buyuyor","status":"publish","type":"post","link":"https:\/\/www.tgrthaber.com\/mavikadin\/dehada-firtina-dinmiyor-devran-ve-iskender-arasindaki-hesaplasma-gittikce-buyuyor\/","title":{"rendered":"Deha\u2019da f\u0131rt\u0131na dinmiyor: Devran ve \u0130skender aras\u0131ndaki hesapla\u015fma gittik\u00e7e b\u00fcy\u00fcyor!"},"content":{"rendered":"<p class=\"p1\">Show TV\u2019nin sevilen dizisi Deha, yay\u0131nlanan 23. b\u00f6l\u00fcm\u00fcyle yine izleyiciyi ekrana kilitledi. Ay Yap\u0131m imzal\u0131, y\u00f6netmenli\u011fini Umut Aral\u2019\u0131n, senaryosunu ise Damla Serim\u2019in \u00fcstlendi\u011fi dizi, her ge\u00e7en hafta daha da sertle\u015fen olay \u00f6rg\u00fcs\u00fcyle dikkat \u00e7ekiyor. Ba\u015frollerini Aras Bulut \u0130ynemli, U\u011fur Polat, Taner \u00d6lmez, Onur Saylak, Melis Sezen gibi \u00f6nemli isimlerin payla\u015ft\u0131\u011f\u0131 dizide Devran ve \u0130skender aras\u0131ndaki sava\u015f giderek b\u00fcy\u00fcyor.<\/p>\n<h3 class=\"p1\">DEVRAN VE KARAHAN G\u00dc\u00c7LER\u0130N\u0130 B\u0130RLE\u015eT\u0130RD\u0130<\/h3>\n<p class=\"p1\">Yeni b\u00f6l\u00fcmde Devran, annesini korumak i\u00e7in Aysel kozunu kullanarak \u0130skender\u2019e kar\u015f\u0131 hamle yapt\u0131. Bu s\u0131rada Karahan\u2019la kurdu\u011fu yeni ittifak, \u0130skender\u2019i k\u00f6\u015feye s\u0131k\u0131\u015ft\u0131rd\u0131. Baba-o\u011ful aras\u0131ndaki buzlar, yerini iyice keskin bir sava\u015fa b\u0131rak\u0131rken, Devran\u2019\u0131n hamleleri \u0130skender\u2019i \u00f6fkelendirdi.<\/p>\n<p><img loading=\"lazy\" decoding=\"async\" class=\"alignnone wp-image-144779 \" src=\"https:\/\/www.tgrthaber.com\/mavikadin\/wp-content\/uploads\/Ekran-Resmi-2025-03-10-20.27.25.png\" alt=\"\" width=\"977\" height=\"539\" title=\"\" srcset=\"https:\/\/www.tgrthaber.com\/mavikadin\/wp-content\/uploads\/Ekran-Resmi-2025-03-10-20.27.25.png 776w, https:\/\/www.tgrthaber.com\/mavikadin\/wp-content\/uploads\/Ekran-Resmi-2025-03-10-20.27.25-300x165.png 300w, https:\/\/www.tgrthaber.com\/mavikadin\/wp-content\/uploads\/Ekran-Resmi-2025-03-10-20.27.25-768x424.png 768w\" sizes=\"(max-width: 977px) 100vw, 977px\" \/><\/p>\n<hr \/>\n<h3 class=\"p1\">KUDUZ&#8217;UN KADER\u0130 \u0130ZLEY\u0130C\u0130LER\u0130 MERAKTA BIRAKTI<\/h3>\n<p class=\"p1\">B\u00f6l\u00fcm finaline do\u011fru \u0130skender, Devran\u2019\u0131 Karahan\u2019\u0131n \u00f6n\u00fcne atmak i\u00e7in sinsi bir plan yapt\u0131. Ancak Devran, kendini kurtarmak i\u00e7in Kuduz\u2019u ortaya s\u00fcrerek herkesi \u015fa\u015fk\u0131na \u00e7evirdi. Kuduz\u2019un Karahan\u2019\u0131n eline d\u00fc\u015fmesi, gelecek b\u00f6l\u00fcmde dizide tansiyonun daha da y\u00fckselece\u011finin sinyalini verdi.<\/p>\n<h3 class=\"p1\">\u0130MRE&#8217;N\u0130N SINAVI G\u0130TT\u0130K\u00c7E ZORLA\u015eIYOR<\/h3>\n<p class=\"p1\">Di\u011fer yanda \u0130mre, hem babas\u0131 hakk\u0131nda \u00f6\u011frendi\u011fi ac\u0131 ger\u00e7eklerle hem de Devran\u2019\u0131n ameliyat\u0131 i\u00e7in para bulma m\u00fccadelesiyle zor anlar ya\u015fad\u0131. Ailesinden bekledi\u011fi deste\u011fi bulamayan \u0130mre, \u00e7\u00f6z\u00fcm\u00fc Karahan\u2019a gitmekte arad\u0131. Ba\u011f\u0131\u015f gecesinde ilk kez y\u00fcz y\u00fcze gelen Devran ve \u0130mre, ge\u00e7mi\u015fin hesab\u0131n\u0131 kapatamad\u0131. Devran, \u201c\u0130\u00e7imde a\u00e7t\u0131\u011f\u0131n yara kapanmaz\u201d diyerek \u0130mre\u2019yi sert bir \u015fekilde reddetti.<\/p>\n<p><img loading=\"lazy\" decoding=\"async\" class=\"alignnone wp-image-144780 \" src=\"https:\/\/www.tgrthaber.com\/mavikadin\/wp-content\/uploads\/Ekran-Resmi-2025-03-10-20.27.12.png\" alt=\"\" width=\"977\" height=\"507\" title=\"\" srcset=\"https:\/\/www.tgrthaber.com\/mavikadin\/wp-content\/uploads\/Ekran-Resmi-2025-03-10-20.27.12.png 798w, https:\/\/www.tgrthaber.com\/mavikadin\/wp-content\/uploads\/Ekran-Resmi-2025-03-10-20.27.12-300x156.png 300w, https:\/\/www.tgrthaber.com\/mavikadin\/wp-content\/uploads\/Ekran-Resmi-2025-03-10-20.27.12-768x398.png 768w\" sizes=\"(max-width: 977px) 100vw, 977px\" \/><\/p>\n<hr \/>\n<h3 class=\"p1\">DEHA YEN\u0130 B\u00d6L\u00dcM FRAGMANI YAYINLANDI<\/h3>\n<p class=\"p1\">Heyecan dolu b\u00f6l\u00fcm\u00fcn ard\u0131ndan yay\u0131nlanan yeni b\u00f6l\u00fcm tan\u0131t\u0131m\u0131, merak\u0131 iyice art\u0131rd\u0131. G\u00fclce, Devran\u2019a \u201c\u0130mre\u2019ye a\u015f\u0131k m\u0131s\u0131n?\u201d diye sorarken, Devran \u201cHay\u0131r\u201d yan\u0131t\u0131n\u0131 verse de \u0130mre\u2019nin k\u00fcpesini h\u00e2l\u00e2 saklamas\u0131 dikkat \u00e7ekti. Bu durum, Devran\u2019\u0131n ger\u00e7ek duygular\u0131n\u0131n sorgulanmas\u0131na yol a\u00e7t\u0131.<\/p>\n<h3>DEHA D\u0130Z\u0130S\u0130N\u0130N KONUSU NE?<\/h3>\n<p class=\"p1\">Deha, y\u0131llard\u0131r birbirinden kopuk ya\u015fayan bir baba ve o\u011fulun yollar\u0131n\u0131n kesi\u015fmesiyle ba\u015flayan, derin ve karanl\u0131k s\u0131rlar\u0131n a\u00e7\u0131\u011fa \u00e7\u0131kt\u0131\u011f\u0131 bir hikayeye odaklan\u0131yor. Dizinin merkezinde, k\u00f6t\u00fcl\u00fc\u011f\u00fcn iki farkl\u0131 y\u00fcz\u00fcn\u00fc temsil eden Aysel ve \u0130skender\u2019in o\u011flu Cesur yer al\u0131yor. Cesur, do\u011fdu\u011fu andan itibaren ailesinin g\u00f6lgesinde ya\u015fam\u0131\u015f, annesi ve babas\u0131n\u0131n k\u00f6t\u00fcc\u00fcl d\u00fcnyas\u0131nda yo\u011frulmu\u015f bir karakter.<\/p>\n<p><img loading=\"lazy\" decoding=\"async\" class=\"alignnone wp-image-144781 \" src=\"https:\/\/www.tgrthaber.com\/mavikadin\/wp-content\/uploads\/Ekran-Resmi-2025-03-10-20.29.53.png\" alt=\"\" width=\"977\" height=\"582\" title=\"\" srcset=\"https:\/\/www.tgrthaber.com\/mavikadin\/wp-content\/uploads\/Ekran-Resmi-2025-03-10-20.29.53.png 930w, https:\/\/www.tgrthaber.com\/mavikadin\/wp-content\/uploads\/Ekran-Resmi-2025-03-10-20.29.53-300x179.png 300w, https:\/\/www.tgrthaber.com\/mavikadin\/wp-content\/uploads\/Ekran-Resmi-2025-03-10-20.29.53-768x457.png 768w\" sizes=\"(max-width: 977px) 100vw, 977px\" \/><\/p>\n<hr \/>\n<p class=\"p1\">Annesi Aysel ve babas\u0131 \u0130skender\u2019in ac\u0131mas\u0131z tav\u0131rlar\u0131yla \u015fekillenen hayat\u0131nda, daha \u00e7ocukken kendini babas\u0131ndan bile korumay\u0131 \u00f6\u011frenmek zorunda kalm\u0131\u015f biri. G\u00f6z\u00fcn\u00fc a\u00e7t\u0131\u011f\u0131 andan itibaren ihaneti, yalan\u0131 ve k\u00f6t\u00fcl\u00fc\u011f\u00fc tan\u0131yan Cesur, i\u00e7inde b\u00fcy\u00fctt\u00fc\u011f\u00fc intikam duygusunu y\u0131llar sonra ger\u00e7e\u011fe d\u00f6n\u00fc\u015ft\u00fcrmek i\u00e7in harekete ge\u00e7iyor. Hayatlar\u0131na Devran\u2019\u0131n (Aras Bulut \u0130ynemli) girmesiyle Cesur\u2019un dengeleri tamamen sars\u0131l\u0131r. Devran, Cesur\u2019un hem en b\u00fcy\u00fck d\u00fc\u015fman\u0131 hem de ge\u00e7mi\u015fle hesapla\u015fmas\u0131nda kar\u015f\u0131s\u0131na \u00e7\u0131kan en g\u00fc\u00e7l\u00fc isimdir. Cesur i\u00e7in Devran, sadece babas\u0131na de\u011fil, kendine ve ge\u00e7mi\u015fine kar\u015f\u0131 da ba\u015flatmak zorunda kald\u0131\u011f\u0131 bir sava\u015f\u0131n simgesi olur.<\/p>\n<p class=\"p1\">\n","protected":false},"excerpt":{"rendered":"<p>Show TV\u2019nin ilgiyle takip edilen dizisi Deha, 23. b\u00f6l\u00fcm\u00fcyle yine heyecan dolu anlara sahne oldu. Ay Yap\u0131m imzas\u0131 ta\u015f\u0131yan, Umut Aral y\u00f6netmenli\u011finde \u00e7ekilen dizide Devran ve \u0130skender aras\u0131ndaki gerilim t\u0131rman\u0131rken, izleyici yeni geli\u015fmeleri merakla bekliyor.<\/p>\n","protected":false},"author":16,"featured_media":144790,"comment_status":"closed","ping_status":"closed","sticky":false,"template":"","format":"standard","meta":{"rank_math_lock_modified_date":false,"footnotes":""},"categories":[602],"tags":[13674,13673,13672,13675],"class_list":["post-144778","post","type-post","status-publish","format-standard","has-post-thumbnail","hentry","category-diziler","tag-deha-devran-iskender-karsi-karsiya","tag-deha-dizisi-devran-karahan-birlesme","tag-deha-dizisi-devran-karahan-dostluk","tag-deha-yeni-bolum-fragman"],"_links":{"self":[{"href":"https:\/\/www.tgrthaber.com\/mavikadin\/wp-json\/wp\/v2\/posts\/144778"}],"collection":[{"href":"https:\/\/www.tgrthaber.com\/mavikadin\/wp-json\/wp\/v2\/posts"}],"about":[{"href":"https:\/\/www.tgrthaber.com\/mavikadin\/wp-json\/wp\/v2\/types\/post"}],"author":[{"embeddable":true,"href":"https:\/\/www.tgrthaber.com\/mavikadin\/wp-json\/wp\/v2\/users\/16"}],"replies":[{"embeddable":true,"href":"https:\/\/www.tgrthaber.com\/mavikadin\/wp-json\/wp\/v2\/comments?post=144778"}],"version-history":[{"count":1,"href":"https:\/\/www.tgrthaber.com\/mavikadin\/wp-json\/wp\/v2\/posts\/144778\/revisions"}],"predecessor-version":[{"id":144791,"href":"https:\/\/www.tgrthaber.com\/mavikadin\/wp-json\/wp\/v2\/posts\/144778\/revisions\/144791"}],"wp:featuredmedia":[{"embeddable":true,"href":"https:\/\/www.tgrthaber.com\/mavikadin\/wp-json\/wp\/v2\/media\/144790"}],"wp:attachment":[{"href":"https:\/\/www.tgrthaber.com\/mavikadin\/wp-json\/wp\/v2\/media?parent=144778"}],"wp:term":[{"taxonomy":"category","embeddable":true,"href":"https:\/\/www.tgrthaber.com\/mavikadin\/wp-json\/wp\/v2\/categories?post=144778"},{"taxonomy":"post_tag","embeddable":true,"href":"https:\/\/www.tgrthaber.com\/mavikadin\/wp-json\/wp\/v2\/tags?post=144778"}],"curies":[{"name":"wp","href":"https:\/\/api.w.org\/{rel}","templated":true}]}}