{"id":144789,"date":"2025-03-10T20:47:42","date_gmt":"2025-03-10T17:47:42","guid":{"rendered":"https:\/\/www.tgrthaber.com\/mavikadin\/?p=144789"},"modified":"2025-03-10T20:47:42","modified_gmt":"2025-03-10T17:47:42","slug":"uzak-sehirde-sular-durulmuyor-cihan-ve-alya-bosanacak-mi","status":"publish","type":"post","link":"https:\/\/www.tgrthaber.com\/mavikadin\/uzak-sehirde-sular-durulmuyor-cihan-ve-alya-bosanacak-mi\/","title":{"rendered":"Uzak \u015eehir\u2019de sular durulmuyor! Cihan ve Alya bo\u015fanacak m\u0131?"},"content":{"rendered":"<p>S\u00fcr\u00fckleyici konusu ve ba\u015far\u0131l\u0131 oyuncu kadrosu ile Uzak \u015eehir dizisi pazartesi ak\u015famlar\u0131n\u0131n g\u00f6zdeleri aras\u0131nda yer al\u0131yor. Her hafta ya\u015fanan olaylar sevenlerinin ekran ba\u015f\u0131na kilitliyor. AyNa Yap\u0131m imzal\u0131 dizi Uzak \u015eehir&#8217;in senaryosunu G\u00fclizar Irmak yazarken y\u00f6netmen koltu\u011funda ise Ahmet Kat\u0131ks\u0131z bulunuyor. Uzak \u015eehir&#8217;de ge\u00e7en hafta Alya ve Cihan aras\u0131nda bo\u015fanma krizi g\u00fcn y\u00fcz\u00fcne \u00e7\u0131kt\u0131. Dizinin final sahnesinde \u00e7ift, bo\u015fanma dilek\u00e7esine imzalar\u0131n\u0131 att\u0131. Cihan ve Alya bo\u015fanacak m\u0131?<\/p>\n<h3>C\u0130HAN VE ALYA BO\u015eANACAK MI?<\/h3>\n<p>Ozan Akbaba ve Sinem \u00dcnsal&#8217;\u0131n ba\u015frollerinde yer ald\u0131\u011f\u0131 dizi Uzak \u015eehir, pazartesi ak\u015famlar\u0131 zirvenin sahibi oluyor. Kanal D&#8217;de ekrana gelen dizide her hafta heyecan dolu b\u00f6l\u00fcmler seyirci ile bulu\u015fuyor.\u00a0 Bilindi\u011fi \u00fczere ge\u00e7en hafta yay\u0131nlanan son b\u00f6l\u00fcmde Alya ve Cihan bo\u015fanma dilek\u00e7esine imza at\u0131yorlard\u0131. Bu durum hayranlar\u0131 \u00e7ok \u00fczm\u00fc\u015ft\u00fc. Bu hafta yeni b\u00f6l\u00fcmde Cihan\u2019\u0131n Alya\u2019dan bo\u015fanmamaya direnmesi izleyicinin y\u00fcz\u00fcn\u00fc g\u00fcld\u00fcrd\u00fc.<\/p>\n<p><img loading=\"lazy\" decoding=\"async\" class=\"alignnone wp-image-144795\" src=\"https:\/\/www.tgrthaber.com\/mavikadin\/wp-content\/uploads\/sinem-unsal-300x200.webp\" alt=\"\" width=\"1280\" height=\"854\" title=\"\" srcset=\"https:\/\/www.tgrthaber.com\/mavikadin\/wp-content\/uploads\/sinem-unsal-300x200.webp 300w, https:\/\/www.tgrthaber.com\/mavikadin\/wp-content\/uploads\/sinem-unsal-1024x683.webp 1024w, https:\/\/www.tgrthaber.com\/mavikadin\/wp-content\/uploads\/sinem-unsal-768x512.webp 768w, https:\/\/www.tgrthaber.com\/mavikadin\/wp-content\/uploads\/sinem-unsal-1536x1024.webp 1536w, https:\/\/www.tgrthaber.com\/mavikadin\/wp-content\/uploads\/sinem-unsal-2048x1365.webp 2048w\" sizes=\"(max-width: 1280px) 100vw, 1280px\" \/><\/p>\n<hr \/>\n<p>Cihan bo\u015fanma dilek\u00e7esini imzal\u0131yor ama Alya bu s\u00fcrecin d\u00fc\u015f\u00fcnd\u00fc\u011f\u00fc gibi ge\u00e7medi\u011fini g\u00f6r\u00fcyor. Cihan bo\u015fanma konusundan dolay\u0131 \u00e7ok \u00f6fkelidir. ve Alya bu durumunda kurtulman\u0131n yollar\u0131n\u0131 arar. Cihan ise ondan bo\u015fanmamakta kararl\u0131d\u0131r ve direnir. \u0130kili aras\u0131nda ger\u00e7ekle\u015fen k\u0131skan\u00e7l\u0131k krizleri diziye b\u00fcy\u00fck bir heyecan katacak gibi g\u00f6r\u00fcn\u00fcyor. \u00d6te yandan Cihan dizinin bir sahnesinde Alya\u2019ya, \u201cBenden Bo\u015fanamayacaks\u0131n Alya!\u201d \u015feklinde konu\u015fuyor.<\/p>\n<p><img loading=\"lazy\" decoding=\"async\" class=\"alignnone wp-image-144794\" src=\"https:\/\/www.tgrthaber.com\/mavikadin\/wp-content\/uploads\/cihan-300x200.webp\" alt=\"\" width=\"1280\" height=\"854\" title=\"\" srcset=\"https:\/\/www.tgrthaber.com\/mavikadin\/wp-content\/uploads\/cihan-300x200.webp 300w, https:\/\/www.tgrthaber.com\/mavikadin\/wp-content\/uploads\/cihan-1024x683.webp 1024w, https:\/\/www.tgrthaber.com\/mavikadin\/wp-content\/uploads\/cihan-768x512.webp 768w, https:\/\/www.tgrthaber.com\/mavikadin\/wp-content\/uploads\/cihan-1536x1024.webp 1536w, https:\/\/www.tgrthaber.com\/mavikadin\/wp-content\/uploads\/cihan-2048x1365.webp 2048w\" sizes=\"(max-width: 1280px) 100vw, 1280px\" \/><\/p>\n<hr \/>\n<h3>C\u0130HAN VE ALYA ARASINDA A\u015eK MI BA\u015eLAYACAK?<\/h3>\n<p>Alya&#8217;n\u0131n bo\u015fanmak ad\u0131na verdi\u011fi m\u00fccadele i\u00e7inde Cihan&#8217;\u0131n bu diren\u00e7li tavr\u0131 onlar\u0131 geri d\u00f6n\u00fclemeyecek bir yola do\u011fru g\u00f6t\u00fcrmektedir. Bu durumda Alya ve Cihan&#8217;\u0131n a\u015fklar\u0131n\u0131n biti\u015fi mi yoksak yeni bir ba\u015flang\u0131\u00e7 m\u0131 olaca\u011f\u0131 merak konusu.<\/p>\n<p>Sosyal medyada Uzak \u015eehir dizisinin takip\u00e7ileri, &#8220;Cihan a\u011fam bu ses tonuyla seviyorum demeni bekliyoruz bo\u015fanmayacaks\u0131n biliyoruz.&#8221;, &#8220;Cihan \u2018Benden bo\u015fanamayacaks\u0131n Alya\u2019 derken Alya&#8217;n\u0131n yutkunu\u015fu.&#8221;, &#8220;Evlenirim dedi evlendi bo\u015fanmayaca\u011f\u0131m dediyse bo\u015fanmaz Alya han\u0131m inat etme sende Cihana kar\u015f\u0131 bo\u015f de\u011filsin&#8221; \u015feklinde yorumlarda bulundu.<\/p>\n<p>&nbsp;<\/p>\n","protected":false},"excerpt":{"rendered":"<p>Kanal D&#8217;nin reyting rekortmeni dizisinde sular durulmuyor. Sinem \u00dcnsal&#8217;\u0131n oynad\u0131\u011f\u0131 Alya karakteri ile Ozan Akbaba&#8217;n\u0131n Cihan karakterinde yer ald\u0131\u011f\u0131 Uzak \u015eehir dizisinde yeni geli\u015fmeler ya\u015fan\u0131yor. <\/p>\n","protected":false},"author":33,"featured_media":144793,"comment_status":"closed","ping_status":"closed","sticky":false,"template":"","format":"standard","meta":{"rank_math_lock_modified_date":false,"footnotes":""},"categories":[602],"tags":[3268,3269],"class_list":["post-144789","post","type-post","status-publish","format-standard","has-post-thumbnail","hentry","category-diziler","tag-uzak-sehir-alya","tag-uzak-sehir-cihan"],"_links":{"self":[{"href":"https:\/\/www.tgrthaber.com\/mavikadin\/wp-json\/wp\/v2\/posts\/144789"}],"collection":[{"href":"https:\/\/www.tgrthaber.com\/mavikadin\/wp-json\/wp\/v2\/posts"}],"about":[{"href":"https:\/\/www.tgrthaber.com\/mavikadin\/wp-json\/wp\/v2\/types\/post"}],"author":[{"embeddable":true,"href":"https:\/\/www.tgrthaber.com\/mavikadin\/wp-json\/wp\/v2\/users\/33"}],"replies":[{"embeddable":true,"href":"https:\/\/www.tgrthaber.com\/mavikadin\/wp-json\/wp\/v2\/comments?post=144789"}],"version-history":[{"count":2,"href":"https:\/\/www.tgrthaber.com\/mavikadin\/wp-json\/wp\/v2\/posts\/144789\/revisions"}],"predecessor-version":[{"id":144797,"href":"https:\/\/www.tgrthaber.com\/mavikadin\/wp-json\/wp\/v2\/posts\/144789\/revisions\/144797"}],"wp:featuredmedia":[{"embeddable":true,"href":"https:\/\/www.tgrthaber.com\/mavikadin\/wp-json\/wp\/v2\/media\/144793"}],"wp:attachment":[{"href":"https:\/\/www.tgrthaber.com\/mavikadin\/wp-json\/wp\/v2\/media?parent=144789"}],"wp:term":[{"taxonomy":"category","embeddable":true,"href":"https:\/\/www.tgrthaber.com\/mavikadin\/wp-json\/wp\/v2\/categories?post=144789"},{"taxonomy":"post_tag","embeddable":true,"href":"https:\/\/www.tgrthaber.com\/mavikadin\/wp-json\/wp\/v2\/tags?post=144789"}],"curies":[{"name":"wp","href":"https:\/\/api.w.org\/{rel}","templated":true}]}}