{"id":144799,"date":"2025-03-10T20:53:38","date_gmt":"2025-03-10T17:53:38","guid":{"rendered":"https:\/\/www.tgrthaber.com\/mavikadin\/?p=144799"},"modified":"2025-03-10T20:53:38","modified_gmt":"2025-03-10T17:53:38","slug":"tam-28-kilo-verdi-iste-baska-bir-gunun-melikesi-elcin-afacanin-zayiflama-sirri","status":"publish","type":"post","link":"https:\/\/www.tgrthaber.com\/mavikadin\/tam-28-kilo-verdi-iste-baska-bir-gunun-melikesi-elcin-afacanin-zayiflama-sirri\/","title":{"rendered":"Tam 28 kilo verdi! \u0130\u015fte Ba\u015fka Bir G\u00fcn&#8217;\u00fcn Melike&#8217;si El\u00e7in Afacan&#8217;\u0131n zay\u0131flama s\u0131rr\u0131!"},"content":{"rendered":"<p>2019 y\u0131l\u0131nda yay\u0131nlanan &#8220;Bir Aile Hikayesi&#8221; dizisinde &#8220;Beste G\u00fcne\u015f&#8221; karakteriyle dikkatleri \u00e7eken, \u0130\u015fte Ba\u015fka Bir G\u00fcn&#8217;\u00fcn Melike&#8217;si El\u00e7in Afacan, verdi\u011fi kilolarla g\u00fcndeme geldi. Ba\u015far\u0131l\u0131 oyuncu, k\u0131sa bir s\u00fcrede tam 28 kilo verdi. Kilo verme s\u00fcrecine ili\u015fkin a\u00e7\u0131klamalarda bulunan Afacan, doktorunun tavsiyelerini payla\u015ft\u0131.<\/p>\n<h3>TAM 28 K\u0130LO VERD\u0130!<\/h3>\n<p>Gen\u00e7 ve ba\u015far\u0131l\u0131 oyuncu El\u00e7in Afacan&#8217;\u0131n verdi\u011fi kilolar bir\u00e7ok sevenini \u015foka u\u011fratt\u0131. Verdi\u011fi kilolarla g\u00fcndeme gelen Afacan&#8217;\u0131n de\u011fi\u015fimi sosyal medyada g\u00fcndem oldu.<\/p>\n<p><img loading=\"lazy\" decoding=\"async\" class=\"alignnone wp-image-144800\" src=\"https:\/\/www.tgrthaber.com\/mavikadin\/wp-content\/uploads\/elcin-afacan-kilo-verme-300x211.webp\" alt=\"\" width=\"1280\" height=\"898\" title=\"\" srcset=\"https:\/\/www.tgrthaber.com\/mavikadin\/wp-content\/uploads\/elcin-afacan-kilo-verme-300x211.webp 300w, https:\/\/www.tgrthaber.com\/mavikadin\/wp-content\/uploads\/elcin-afacan-kilo-verme-1024x719.webp 1024w, https:\/\/www.tgrthaber.com\/mavikadin\/wp-content\/uploads\/elcin-afacan-kilo-verme-768x539.webp 768w, https:\/\/www.tgrthaber.com\/mavikadin\/wp-content\/uploads\/elcin-afacan-kilo-verme.webp 1080w\" sizes=\"(max-width: 1280px) 100vw, 1280px\" \/><\/p>\n<p>Zay\u0131flamas\u0131yla birlikte \u00e7ok farkl\u0131 bir g\u00f6r\u00fcn\u00fcme sahip olan El\u00e7in Afacan, bir\u00e7ok ki\u015finin dikkatini \u00e7ekti. K\u0131sa bir s\u00fcrede tam 28 kilo veren Afacan&#8217;\u0131n sosyal medyadaki g\u00f6nderileri be\u011feni ya\u011fmuruna tutuluyor. Sen \u00c7al Kap\u0131m\u0131 dizisinde &#8216;Melo&#8217; karakterini oynayan ve geni\u015f kitlelerce tan\u0131nan ba\u015far\u0131l\u0131 oyuncu El\u00e7in Afacan, zay\u0131flama s\u0131rr\u0131n\u0131 da anlatt\u0131.<\/p>\n<p><img loading=\"lazy\" decoding=\"async\" class=\"alignnone wp-image-144801\" src=\"https:\/\/www.tgrthaber.com\/mavikadin\/wp-content\/uploads\/elcin-afacan-kilo-300x169.jpg\" alt=\"\" width=\"1280\" height=\"720\" title=\"\" srcset=\"https:\/\/www.tgrthaber.com\/mavikadin\/wp-content\/uploads\/elcin-afacan-kilo-300x169.jpg 300w, https:\/\/www.tgrthaber.com\/mavikadin\/wp-content\/uploads\/elcin-afacan-kilo-1024x576.jpg 1024w, https:\/\/www.tgrthaber.com\/mavikadin\/wp-content\/uploads\/elcin-afacan-kilo-768x432.jpg 768w, https:\/\/www.tgrthaber.com\/mavikadin\/wp-content\/uploads\/elcin-afacan-kilo.jpg 1280w\" sizes=\"(max-width: 1280px) 100vw, 1280px\" \/><\/p>\n<h3>\u0130\u015eTE BA\u015eKA B\u0130R G\u00dcN&#8217;\u00dcN MEL\u0130KE&#8217;S\u0130 EL\u00c7\u0130N AFACAN&#8217;IN ZAYIFLAMA SIRRI!<\/h3>\n<p>Verdikleri kilolarla bamba\u015fka birine d\u00f6n\u00fc\u015fen \u00fcnl\u00fcler aras\u0131na giren El\u00e7in Afacan, kilo verme s\u0131rlar\u0131n\u0131 ve doktorunun tavsiyelerini sevenleriyle payla\u015ft\u0131.<\/p>\n<p>Zay\u0131flama s\u00fcrecinde diyestisyenden destek ald\u0131\u011f\u0131n\u0131 ve bu \u015fekilde ba\u015far\u0131ya ula\u015ft\u0131\u011f\u0131n\u0131 ifade eden gen\u00e7 oyuncu El\u00e7in Afacan, zay\u0131flama s\u0131rlar\u0131n\u0131 da a\u00e7\u0131klad\u0131.<\/p>\n<p><img loading=\"lazy\" decoding=\"async\" class=\"alignnone wp-image-144804\" src=\"https:\/\/www.tgrthaber.com\/mavikadin\/wp-content\/uploads\/elcin-afacan4-300x169.webp\" alt=\"\" width=\"1280\" height=\"720\" title=\"\" srcset=\"https:\/\/www.tgrthaber.com\/mavikadin\/wp-content\/uploads\/elcin-afacan4-300x169.webp 300w, https:\/\/www.tgrthaber.com\/mavikadin\/wp-content\/uploads\/elcin-afacan4-1024x576.webp 1024w, https:\/\/www.tgrthaber.com\/mavikadin\/wp-content\/uploads\/elcin-afacan4-768x432.webp 768w, https:\/\/www.tgrthaber.com\/mavikadin\/wp-content\/uploads\/elcin-afacan4.webp 1280w\" sizes=\"(max-width: 1280px) 100vw, 1280px\" \/><\/p>\n<p>Kilolar\u0131ndan nas\u0131l kurtuldu\u011funu anlatan gen\u00e7 oyuncu, protein ve sebze a\u011f\u0131rl\u0131kl\u0131 beslendi\u011fini, gluten, karbonhidrat ve \u015fekeri hayat\u0131ndan \u00e7\u0131kard\u0131\u011f\u0131n\u0131 ifade etti.<\/p>\n<h3>EL\u00c7\u0130N AFACAN K\u0130MD\u0130R?<\/h3>\n<p>21 Ocak 1991&#8217;de \u0130stanbul&#8217;da do\u011fan gen\u00e7 oyuncu El\u00e7in Afacan, Mimar Sinan G\u00fczel Sanatlar \u00dcniversitesi Devlet Konservatuvar\u0131&#8217;nda e\u011fitim alm\u0131\u015ft\u0131r.<\/p>\n<p><img loading=\"lazy\" decoding=\"async\" class=\"alignnone wp-image-144802\" src=\"https:\/\/www.tgrthaber.com\/mavikadin\/wp-content\/uploads\/elcin-afacan-300x169.webp\" alt=\"\" width=\"1280\" height=\"720\" title=\"\" srcset=\"https:\/\/www.tgrthaber.com\/mavikadin\/wp-content\/uploads\/elcin-afacan-300x169.webp 300w, https:\/\/www.tgrthaber.com\/mavikadin\/wp-content\/uploads\/elcin-afacan-1024x576.webp 1024w, https:\/\/www.tgrthaber.com\/mavikadin\/wp-content\/uploads\/elcin-afacan-768x432.webp 768w, https:\/\/www.tgrthaber.com\/mavikadin\/wp-content\/uploads\/elcin-afacan.webp 1200w\" sizes=\"(max-width: 1280px) 100vw, 1280px\" \/><\/p>\n<p>Show TV&#8217;de yay\u0131nlanan \u0130\u00e7erde dizisinde \u00fcstlendi\u011fi G\u00fcl\u00e7in karakteriyle dizi d\u00fcnyas\u0131na ad\u0131m atan Afacan, &#8220;Benden Ne Olur?&#8221; filminde &#8220;Gamze&#8221; rol\u00fcyle sinema deneyimi ya\u015fam\u0131\u015ft\u0131r.<\/p>\n<p>2020-2021 y\u0131llar\u0131 aras\u0131nda FOX&#8217;ta yay\u0131nlanan Sen \u00c7al Kap\u0131m\u0131 dizisindeki Melek &#8216;Melo&#8217; Y\u00fccel karakteriyle geni\u015f kitlelerce tan\u0131nan El\u00e7in Afacan, g\u00fcn\u00fcm\u00fczde Ba\u015fka Bir G\u00fcn dizisinde Melike karakterini oynamaktad\u0131r.<\/p>\n","protected":false},"excerpt":{"rendered":"<p>Ba\u015fka Bir G\u00fcn dizisinde Melike rol\u00fcyle izleyici kar\u015f\u0131s\u0131na \u00e7\u0131kan ekranlar\u0131n sevilen y\u00fcz\u00fc El\u00e7in Afacan, k\u0131sa bir s\u00fcrede tam 28 kilo verdi. Afacan, zay\u0131flay\u0131p t\u0131\u011f gibi olurken, bu s\u00fcre\u00e7te neler yapt\u0131\u011f\u0131n\u0131, neler yedi\u011fini anlatt\u0131. \u0130\u015fte Ba\u015fka Bir G\u00fcn&#8217;\u00fcn Melike&#8217;si El\u00e7in Afacan&#8217;\u0131n zay\u0131flama s\u0131rr\u0131&#8230;<\/p>\n","protected":false},"author":33,"featured_media":144803,"comment_status":"closed","ping_status":"closed","sticky":false,"template":"","format":"standard","meta":{"rank_math_lock_modified_date":false,"footnotes":""},"categories":[76],"tags":[12287,13679,13677,13678],"class_list":["post-144799","post","type-post","status-publish","format-standard","has-post-thumbnail","hentry","category-magazin","tag-baska-bir-gun-melike","tag-elcin-afacan-kilo","tag-elcin-afacan-kimdir","tag-elcin-afacan-son-hali"],"_links":{"self":[{"href":"https:\/\/www.tgrthaber.com\/mavikadin\/wp-json\/wp\/v2\/posts\/144799"}],"collection":[{"href":"https:\/\/www.tgrthaber.com\/mavikadin\/wp-json\/wp\/v2\/posts"}],"about":[{"href":"https:\/\/www.tgrthaber.com\/mavikadin\/wp-json\/wp\/v2\/types\/post"}],"author":[{"embeddable":true,"href":"https:\/\/www.tgrthaber.com\/mavikadin\/wp-json\/wp\/v2\/users\/33"}],"replies":[{"embeddable":true,"href":"https:\/\/www.tgrthaber.com\/mavikadin\/wp-json\/wp\/v2\/comments?post=144799"}],"version-history":[{"count":2,"href":"https:\/\/www.tgrthaber.com\/mavikadin\/wp-json\/wp\/v2\/posts\/144799\/revisions"}],"predecessor-version":[{"id":144806,"href":"https:\/\/www.tgrthaber.com\/mavikadin\/wp-json\/wp\/v2\/posts\/144799\/revisions\/144806"}],"wp:featuredmedia":[{"embeddable":true,"href":"https:\/\/www.tgrthaber.com\/mavikadin\/wp-json\/wp\/v2\/media\/144803"}],"wp:attachment":[{"href":"https:\/\/www.tgrthaber.com\/mavikadin\/wp-json\/wp\/v2\/media?parent=144799"}],"wp:term":[{"taxonomy":"category","embeddable":true,"href":"https:\/\/www.tgrthaber.com\/mavikadin\/wp-json\/wp\/v2\/categories?post=144799"},{"taxonomy":"post_tag","embeddable":true,"href":"https:\/\/www.tgrthaber.com\/mavikadin\/wp-json\/wp\/v2\/tags?post=144799"}],"curies":[{"name":"wp","href":"https:\/\/api.w.org\/{rel}","templated":true}]}}