{"id":144906,"date":"2025-03-10T23:56:10","date_gmt":"2025-03-10T20:56:10","guid":{"rendered":"https:\/\/www.tgrthaber.com\/mavikadin\/?p=144906"},"modified":"2025-03-10T23:56:10","modified_gmt":"2025-03-10T20:56:10","slug":"survivor-2025te-buyuk-kavga-batuhan-ve-sedati-takim-arkadaslari-zor-ayirdi-birbirlerine-girdiler","status":"publish","type":"post","link":"https:\/\/www.tgrthaber.com\/mavikadin\/survivor-2025te-buyuk-kavga-batuhan-ve-sedati-takim-arkadaslari-zor-ayirdi-birbirlerine-girdiler\/","title":{"rendered":"Survivor 2025&#8217;te b\u00fcy\u00fck kavga! Batuhan ve Sedat&#8217;\u0131 tak\u0131m arkada\u015flar\u0131 zor ay\u0131rd\u0131, birbirlerine girdiler!"},"content":{"rendered":"<p class=\"p2\">Survivor All Star 2025, her ge\u00e7en b\u00f6l\u00fcmde tansiyonun daha da y\u00fckseldi\u011fi anlara sahne oluyor. 9 Mart Pazar ak\u015fam\u0131 yay\u0131nlanan yeni b\u00f6l\u00fcmde Efecan\u2019\u0131n elenmesinin ard\u0131ndan, yar\u0131\u015fmac\u0131lar aras\u0131nda sular durulmad\u0131. Zorlu dokunulmazl\u0131k oyunu sonras\u0131 \u00c7\u0131lg\u0131n Sedat ve Batuhan Karacakaya aras\u0131nda ya\u015fanan sert tart\u0131\u015fma da geceye damga vurdu. Batuhan ve Sedat aras\u0131ndaki kavga Survivor konseyine de ta\u015f\u0131nd\u0131. \u0130\u015fte Survivor 2025&#8217;te ya\u015fananlar&#8230;<\/p>\n<h3 class=\"p2\">PARKUR SONRASI ORTAM GER\u0130LD\u0130<\/h3>\n<p class=\"p2\">Dokunulmazl\u0131k oyunu s\u0131ras\u0131nda ya\u015fanan gerginlik, oyun sonras\u0131 daha da b\u00fcy\u00fcd\u00fc. \u00c7\u0131lg\u0131n Sedat, parkurda Yusuf\u2019a kar\u015f\u0131 kaybetti\u011fi oyun sonras\u0131 Batuhan\u2019\u0131n g\u00fclmesine sinirlendi. Sedat, Batuhan\u2019a tepki g\u00f6stererek sert \u00e7\u0131k\u0131\u015ft\u0131. K\u0131sa s\u00fcrede tansiyon y\u00fckselirken, \u00c7\u0131lg\u0131n Sedat sinirlerine hakim olamayarak Batuhan\u2019\u0131n \u00fczerine y\u00fcr\u00fcd\u00fc. O anlarda ortam\u0131n daha fazla gerilmesini tak\u0131m arkada\u015flar\u0131 g\u00fc\u00e7l\u00fckle engelledi.<\/p>\n<p><img loading=\"lazy\" decoding=\"async\" class=\"alignnone wp-image-144910 size-large\" src=\"https:\/\/www.tgrthaber.com\/mavikadin\/wp-content\/uploads\/Ekran-Resmi-2025-03-10-23.48.09-1024x618.png\" alt=\"\" width=\"1024\" height=\"618\" title=\"\" srcset=\"https:\/\/www.tgrthaber.com\/mavikadin\/wp-content\/uploads\/Ekran-Resmi-2025-03-10-23.48.09-1024x618.png 1024w, https:\/\/www.tgrthaber.com\/mavikadin\/wp-content\/uploads\/Ekran-Resmi-2025-03-10-23.48.09-300x181.png 300w, https:\/\/www.tgrthaber.com\/mavikadin\/wp-content\/uploads\/Ekran-Resmi-2025-03-10-23.48.09-768x464.png 768w, https:\/\/www.tgrthaber.com\/mavikadin\/wp-content\/uploads\/Ekran-Resmi-2025-03-10-23.48.09.png 1292w\" sizes=\"(max-width: 1024px) 100vw, 1024px\" \/><\/p>\n<hr \/>\n<h3 class=\"p2\">&#8216;\u00d6Z\u00dcR D\u0130LE&#8217; \u00c7IKI\u015eI D\u0130KKAT \u00c7EKT\u0130<\/h3>\n<p class=\"p2\">Sinirlerine hakim olamayan Sedat, Batuhan\u2019dan defalarca \u201c\u00f6z\u00fcr dile\u201d diyerek ba\u011f\u0131rd\u0131. \u00c7\u0131lg\u0131n Sedat\u2019\u0131n \u0131srarl\u0131 tutumu dikkatlerden ka\u00e7mazken, ikili aras\u0131nda ba\u015flayan tart\u0131\u015fman\u0131n konseyde de devam etti\u011fi g\u00f6r\u00fcld\u00fc. Survivor izleyicileri, ya\u015fanan bu gerilimi merakla takip etti.<\/p>\n<p><img loading=\"lazy\" decoding=\"async\" class=\"alignnone wp-image-144911 size-large\" src=\"https:\/\/www.tgrthaber.com\/mavikadin\/wp-content\/uploads\/Ekran-Resmi-2025-03-10-23.48.47-1024x631.png\" alt=\"\" width=\"1024\" height=\"631\" title=\"\" srcset=\"https:\/\/www.tgrthaber.com\/mavikadin\/wp-content\/uploads\/Ekran-Resmi-2025-03-10-23.48.47-1024x631.png 1024w, https:\/\/www.tgrthaber.com\/mavikadin\/wp-content\/uploads\/Ekran-Resmi-2025-03-10-23.48.47-300x185.png 300w, https:\/\/www.tgrthaber.com\/mavikadin\/wp-content\/uploads\/Ekran-Resmi-2025-03-10-23.48.47-768x473.png 768w, https:\/\/www.tgrthaber.com\/mavikadin\/wp-content\/uploads\/Ekran-Resmi-2025-03-10-23.48.47.png 1266w\" sizes=\"(max-width: 1024px) 100vw, 1024px\" \/><\/p>\n<hr \/>\n<h3 class=\"p2\">SEDAT DAHA \u00d6NCE DE ADEMLE TARTI\u015eMI\u015eTI<\/h3>\n<p class=\"p2\">\u00c7\u0131lg\u0131n Sedat daha \u00f6nce de Survivor\u2019da Adem K\u0131l\u0131\u00e7\u00e7\u0131 ile sert bir tart\u0131\u015fma ya\u015fam\u0131\u015ft\u0131. O tart\u0131\u015fmada Adem, Sedat\u2019a fiziksel m\u00fcdahalede bulunarak itmi\u015f ve yere d\u00fc\u015f\u00fcrm\u00fc\u015ft\u00fc. Bu olay sonras\u0131 Adem, 5 \u00f6d\u00fcl oyunundan men cezas\u0131 alm\u0131\u015ft\u0131. Sedat\u2019\u0131n Survivor ge\u00e7mi\u015findeki bu tarz gerginlikler, adada tansiyonun ne kadar kolay y\u00fckselebilece\u011fini g\u00f6steriyor.<\/p>\n<p><img loading=\"lazy\" decoding=\"async\" class=\"alignnone wp-image-144913 size-large\" src=\"https:\/\/www.tgrthaber.com\/mavikadin\/wp-content\/uploads\/Ekran-Resmi-2025-03-10-23.48.47-1-1024x631.png\" alt=\"\" width=\"1024\" height=\"631\" title=\"\" srcset=\"https:\/\/www.tgrthaber.com\/mavikadin\/wp-content\/uploads\/Ekran-Resmi-2025-03-10-23.48.47-1-1024x631.png 1024w, https:\/\/www.tgrthaber.com\/mavikadin\/wp-content\/uploads\/Ekran-Resmi-2025-03-10-23.48.47-1-300x185.png 300w, https:\/\/www.tgrthaber.com\/mavikadin\/wp-content\/uploads\/Ekran-Resmi-2025-03-10-23.48.47-1-768x473.png 768w, https:\/\/www.tgrthaber.com\/mavikadin\/wp-content\/uploads\/Ekran-Resmi-2025-03-10-23.48.47-1.png 1266w\" sizes=\"(max-width: 1024px) 100vw, 1024px\" \/><\/p>\n<hr \/>\n<p class=\"p2\">Zorlu ada ko\u015fullar\u0131, fiziksel ve mental yorgunluk yar\u0131\u015fmac\u0131lar\u0131n zaman zaman gerilmesine neden olurken, Survivor 2025&#8217;te yar\u0131\u015fmac\u0131lar aras\u0131nda \u00e7\u0131kan gerginlikler, Survivor hayranlar\u0131 taraf\u0131ndan merakla takip ediliyor.\u00a0\u00a0\u00c7\u0131lg\u0131n Sedat ve Batuhan Karacakaya aras\u0131nda ya\u015fanan kavga Survivor All Star 2025\u2019in unutulmaz anlar\u0131 aras\u0131nda yerini ald\u0131. Yar\u0131\u015fmada ilerleyen g\u00fcnlerde bu gerilimin devam edip etmeyece\u011fi \u015fimdiden merak konusu oldu.<\/p>\n","protected":false},"excerpt":{"rendered":"<p>\u00a0Survivor All Star 2025\u2019te gerilim t\u0131rman\u0131yor. 9 Mart\u2019ta Efecan\u2019\u0131n elenmesinin ard\u0131ndan yar\u0131\u015fmac\u0131lar aras\u0131nda tansiyon y\u00fckseldi. Dokunulmazl\u0131k oyunu sonras\u0131 \u00c7\u0131lg\u0131n Sedat ve Batuhan Karacakaya aras\u0131nda sert bir kavga ya\u015fand\u0131. Tart\u0131\u015fma konseyde de devam etti. \u0130\u015fte Survivor\u2019da son geli\u015fmeler!<\/p>\n","protected":false},"author":16,"featured_media":144917,"comment_status":"closed","ping_status":"closed","sticky":false,"template":"","format":"standard","meta":{"rank_math_lock_modified_date":false,"footnotes":""},"categories":[101],"tags":[13716,13717],"class_list":["post-144906","post","type-post","status-publish","format-standard","has-post-thumbnail","hentry","category-kesfet","tag-survivor-2025-batuhan-sedat-kavgasi","tag-survivor-2025-batuhan-sedat-neden-kavga-etti"],"_links":{"self":[{"href":"https:\/\/www.tgrthaber.com\/mavikadin\/wp-json\/wp\/v2\/posts\/144906"}],"collection":[{"href":"https:\/\/www.tgrthaber.com\/mavikadin\/wp-json\/wp\/v2\/posts"}],"about":[{"href":"https:\/\/www.tgrthaber.com\/mavikadin\/wp-json\/wp\/v2\/types\/post"}],"author":[{"embeddable":true,"href":"https:\/\/www.tgrthaber.com\/mavikadin\/wp-json\/wp\/v2\/users\/16"}],"replies":[{"embeddable":true,"href":"https:\/\/www.tgrthaber.com\/mavikadin\/wp-json\/wp\/v2\/comments?post=144906"}],"version-history":[{"count":1,"href":"https:\/\/www.tgrthaber.com\/mavikadin\/wp-json\/wp\/v2\/posts\/144906\/revisions"}],"predecessor-version":[{"id":144918,"href":"https:\/\/www.tgrthaber.com\/mavikadin\/wp-json\/wp\/v2\/posts\/144906\/revisions\/144918"}],"wp:featuredmedia":[{"embeddable":true,"href":"https:\/\/www.tgrthaber.com\/mavikadin\/wp-json\/wp\/v2\/media\/144917"}],"wp:attachment":[{"href":"https:\/\/www.tgrthaber.com\/mavikadin\/wp-json\/wp\/v2\/media?parent=144906"}],"wp:term":[{"taxonomy":"category","embeddable":true,"href":"https:\/\/www.tgrthaber.com\/mavikadin\/wp-json\/wp\/v2\/categories?post=144906"},{"taxonomy":"post_tag","embeddable":true,"href":"https:\/\/www.tgrthaber.com\/mavikadin\/wp-json\/wp\/v2\/tags?post=144906"}],"curies":[{"name":"wp","href":"https:\/\/api.w.org\/{rel}","templated":true}]}}