{"id":145495,"date":"2025-03-12T00:20:28","date_gmt":"2025-03-11T21:20:28","guid":{"rendered":"https:\/\/www.tgrthaber.com\/mavikadin\/?p=145495"},"modified":"2025-03-12T00:20:28","modified_gmt":"2025-03-11T21:20:28","slug":"survivor-2025-almeda-baylan-kiminle-evli-esi-kim","status":"publish","type":"post","link":"https:\/\/www.tgrthaber.com\/mavikadin\/survivor-2025-almeda-baylan-kiminle-evli-esi-kim\/","title":{"rendered":"Survivor 2025 Almeda Baylan kiminle evli, e\u015fi kim?"},"content":{"rendered":"<p class=\"p1\">Survivor 2025 T\u00fcrkiye yar\u0131\u015fmas\u0131n\u0131n \u00f6ne \u00e7\u0131kan isimlerinden Almeda Baylan, adada yapt\u0131\u011f\u0131 duygusal a\u00e7\u0131klamalarla dikkat \u00e7ekti. \u0130lk kez ge\u00e7mi\u015fine dair bilinmeyen y\u00f6nleri anlatan Almeda, \u00e7ocukluk d\u00f6neminde ya\u015fad\u0131\u011f\u0131 zor anlar\u0131 payla\u015ft\u0131. Hayat hikayesiyle izleyenleri<span class=\"Apple-converted-space\">\u00a0 <\/span>etkileyen Almeda Baylan,\u00a0 \u00f6zel hayat\u0131yla da merak konusu oldu. Almeda, evli oldu\u011funu da ilk kez Survivor\u2019da dile getirince, \u201cAlmeda Baylan\u2019\u0131n e\u015fi kim?\u201d sorusu g\u00fcndeme geldi. \u0130zleyiciler, \u201cSurvivor Almeda Baylan kimdir, kiminle evli?\u201d sorular\u0131na cevap aramaya ba\u015flad\u0131. \u0130\u015fte Almeda Baylan\u2019\u0131n merak edilen hayat\u0131&#8230;<\/p>\n<h3>SURV\u0130VOR 2025 ALMEDA BAYLAN K\u0130M\u0130NLE EVL\u0130 E\u015e\u0130 K\u0130M?<\/h3>\n<p class=\"p1\">Survivor 2025 All Star yar\u0131\u015fmas\u0131nda g\u00f6sterdi\u011fi g\u00fc\u00e7l\u00fc duru\u015fla dikkat \u00e7eken Almeda Baylan, yar\u0131\u015fma s\u0131ras\u0131nda kimsenin bilmedi\u011fi hayat hikayesini<span class=\"Apple-converted-space\">\u00a0 <\/span>anlatt\u0131. \u0130lk kez \u00e7ocukluk d\u00f6nemine dair ac\u0131 dolu itiraflarda bulunan Almeda, ya\u015fad\u0131\u011f\u0131 a\u011f\u0131r \u015fiddeti t\u00fcm samimiyetiyle dile getirdi. Hen\u00fcz \u00e7ok k\u00fc\u00e7\u00fck ya\u015flarda b\u00fcy\u00fck zorluklarla m\u00fccadele etti\u011fini belirten Almeda, \u201cDaha 11 ya\u015flar\u0131ndayd\u0131m. Baz\u0131 akrabalar\u0131m taraf\u0131ndan s\u00fcrekli \u015fiddet g\u00f6r\u00fcyordum. Kemerle d\u00f6v\u00fclerek b\u00fcy\u00fcd\u00fcm. O ya\u015flarda bunlarla ba\u015f etmek beni \u00e7ok y\u0131pratt\u0131.\u201d diyerek ya\u015fad\u0131\u011f\u0131 zor g\u00fcnleri anlatt\u0131.<\/p>\n<p><img loading=\"lazy\" decoding=\"async\" class=\"alignnone wp-image-145510 size-large\" src=\"https:\/\/www.tgrthaber.com\/mavikadin\/wp-content\/uploads\/Ekran-Resmi-2025-03-11-21.22.26-1-1024x646.png\" alt=\"\" width=\"1024\" height=\"646\" title=\"\" srcset=\"https:\/\/www.tgrthaber.com\/mavikadin\/wp-content\/uploads\/Ekran-Resmi-2025-03-11-21.22.26-1-1024x646.png 1024w, https:\/\/www.tgrthaber.com\/mavikadin\/wp-content\/uploads\/Ekran-Resmi-2025-03-11-21.22.26-1-300x189.png 300w, https:\/\/www.tgrthaber.com\/mavikadin\/wp-content\/uploads\/Ekran-Resmi-2025-03-11-21.22.26-1-768x485.png 768w, https:\/\/www.tgrthaber.com\/mavikadin\/wp-content\/uploads\/Ekran-Resmi-2025-03-11-21.22.26-1.png 1404w\" sizes=\"(max-width: 1024px) 100vw, 1024px\" \/><\/p>\n<hr \/>\n<p class=\"p1\">Almeda, sadece ya\u015fad\u0131\u011f\u0131 \u015fiddeti de\u011fil, hayat\u0131n\u0131 de\u011fi\u015ftiren karar\u0131n\u0131 da Survivor\u2019da ilk kez a\u00e7\u0131klad\u0131. Gen\u00e7 ya\u015fta ailesinin yan\u0131ndan ayr\u0131larak Ankara\u2019ya ta\u015f\u0131nd\u0131\u011f\u0131n\u0131 ve orada hayat\u0131n\u0131n d\u00f6n\u00fcm noktas\u0131n\u0131 ya\u015fad\u0131\u011f\u0131n\u0131 s\u00f6yledi. \u201cTek ba\u015f\u0131ma Ankara\u2019ya gitti\u011fimde hayat\u0131m tamamen ba\u015fka bir yola girdi. E\u015fimle orada tan\u0131\u015ft\u0131m ve bana yeniden umut oldu. Ancak \u00e7ocuklu\u011fumda ya\u015fad\u0131klar\u0131m\u0131n izleri h\u00e2l\u00e2 kalbimde.\u201d s\u00f6zleriyle ya\u015fad\u0131\u011f\u0131 ac\u0131lar\u0131 ve hayata tutunma m\u00fccadelesini anlatt\u0131. Bu a\u00e7\u0131klamalar, Survivor adas\u0131nda oldu\u011fu kadar sosyal medyada da b\u00fcy\u00fck yank\u0131 uyand\u0131rd\u0131. Almeda Baylan&#8217;\u0131n Ankara&#8217;ya gittikten sonra e\u015fiyle burada tan\u0131\u015ft\u0131\u011f\u0131 biliniyor. E\u015fi hakk\u0131nda hayat\u0131 ve kariyerine dair hen\u00fcz bir bilgi bulunmuyor.<\/p>\n<p><img loading=\"lazy\" decoding=\"async\" class=\"alignnone wp-image-145511 size-large\" src=\"https:\/\/www.tgrthaber.com\/mavikadin\/wp-content\/uploads\/Ekran-Resmi-2025-03-11-21.22.20-1-1024x650.png\" alt=\"\" width=\"1024\" height=\"650\" title=\"\" srcset=\"https:\/\/www.tgrthaber.com\/mavikadin\/wp-content\/uploads\/Ekran-Resmi-2025-03-11-21.22.20-1-1024x650.png 1024w, https:\/\/www.tgrthaber.com\/mavikadin\/wp-content\/uploads\/Ekran-Resmi-2025-03-11-21.22.20-1-300x191.png 300w, https:\/\/www.tgrthaber.com\/mavikadin\/wp-content\/uploads\/Ekran-Resmi-2025-03-11-21.22.20-1-768x488.png 768w, https:\/\/www.tgrthaber.com\/mavikadin\/wp-content\/uploads\/Ekran-Resmi-2025-03-11-21.22.20-1.png 1442w\" sizes=\"(max-width: 1024px) 100vw, 1024px\" \/><\/p>\n<hr \/>\n<h3>ALMEDA BAYLAN K\u0130MD\u0130R?<\/h3>\n<p class=\"p1\">Survivor 2025 yar\u0131\u015fmas\u0131n\u0131n dikkat \u00e7eken isimlerinden Almeda Baylan, aslen Osmaniye do\u011fumlu ve spora olan ilgisiyle tan\u0131n\u0131yor. \u00d6zellikle y\u00fczme ve dal\u0131\u015f gibi su sporlar\u0131yla yak\u0131ndan ilgilenen Almeda, sosyal medyada \u00e7ok aktif olmasa da 175 bin takip\u00e7isi bulunan bir hesap y\u00f6netiyor. Instagram\u2019da \u2018almedabaylan\u2019 kullan\u0131c\u0131 ad\u0131yla yer alan yar\u0131\u015fmac\u0131, zaman zaman hayat\u0131na dair payla\u015f\u0131mlar yap\u0131yor.<\/p>\n<p><img loading=\"lazy\" decoding=\"async\" class=\"alignnone wp-image-145512 size-large\" src=\"https:\/\/www.tgrthaber.com\/mavikadin\/wp-content\/uploads\/Ekran-Resmi-2025-03-11-21.22.39-1024x645.png\" alt=\"\" width=\"1024\" height=\"645\" title=\"\" srcset=\"https:\/\/www.tgrthaber.com\/mavikadin\/wp-content\/uploads\/Ekran-Resmi-2025-03-11-21.22.39-1024x645.png 1024w, https:\/\/www.tgrthaber.com\/mavikadin\/wp-content\/uploads\/Ekran-Resmi-2025-03-11-21.22.39-300x189.png 300w, https:\/\/www.tgrthaber.com\/mavikadin\/wp-content\/uploads\/Ekran-Resmi-2025-03-11-21.22.39-768x484.png 768w, https:\/\/www.tgrthaber.com\/mavikadin\/wp-content\/uploads\/Ekran-Resmi-2025-03-11-21.22.39.png 1432w\" sizes=\"(max-width: 1024px) 100vw, 1024px\" \/><\/p>\n<hr \/>\n<p class=\"p1\">Aslen g\u00f6\u00e7men k\u00f6kenli oldu\u011funu belirten Almeda, \u201cBen 2002 do\u011fumluyum. Annem Yunanistan g\u00f6\u00e7meni, babam ise yabanc\u0131 uyruklu. Annemle babam ben \u00e7ok k\u00fc\u00e7\u00fckken ayr\u0131ld\u0131klar\u0131 i\u00e7in T\u00fcrkiye\u2019de do\u011fdum ve burada b\u00fcy\u00fcd\u00fcm.\u201d diyerek k\u00f6kenini ve ya\u015fad\u0131\u011f\u0131 zorluklar\u0131 anlatt\u0131. \u00dc\u00e7 karde\u015f olduklar\u0131n\u0131 belirten Almeda, ablas\u0131n\u0131n babas\u0131yla kald\u0131\u011f\u0131n\u0131, kendisinin ise farkl\u0131 akrabalar\u0131n yan\u0131nda b\u00fcy\u00fcd\u00fc\u011f\u00fcn\u00fc ifade etti. \u201cAnnem iki kez evlendi. Ben bazen anneannemin yan\u0131nda, bazen day\u0131mda, bazen de teyzemde kal\u0131yordum. S\u00fcrekli farkl\u0131 evlerde ya\u015fad\u0131m, \u00e7ocuklu\u011fum \u00e7ok karma\u015f\u0131kt\u0131.\u201d s\u00f6zleriyle zorlu \u00e7ocukluk y\u0131llar\u0131n\u0131 ilk kez dile getirdi.<\/p>\n<p>&nbsp;<\/p>\n","protected":false},"excerpt":{"rendered":"<p>Survivor 2025 yar\u0131\u015fmac\u0131s\u0131 Almeda Baylan, adada yapt\u0131\u011f\u0131 duygusal a\u00e7\u0131klamalarla g\u00fcndem oldu. \u00c7ocukluk y\u0131llar\u0131ndaki zorluklar\u0131 ilk kez anlatan Almeda, hayat hikayesiyle dikkat \u00e7ekti. Evli oldu\u011funu ilk kez a\u00e7\u0131klayan Almeda Baylan\u2019\u0131n e\u015fi de merak konusu oldu. peki Almeda Baylan kiminle evli? \u0130\u015fte detaylar.. <\/p>\n","protected":false},"author":16,"featured_media":145516,"comment_status":"closed","ping_status":"closed","sticky":false,"template":"","format":"standard","meta":{"rank_math_lock_modified_date":false,"footnotes":""},"categories":[101],"tags":[],"class_list":["post-145495","post","type-post","status-publish","format-standard","has-post-thumbnail","hentry","category-kesfet"],"_links":{"self":[{"href":"https:\/\/www.tgrthaber.com\/mavikadin\/wp-json\/wp\/v2\/posts\/145495"}],"collection":[{"href":"https:\/\/www.tgrthaber.com\/mavikadin\/wp-json\/wp\/v2\/posts"}],"about":[{"href":"https:\/\/www.tgrthaber.com\/mavikadin\/wp-json\/wp\/v2\/types\/post"}],"author":[{"embeddable":true,"href":"https:\/\/www.tgrthaber.com\/mavikadin\/wp-json\/wp\/v2\/users\/16"}],"replies":[{"embeddable":true,"href":"https:\/\/www.tgrthaber.com\/mavikadin\/wp-json\/wp\/v2\/comments?post=145495"}],"version-history":[{"count":1,"href":"https:\/\/www.tgrthaber.com\/mavikadin\/wp-json\/wp\/v2\/posts\/145495\/revisions"}],"predecessor-version":[{"id":145517,"href":"https:\/\/www.tgrthaber.com\/mavikadin\/wp-json\/wp\/v2\/posts\/145495\/revisions\/145517"}],"wp:featuredmedia":[{"embeddable":true,"href":"https:\/\/www.tgrthaber.com\/mavikadin\/wp-json\/wp\/v2\/media\/145516"}],"wp:attachment":[{"href":"https:\/\/www.tgrthaber.com\/mavikadin\/wp-json\/wp\/v2\/media?parent=145495"}],"wp:term":[{"taxonomy":"category","embeddable":true,"href":"https:\/\/www.tgrthaber.com\/mavikadin\/wp-json\/wp\/v2\/categories?post=145495"},{"taxonomy":"post_tag","embeddable":true,"href":"https:\/\/www.tgrthaber.com\/mavikadin\/wp-json\/wp\/v2\/tags?post=145495"}],"curies":[{"name":"wp","href":"https:\/\/api.w.org\/{rel}","templated":true}]}}