{"id":145515,"date":"2025-03-12T00:42:21","date_gmt":"2025-03-11T21:42:21","guid":{"rendered":"https:\/\/www.tgrthaber.com\/mavikadin\/?p=145515"},"modified":"2025-03-12T00:42:21","modified_gmt":"2025-03-11T21:42:21","slug":"2025-eurovision-nerede-olacak-eurovision-basvurulari-basladi-mi-turkiye-2025-eurovision-yarismasina-katilacak-mi","status":"publish","type":"post","link":"https:\/\/www.tgrthaber.com\/mavikadin\/2025-eurovision-nerede-olacak-eurovision-basvurulari-basladi-mi-turkiye-2025-eurovision-yarismasina-katilacak-mi\/","title":{"rendered":"2025 Eurovision nerede olacak? Eurovision ba\u015fvurular\u0131 ba\u015flad\u0131 m\u0131? T\u00fcrkiye 2025 Eurovision yar\u0131\u015fmas\u0131na kat\u0131lacak m\u0131?"},"content":{"rendered":"<p>Avrupa\u2019n\u0131n en b\u00fcy\u00fck m\u00fczik yar\u0131\u015fmalar\u0131ndan biri olan Eurovision, her y\u0131l milyonlarca insan taraf\u0131ndan takip ediliyor. 2025 y\u0131l\u0131 i\u00e7in haz\u0131rl\u0131klar h\u0131zla devam ederken, yar\u0131\u015fman\u0131n ev sahibi \u015fehri, kat\u0131l\u0131mc\u0131 \u00fclkeler ve T\u00fcrkiye\u2019nin durumu merak edildi. Peki, 2025 Eurovision nerede olacak? Eurovision ba\u015fvurular\u0131 ba\u015flad\u0131 m\u0131? T\u00fcrkiye 2025 Eurovision yar\u0131\u015fmas\u0131na kat\u0131lacak m\u0131? Sorular\u0131n\u0131 sizler i\u00e7in ara\u015ft\u0131rd\u0131k. Merak edilenler ve detaylar haberimizde\u2026<\/p>\n<h3>2025 EUROV\u0130S\u0130ON NEREDE OLACAK<\/h3>\n<p>Avrupa Yay\u0131n Birli\u011fi (EBU), 2025 Eurovision \u015eark\u0131 Yar\u0131\u015fmas\u0131\u2019n\u0131n \u0130svi\u00e7re\u2019nin Basel \u015fehrinde d\u00fczenlenece\u011fini duyurdu. Bu y\u0131l 69.\u2019su d\u00fczenlenecek olan 2025 Eurovision, 17 May\u0131s 2025 tarihinde ger\u00e7ekle\u015fecek. B\u00fcy\u00fck final, 12.000 ki\u015filik kapasiteye sahip St. Jakobshalle\u2019de yap\u0131lacak.<\/p>\n<p><img loading=\"lazy\" decoding=\"async\" class=\"alignnone wp-image-145530\" src=\"https:\/\/www.tgrthaber.com\/mavikadin\/wp-content\/uploads\/eurovision-2025-2-1024x576.jpg\" alt=\"eurovision 2025 \" width=\"1208\" height=\"680\" title=\"\" srcset=\"https:\/\/www.tgrthaber.com\/mavikadin\/wp-content\/uploads\/eurovision-2025-2-1024x576.jpg 1024w, https:\/\/www.tgrthaber.com\/mavikadin\/wp-content\/uploads\/eurovision-2025-2-300x169.jpg 300w, https:\/\/www.tgrthaber.com\/mavikadin\/wp-content\/uploads\/eurovision-2025-2-768x432.jpg 768w, https:\/\/www.tgrthaber.com\/mavikadin\/wp-content\/uploads\/eurovision-2025-2-1536x864.jpg 1536w, https:\/\/www.tgrthaber.com\/mavikadin\/wp-content\/uploads\/eurovision-2025-2.jpg 1600w\" sizes=\"(max-width: 1208px) 100vw, 1208px\" \/><\/p>\n<hr \/>\n<p>\u0130svi\u00e7re, 2024 y\u0131l\u0131nda \u0130sve\u00e7\u2019in Malm\u00f6 \u015fehrinde yap\u0131lan Eurovision\u2019da Nemo\u2019nun \u201cThe Code\u201d adl\u0131 \u015fark\u0131s\u0131yla birinci olmu\u015f ve 2025 y\u0131l\u0131 ev sahipli\u011fi hakk\u0131n\u0131 kazanm\u0131\u015ft\u0131. \u0130svi\u00e7re, daha \u00f6nce d\u00f6rt kez Eurovision\u2019a ev sahipli\u011fi yapm\u0131\u015f olsa da Basel \u015fehri bu b\u00fcy\u00fck organizasyona ilk kez ev sahipli\u011fi yapacak.<\/p>\n<p><img loading=\"lazy\" decoding=\"async\" class=\"alignnone wp-image-145533\" src=\"https:\/\/www.tgrthaber.com\/mavikadin\/wp-content\/uploads\/eurovision-2025-5-1024x576.jpg\" alt=\"eurovision 2025 \" width=\"1208\" height=\"680\" title=\"\" srcset=\"https:\/\/www.tgrthaber.com\/mavikadin\/wp-content\/uploads\/eurovision-2025-5-1024x576.jpg 1024w, https:\/\/www.tgrthaber.com\/mavikadin\/wp-content\/uploads\/eurovision-2025-5-300x169.jpg 300w, https:\/\/www.tgrthaber.com\/mavikadin\/wp-content\/uploads\/eurovision-2025-5-768x432.jpg 768w, https:\/\/www.tgrthaber.com\/mavikadin\/wp-content\/uploads\/eurovision-2025-5-1536x864.jpg 1536w, https:\/\/www.tgrthaber.com\/mavikadin\/wp-content\/uploads\/eurovision-2025-5.jpg 1600w\" sizes=\"(max-width: 1208px) 100vw, 1208px\" \/><\/p>\n<hr \/>\n<p>Organizasyon komitesi, Basel\u2019in k\u00fclt\u00fcrel zenginli\u011fi ve b\u00fcy\u00fck etkinliklere uygun altyap\u0131s\u0131 nedeniyle tercih edildi\u011fini belirtti.<\/p>\n<p><img loading=\"lazy\" decoding=\"async\" class=\"alignnone wp-image-145531\" src=\"https:\/\/www.tgrthaber.com\/mavikadin\/wp-content\/uploads\/eurovision-2025-3-1024x576.jpg\" alt=\"eurovision 2025 \" width=\"1208\" height=\"680\" title=\"\" srcset=\"https:\/\/www.tgrthaber.com\/mavikadin\/wp-content\/uploads\/eurovision-2025-3-1024x576.jpg 1024w, https:\/\/www.tgrthaber.com\/mavikadin\/wp-content\/uploads\/eurovision-2025-3-300x169.jpg 300w, https:\/\/www.tgrthaber.com\/mavikadin\/wp-content\/uploads\/eurovision-2025-3-768x432.jpg 768w, https:\/\/www.tgrthaber.com\/mavikadin\/wp-content\/uploads\/eurovision-2025-3-1536x864.jpg 1536w, https:\/\/www.tgrthaber.com\/mavikadin\/wp-content\/uploads\/eurovision-2025-3.jpg 1600w\" sizes=\"(max-width: 1208px) 100vw, 1208px\" \/><\/p>\n<hr \/>\n<h3>EUROV\u0130S\u0130ON BA\u015eVURULARI BA\u015eLADI MI<\/h3>\n<p>2025 Eurovision i\u00e7in ba\u015fvurular 15 Eyl\u00fcl 2024 itibar\u0131yla tamamland\u0131. Avrupa Yay\u0131n Birli\u011fi, 12 Aral\u0131k 2024 tarihinde yar\u0131\u015fmaya kat\u0131lacak \u00fclkelerin listesini a\u00e7\u0131klad\u0131. Yar\u0131\u015fmaya 37 \u00fclkenin kat\u0131laca\u011f\u0131 duyuruldu ve bu \u00fclkeler aras\u0131nda Almanya, Fransa, Birle\u015fik Krall\u0131k, \u0130spanya ve \u0130talya gibi her y\u0131l do\u011frudan finale kalan \u00fclkeler de yer al\u0131yor.<\/p>\n<p><img loading=\"lazy\" decoding=\"async\" class=\"alignnone wp-image-145532\" src=\"https:\/\/www.tgrthaber.com\/mavikadin\/wp-content\/uploads\/eurovision-2025-4-1024x576.jpg\" alt=\"eurovision 2025 \" width=\"1208\" height=\"680\" title=\"\" srcset=\"https:\/\/www.tgrthaber.com\/mavikadin\/wp-content\/uploads\/eurovision-2025-4-1024x576.jpg 1024w, https:\/\/www.tgrthaber.com\/mavikadin\/wp-content\/uploads\/eurovision-2025-4-300x169.jpg 300w, https:\/\/www.tgrthaber.com\/mavikadin\/wp-content\/uploads\/eurovision-2025-4-768x432.jpg 768w, https:\/\/www.tgrthaber.com\/mavikadin\/wp-content\/uploads\/eurovision-2025-4-1536x864.jpg 1536w, https:\/\/www.tgrthaber.com\/mavikadin\/wp-content\/uploads\/eurovision-2025-4.jpg 1600w\" sizes=\"(max-width: 1208px) 100vw, 1208px\" \/><\/p>\n<hr \/>\n<p>Ancak yar\u0131\u015fmada dikkat \u00e7eken baz\u0131 geli\u015fmeler de ya\u015fand\u0131. Baz\u0131 \u00fclkeler, ekonomik ve siyasi nedenlerle Eurovision\u2019dan \u00e7ekilme karar\u0131 al\u0131rken, di\u011ferleri y\u0131llar sonra geri d\u00f6n\u00fc\u015f yaparak b\u00fcy\u00fck heyecan yaratt\u0131.<\/p>\n<p><img loading=\"lazy\" decoding=\"async\" class=\"alignnone wp-image-145529\" src=\"https:\/\/www.tgrthaber.com\/mavikadin\/wp-content\/uploads\/eurovision-2025-1-1024x576.jpg\" alt=\"eurovision 2025 \" width=\"1208\" height=\"680\" title=\"\" srcset=\"https:\/\/www.tgrthaber.com\/mavikadin\/wp-content\/uploads\/eurovision-2025-1-1024x576.jpg 1024w, https:\/\/www.tgrthaber.com\/mavikadin\/wp-content\/uploads\/eurovision-2025-1-300x169.jpg 300w, https:\/\/www.tgrthaber.com\/mavikadin\/wp-content\/uploads\/eurovision-2025-1-768x432.jpg 768w, https:\/\/www.tgrthaber.com\/mavikadin\/wp-content\/uploads\/eurovision-2025-1-1536x864.jpg 1536w, https:\/\/www.tgrthaber.com\/mavikadin\/wp-content\/uploads\/eurovision-2025-1.jpg 1600w\" sizes=\"(max-width: 1208px) 100vw, 1208px\" \/><\/p>\n<hr \/>\n<h3>T\u00dcRK\u0130YE 2025 EUROV\u0130S\u0130ON YARI\u015eMASINA KATILACAK MI<\/h3>\n<p>Eurovision hayranlar\u0131n\u0131n en \u00e7ok merak etti\u011fi konulardan biri de T\u00fcrkiye\u2019nin yar\u0131\u015fmaya kat\u0131l\u0131p kat\u0131lmayaca\u011f\u0131 oldu. Ancak EBU\u2019nun a\u00e7\u0131klad\u0131\u011f\u0131 resmi listeye g\u00f6re, T\u00fcrkiye 2025 Eurovision \u015eark\u0131 Yar\u0131\u015fmas\u0131\u2019nda yer almayacak. T\u00fcrkiye, en son 2012 y\u0131l\u0131nda Can Bonomo\u2019nun \u201cLove Me Back\u201d adl\u0131 \u015fark\u0131s\u0131yla Eurovision\u2019a kat\u0131lm\u0131\u015f ve o y\u0131ldan beri yar\u0131\u015fmaya dahil olmam\u0131\u015ft\u0131.<\/p>\n<p><img loading=\"lazy\" decoding=\"async\" class=\"alignnone wp-image-145534\" src=\"https:\/\/www.tgrthaber.com\/mavikadin\/wp-content\/uploads\/haber-gorselleri-fotoshop-67-1024x576.jpg\" alt=\"eurovision 2025 \" width=\"1208\" height=\"680\" title=\"\" srcset=\"https:\/\/www.tgrthaber.com\/mavikadin\/wp-content\/uploads\/haber-gorselleri-fotoshop-67-1024x576.jpg 1024w, https:\/\/www.tgrthaber.com\/mavikadin\/wp-content\/uploads\/haber-gorselleri-fotoshop-67-300x169.jpg 300w, https:\/\/www.tgrthaber.com\/mavikadin\/wp-content\/uploads\/haber-gorselleri-fotoshop-67-768x432.jpg 768w, https:\/\/www.tgrthaber.com\/mavikadin\/wp-content\/uploads\/haber-gorselleri-fotoshop-67-1536x864.jpg 1536w, https:\/\/www.tgrthaber.com\/mavikadin\/wp-content\/uploads\/haber-gorselleri-fotoshop-67.jpg 1600w\" sizes=\"(max-width: 1208px) 100vw, 1208px\" \/><\/p>\n<hr \/>\n<p>T\u00fcrkiye Radyo Televizyon Kurumu (TRT), yar\u0131\u015fmadan \u00e7ekilme karar\u0131n\u0131n gerek\u00e7esi olarak j\u00fcri sistemini ve \u201cB\u00fcy\u00fck 5\u201d \u00fclkelerinin do\u011frudan finale kalmas\u0131n\u0131 ele\u015ftirmi\u015fti. \u00d6zellikle Eurovision\u2019un son y\u0131llarda format de\u011fi\u015fiklikleri ve izleyici oylamalar\u0131nda yapt\u0131\u011f\u0131 yenilikler, T\u00fcrkiye\u2019nin yeniden kat\u0131labilece\u011fi y\u00f6n\u00fcnde spek\u00fclasyonlara yol a\u00e7sa da TRT hen\u00fcz b\u00f6yle bir karar alm\u0131\u015f olarak g\u00f6r\u00fclm\u00fcyor.<\/p>\n","protected":false},"excerpt":{"rendered":"<p>Avrupa\u2019n\u0131n en b\u00fcy\u00fck m\u00fczik yar\u0131\u015fmalar\u0131ndan biri olan Eurovision, her y\u0131l milyonlarca insan taraf\u0131ndan takip ediliyor. 2025 y\u0131l\u0131 i\u00e7in haz\u0131rl\u0131klar h\u0131zla devam ederken, yar\u0131\u015fman\u0131n ev sahibi \u015fehri, kat\u0131l\u0131mc\u0131 \u00fclkeler ve T\u00fcrkiye\u2019nin durumu merak edildi. Peki, 2025 Eurovision nerede olacak? Eurovision ba\u015fvurular\u0131 ba\u015flad\u0131 m\u0131? T\u00fcrkiye 2025 Eurovision yar\u0131\u015fmas\u0131na kat\u0131lacak m\u0131? Sorular\u0131n\u0131 sizler i\u00e7in ara\u015ft\u0131rd\u0131k. Merak edilenler ve detaylar haberimizde\u2026<\/p>\n","protected":false},"author":34,"featured_media":145534,"comment_status":"closed","ping_status":"closed","sticky":false,"template":"","format":"standard","meta":{"rank_math_lock_modified_date":false,"footnotes":""},"categories":[101],"tags":[4220,4219,13882,13883],"class_list":["post-145515","post","type-post","status-publish","format-standard","has-post-thumbnail","hentry","category-kesfet","tag-2025-eurovision","tag-2025-eurovision-sarki-yarismasi","tag-eurovision-nerede","tag-turkiye-eurovision"],"_links":{"self":[{"href":"https:\/\/www.tgrthaber.com\/mavikadin\/wp-json\/wp\/v2\/posts\/145515"}],"collection":[{"href":"https:\/\/www.tgrthaber.com\/mavikadin\/wp-json\/wp\/v2\/posts"}],"about":[{"href":"https:\/\/www.tgrthaber.com\/mavikadin\/wp-json\/wp\/v2\/types\/post"}],"author":[{"embeddable":true,"href":"https:\/\/www.tgrthaber.com\/mavikadin\/wp-json\/wp\/v2\/users\/34"}],"replies":[{"embeddable":true,"href":"https:\/\/www.tgrthaber.com\/mavikadin\/wp-json\/wp\/v2\/comments?post=145515"}],"version-history":[{"count":1,"href":"https:\/\/www.tgrthaber.com\/mavikadin\/wp-json\/wp\/v2\/posts\/145515\/revisions"}],"predecessor-version":[{"id":145537,"href":"https:\/\/www.tgrthaber.com\/mavikadin\/wp-json\/wp\/v2\/posts\/145515\/revisions\/145537"}],"wp:featuredmedia":[{"embeddable":true,"href":"https:\/\/www.tgrthaber.com\/mavikadin\/wp-json\/wp\/v2\/media\/145534"}],"wp:attachment":[{"href":"https:\/\/www.tgrthaber.com\/mavikadin\/wp-json\/wp\/v2\/media?parent=145515"}],"wp:term":[{"taxonomy":"category","embeddable":true,"href":"https:\/\/www.tgrthaber.com\/mavikadin\/wp-json\/wp\/v2\/categories?post=145515"},{"taxonomy":"post_tag","embeddable":true,"href":"https:\/\/www.tgrthaber.com\/mavikadin\/wp-json\/wp\/v2\/tags?post=145515"}],"curies":[{"name":"wp","href":"https:\/\/api.w.org\/{rel}","templated":true}]}}