{"id":145977,"date":"2025-03-12T22:30:52","date_gmt":"2025-03-12T19:30:52","guid":{"rendered":"https:\/\/www.tgrthaber.com\/mavikadin\/?p=145977"},"modified":"2025-03-12T22:30:52","modified_gmt":"2025-03-12T19:30:52","slug":"sandik-kokusu-finali-ne-zaman-sandik-kokusu-dizisi-hangi-gun-final-yapacak","status":"publish","type":"post","link":"https:\/\/www.tgrthaber.com\/mavikadin\/sandik-kokusu-finali-ne-zaman-sandik-kokusu-dizisi-hangi-gun-final-yapacak\/","title":{"rendered":"Sand\u0131k Kokusu finali ne zaman? Sand\u0131k Kokusu dizisi hangi g\u00fcn final yapacak?"},"content":{"rendered":"<p>Show TV&#8217;nin keyifli dizileri aras\u0131nda Sand\u0131k Kokusu yer al\u0131yor. \u00d6zge \u00d6zpirin\u00e7ci, Demet Akba\u011f ve Engin \u00d6zt\u00fcrk gibi isimlerin ba\u015frollerinde yer ald\u0131\u011f\u0131 dizinin 50. b\u00f6l\u00fcm\u00fc ile final yapaca\u011f\u0131 konu\u015fuluyordu. Bu hafta yeni b\u00f6l\u00fcm\u00fc yay\u0131nlanan dizinin ak\u0131beti merak konusu oldu. Peki, Sand\u0131k Kokusu finali ne zaman? Sand\u0131k Kokusu dizisi hangi g\u00fcn final yapacak? Haberimizin i\u00e7erisinde konu hakk\u0131nda merak edilenlere ula\u015fabilirsiniz.<\/p>\n<h3>SANDIK KOKUSU F\u0130NAL\u0130 NE ZAMAN?<\/h3>\n<p>Sand\u0131k Kokusu finali i\u00e7in tarih ge\u00e7ti\u011fimiz haftalarda verilmi\u015fti. Dizinin 50. b\u00f6l\u00fcm\u00fc ile sevenlerine veda edece\u011fi a\u00e7\u0131klanm\u0131\u015ft\u0131. Bu hafta 49. b\u00f6l\u00fcm\u00fc ile yay\u0131nlanan dizi b\u00f6ylelikle \u00f6n\u00fcm\u00fczdeki hafta 19 Mart \u00c7ar\u015famba g\u00fcn\u00fc 50. b\u00f6l\u00fcm\u00fc ile final yapacak. O3 Medya imzal\u0131 iddial\u0131 dizi 2 sezondur yay\u0131n hayat\u0131n\u0131 s\u00fcrd\u00fcr\u00fcyor. \u0130lk olarak ba\u015frol oyuncusu Metin Akg\u00fclder&#8217;in diziden \u00e7\u0131kmas\u0131 b\u00fcy\u00fck olay konusu olmu\u015ftu. Onun yerine diziye yak\u0131\u015f\u0131kl\u0131 oyuncu Engin \u00d6zt\u00fcrk girdi. \u00d6zge \u00d6zpirin\u00e7ci ile iyi bir uyum yakalayan \u00d6zt\u00fcrk, dizinin hayranlar\u0131 taraf\u0131ndan da \u00e7ok be\u011fenildi.<\/p>\n<p><img loading=\"lazy\" decoding=\"async\" class=\"alignnone wp-image-145996\" src=\"https:\/\/www.tgrthaber.com\/mavikadin\/wp-content\/uploads\/sandik-kokusu-karsu-300x200.jpg\" alt=\"\" width=\"1280\" height=\"853\" title=\"\" srcset=\"https:\/\/www.tgrthaber.com\/mavikadin\/wp-content\/uploads\/sandik-kokusu-karsu-300x200.jpg 300w, https:\/\/www.tgrthaber.com\/mavikadin\/wp-content\/uploads\/sandik-kokusu-karsu-768x512.jpg 768w, https:\/\/www.tgrthaber.com\/mavikadin\/wp-content\/uploads\/sandik-kokusu-karsu.jpg 840w\" sizes=\"(max-width: 1280px) 100vw, 1280px\" \/><\/p>\n<hr \/>\n<p>6 Aral\u0131k 2023 tarihinde yay\u0131n hayat\u0131na ba\u015flayan dizi bir annenin \u00e7ocu\u011funun kaybolmas\u0131yla ba\u015fl\u0131yor.<\/p>\n<h3>SANDIK KOKUSU&#8217;NDA BU HAFTA NELER YA\u015eANDI?<\/h3>\n<p>Her \u00e7ar\u015famba Show TV&#8217;de seyirci ile bulu\u015fan Sand\u0131k Kokusu dizisi bu hafta 49. b\u00f6l\u00fcm\u00fc ile ekrana geldi. G\u00fclnaz&#8217;\u0131n istemesinin ard\u0131ndan k\u0131na g\u00fcn\u00fcn konusu oldu. Bora&#8217;n\u0131n yo\u011fun \u00e7al\u0131\u015fma ve yan\u0131ndan s\u00fcrekli Veronika&#8217;n\u0131n olmas\u0131 Karsu&#8217;y\u0131 tedirgin etmeye ba\u015flar. Di\u011fer yandan Filiz ise Ekrem ve Nazan&#8217;\u0131n aras\u0131n\u0131 yapmaya devam eder. G\u00fclnaz ve \u0130hsan i\u00e7in k\u0131na gecesi haz\u0131rl\u0131klar\u0131 ba\u015flar. Dizinin sevilen \u00e7ifti Ay\u00e7a ve Hakan aras\u0131nda ise a\u015fk tam h\u0131z\u0131yla ilerlemeye devam etmektedir.<\/p>\n<p><img loading=\"lazy\" decoding=\"async\" class=\"alignnone wp-image-146004\" src=\"https:\/\/www.tgrthaber.com\/mavikadin\/wp-content\/uploads\/sandik-kokusu-final-300x200.jpg\" alt=\"\" width=\"1280\" height=\"853\" title=\"\" srcset=\"https:\/\/www.tgrthaber.com\/mavikadin\/wp-content\/uploads\/sandik-kokusu-final-300x200.jpg 300w, https:\/\/www.tgrthaber.com\/mavikadin\/wp-content\/uploads\/sandik-kokusu-final-768x512.jpg 768w, https:\/\/www.tgrthaber.com\/mavikadin\/wp-content\/uploads\/sandik-kokusu-final.jpg 840w\" sizes=\"(max-width: 1280px) 100vw, 1280px\" \/><\/p>\n<hr \/>\n<h3>SANDIK KOKUSU OYUNCULARI<\/h3>\n<p>\u00d6zge \u00d6zpirin\u00e7ci (Karsu)<br \/>\nDemet Akba\u011f (Filiz)<br \/>\nEngin \u00d6zt\u00fcrk (Bora)<br \/>\nNecip Memili (Reha)<br \/>\nMeri\u00e7 Aral ( Irmak)<br \/>\nSerkay T\u00fct\u00fcnc\u00fc,<br \/>\nG\u00f6zde Seda Altuner (G\u00fclnaz)<br \/>\nSercan Badur<br \/>\nve Nesrin Cavadzade (Ay\u00e7a)<br \/>\nve U\u011fur Y\u00fccel (Hasan)<\/p>\n","protected":false},"excerpt":{"rendered":"<p>Sand\u0131k Kokusu dizisi her \u00e7ar\u015famba ekrana gelmeye devam ediyor. \u00d6zge \u00d6zpirin\u00e7ci, Demet Akba\u011f ve Engin \u00d6zt\u00fcrk&#8217;\u00fcn ba\u015frollerinde yer ald\u0131\u011f\u0131 dizi i\u00e7in final \u00e7anlar\u0131 \u00e7ald\u0131. Peki, Sand\u0131k Kokusu finali ne zaman? Sand\u0131k Kokusu dizisi hangi g\u00fcn final yapacak? <\/p>\n","protected":false},"author":33,"featured_media":145995,"comment_status":"closed","ping_status":"closed","sticky":false,"template":"","format":"standard","meta":{"rank_math_lock_modified_date":false,"footnotes":""},"categories":[602],"tags":[13988],"class_list":["post-145977","post","type-post","status-publish","format-standard","has-post-thumbnail","hentry","category-diziler","tag-sandik-kokusu-finali-ne-zaman"],"_links":{"self":[{"href":"https:\/\/www.tgrthaber.com\/mavikadin\/wp-json\/wp\/v2\/posts\/145977"}],"collection":[{"href":"https:\/\/www.tgrthaber.com\/mavikadin\/wp-json\/wp\/v2\/posts"}],"about":[{"href":"https:\/\/www.tgrthaber.com\/mavikadin\/wp-json\/wp\/v2\/types\/post"}],"author":[{"embeddable":true,"href":"https:\/\/www.tgrthaber.com\/mavikadin\/wp-json\/wp\/v2\/users\/33"}],"replies":[{"embeddable":true,"href":"https:\/\/www.tgrthaber.com\/mavikadin\/wp-json\/wp\/v2\/comments?post=145977"}],"version-history":[{"count":2,"href":"https:\/\/www.tgrthaber.com\/mavikadin\/wp-json\/wp\/v2\/posts\/145977\/revisions"}],"predecessor-version":[{"id":146006,"href":"https:\/\/www.tgrthaber.com\/mavikadin\/wp-json\/wp\/v2\/posts\/145977\/revisions\/146006"}],"wp:featuredmedia":[{"embeddable":true,"href":"https:\/\/www.tgrthaber.com\/mavikadin\/wp-json\/wp\/v2\/media\/145995"}],"wp:attachment":[{"href":"https:\/\/www.tgrthaber.com\/mavikadin\/wp-json\/wp\/v2\/media?parent=145977"}],"wp:term":[{"taxonomy":"category","embeddable":true,"href":"https:\/\/www.tgrthaber.com\/mavikadin\/wp-json\/wp\/v2\/categories?post=145977"},{"taxonomy":"post_tag","embeddable":true,"href":"https:\/\/www.tgrthaber.com\/mavikadin\/wp-json\/wp\/v2\/tags?post=145977"}],"curies":[{"name":"wp","href":"https:\/\/api.w.org\/{rel}","templated":true}]}}