{"id":146399,"date":"2025-03-13T16:18:22","date_gmt":"2025-03-13T13:18:22","guid":{"rendered":"https:\/\/www.tgrthaber.com\/mavikadin\/?p=146399"},"modified":"2025-03-13T16:18:23","modified_gmt":"2025-03-13T13:18:23","slug":"taner-rumeli-annem-ankara-dizisindeki-performansiyla-begeni-topladi-dehadan-transfer-olmustu","status":"publish","type":"post","link":"https:\/\/www.tgrthaber.com\/mavikadin\/taner-rumeli-annem-ankara-dizisindeki-performansiyla-begeni-topladi-dehadan-transfer-olmustu\/","title":{"rendered":"Taner Rumeli Annem Ankara dizisindeki performans\u0131yla be\u011feni toplad\u0131! Deha&#8217;dan transfer olmu\u015ftu"},"content":{"rendered":"<p>Taner Rumeli Annem Ankara dizisindeki performans\u0131yla ilgi toplad\u0131. Oyunculu\u011fu \u00e7ok be\u011fenilen \u00fcnl\u00fc isim Deha dizisinden gelmi\u015fti.<\/p>\n<h3>TANER RUMEL\u0130 \u0130ZLEY\u0130C\u0130DEN TAM NOT ALDI<\/h3>\n<p>\u00dcnl\u00fc oyuncu Taner Rumeli Deha&#8217;dan transfer oldu\u011fu Annem Ankara dizisindeki oyunculuk performans\u0131yla izleyicilerden tam not ald\u0131.<\/p>\n<p><img loading=\"lazy\" decoding=\"async\" class=\"alignnone size-full wp-image-146401\" src=\"https:\/\/www.tgrthaber.com\/mavikadin\/wp-content\/uploads\/Taner-Rumeli-1-1.jpg\" alt=\"\" width=\"1208\" height=\"680\" title=\"\" srcset=\"https:\/\/www.tgrthaber.com\/mavikadin\/wp-content\/uploads\/Taner-Rumeli-1-1.jpg 1208w, https:\/\/www.tgrthaber.com\/mavikadin\/wp-content\/uploads\/Taner-Rumeli-1-1-300x169.jpg 300w, https:\/\/www.tgrthaber.com\/mavikadin\/wp-content\/uploads\/Taner-Rumeli-1-1-1024x576.jpg 1024w, https:\/\/www.tgrthaber.com\/mavikadin\/wp-content\/uploads\/Taner-Rumeli-1-1-768x432.jpg 768w\" sizes=\"(max-width: 1208px) 100vw, 1208px\" \/><\/p>\n<hr \/>\n<p>G\u00f6sterdi\u011fi y\u00fcksek performans\u0131yla \u00e7ok konu\u015fulan \u00fcnl\u00fc isim bu sezonun fla\u015f dizilerinde oynamaya devam ediyor.<\/p>\n<p>Yeni adresi Annem Ankara olan ba\u015far\u0131l\u0131 oyuncu kadroya Orhan \u015eayan karakteriyle kat\u0131ld\u0131. Zuhal\u2019in yard\u0131m istedi\u011fi \u00fcnl\u00fc avukat olarak seyirci kar\u015f\u0131s\u0131na \u00e7\u0131kt\u0131.<\/p>\n<p>Annem Ankara&#8217;da y\u00f6netmen koltu\u011funda Faruk Teber otururken, dizinin hikayesi Ba\u015fak Angig\u00fcn\u2019e emanet edildi.<\/p>\n<p><img loading=\"lazy\" decoding=\"async\" class=\"alignnone size-full wp-image-146402\" src=\"https:\/\/www.tgrthaber.com\/mavikadin\/wp-content\/uploads\/Taner-Rumeli-2-1.jpg\" alt=\"\" width=\"1208\" height=\"680\" title=\"\" srcset=\"https:\/\/www.tgrthaber.com\/mavikadin\/wp-content\/uploads\/Taner-Rumeli-2-1.jpg 1208w, https:\/\/www.tgrthaber.com\/mavikadin\/wp-content\/uploads\/Taner-Rumeli-2-1-300x169.jpg 300w, https:\/\/www.tgrthaber.com\/mavikadin\/wp-content\/uploads\/Taner-Rumeli-2-1-1024x576.jpg 1024w, https:\/\/www.tgrthaber.com\/mavikadin\/wp-content\/uploads\/Taner-Rumeli-2-1-768x432.jpg 768w\" sizes=\"(max-width: 1208px) 100vw, 1208px\" \/><\/p>\n<hr \/>\n<h3>TANER RUMEL\u0130 K\u0130MD\u0130R?<\/h3>\n<p>Ankara\u2019da 8 Nisan 1985 y\u0131l\u0131nda d\u00fcnyaya gelen Taner Rumeli, Ankara \u00dcniversitesi Dil ve Tarih-Co\u011frafya Fak\u00fcltesi Tiyatro B\u00f6l\u00fcm\u00fc\u2019nde e\u011fitim ald\u0131.<\/p>\n<p>Afili A\u015fk, Baba, \u015eahane Hayat\u0131m ve \u0130nad\u0131na A\u015fk gibi yap\u0131mlarla tan\u0131nan \u00fcnl\u00fc isim her rol\u00fcnde izleyicinin kalbine taht kurmay\u0131 ba\u015faran oyuncular aras\u0131nda yer al\u0131yor.<\/p>\n<p><img loading=\"lazy\" decoding=\"async\" class=\"alignnone size-full wp-image-146403\" src=\"https:\/\/www.tgrthaber.com\/mavikadin\/wp-content\/uploads\/Taner-Rumeli-3-1.jpg\" alt=\"\" width=\"1208\" height=\"680\" title=\"\" srcset=\"https:\/\/www.tgrthaber.com\/mavikadin\/wp-content\/uploads\/Taner-Rumeli-3-1.jpg 1208w, https:\/\/www.tgrthaber.com\/mavikadin\/wp-content\/uploads\/Taner-Rumeli-3-1-300x169.jpg 300w, https:\/\/www.tgrthaber.com\/mavikadin\/wp-content\/uploads\/Taner-Rumeli-3-1-1024x576.jpg 1024w, https:\/\/www.tgrthaber.com\/mavikadin\/wp-content\/uploads\/Taner-Rumeli-3-1-768x432.jpg 768w\" sizes=\"(max-width: 1208px) 100vw, 1208px\" \/><\/p>\n<hr \/>\n<p>\u00dcnl\u00fc oyuncu \u00e7ocuklu\u011funu anlat\u0131rken bir r\u00f6portaj\u0131nda \u015funlar\u0131 s\u00f6ylemi\u015fti:<\/p>\n<p>\u00c7ekirdek ailemiz 4 ki\u015fiydi ama hem anne taraf\u0131ndan, hem baba taraf\u0131ndan \u00e7ok s\u0131k\u0131 ili\u015fkileri olan \u00e7ok kalabal\u0131k bir ailede b\u00fcy\u00fcd\u00fcm. Ben de aile ili\u015fkilerini, akrabal\u0131k ili\u015fkilerini \u00e7ok severim. Bu nedenle, orta s\u0131n\u0131f bir ailede ya\u015faman\u0131n zorluklar\u0131n\u0131 saymazsak olduk\u00e7a e\u011flenceli ve sevgi dolu bir \u00e7ocukluk ge\u00e7irdim diyebilirim.<\/p>\n<p><img loading=\"lazy\" decoding=\"async\" class=\"alignnone size-full wp-image-146404\" src=\"https:\/\/www.tgrthaber.com\/mavikadin\/wp-content\/uploads\/Taner-Rumeli-5.jpg\" alt=\"\" width=\"1208\" height=\"680\" title=\"\" srcset=\"https:\/\/www.tgrthaber.com\/mavikadin\/wp-content\/uploads\/Taner-Rumeli-5.jpg 1208w, https:\/\/www.tgrthaber.com\/mavikadin\/wp-content\/uploads\/Taner-Rumeli-5-300x169.jpg 300w, https:\/\/www.tgrthaber.com\/mavikadin\/wp-content\/uploads\/Taner-Rumeli-5-1024x576.jpg 1024w, https:\/\/www.tgrthaber.com\/mavikadin\/wp-content\/uploads\/Taner-Rumeli-5-768x432.jpg 768w\" sizes=\"(max-width: 1208px) 100vw, 1208px\" \/><\/p>\n<hr \/>\n<p>Bir zamanlar iddial\u0131 yap\u0131mlardan &#8216;Baba&#8217; ile izleyici kar\u015f\u0131s\u0131na \u00e7\u0131kan Taner Rumeli Haluk Bilginer ile baba-o\u011ful rol\u00fcnde olmas\u0131n\u0131n kendisine \u00e7ok \u015fansl\u0131 hissettirdi\u011fini s\u00f6yleyerek \u015fu ifadeleri kullanm\u0131\u015ft\u0131:<\/p>\n<p>&#8220;Haluk Bilginer \u00e7ok \u00f6zel bir insan ger\u00e7ekten. Harika bir oyun arkada\u015f\u0131, harika bir i\u015f arkada\u015f\u0131. Asl\u0131nda bu s\u00f6yledi\u011fimi, ekipteki t\u00fcm arkada\u015flar\u0131m i\u00e7in s\u00f6yleyebilirim. Ger\u00e7ekten hep beraber harika bir ekip olduk. Haluk Bilginer \u00f6nderli\u011finde ne\u015fe dolu, sevgi dolu bir setimiz var diyebilirim. Ayr\u0131ca Haluk abinin i\u015fine olan a\u015fk\u0131, mesleki disiplini de bir oyuncu olarak bana umut veriyor. Onun gibi bir insanla, ustayla b\u00f6yle bir ekibin i\u00e7inde \u00e7al\u0131\u015fmak b\u00fcy\u00fck \u015fans, harika bir deneyim.&#8221;<\/p>\n","protected":false},"excerpt":{"rendered":"<p>\u00dcnl\u00fc oyuncu Taner Rumeli Annem Ankara dizisindeki performans\u0131yla b\u00fcy\u00fck be\u011feni toplad\u0131. Deha&#8217;dan transfer olan \u00fcnl\u00fc isim izleyiciden tam not ald\u0131.<\/p>\n","protected":false},"author":5,"featured_media":146405,"comment_status":"closed","ping_status":"closed","sticky":false,"template":"","format":"standard","meta":{"rank_math_lock_modified_date":false,"footnotes":""},"categories":[602],"tags":[2459,2628,14089],"class_list":["post-146399","post","type-post","status-publish","format-standard","has-post-thumbnail","hentry","category-diziler","tag-annem-ankara","tag-dizi-haberleri","tag-taner-rumeli"],"_links":{"self":[{"href":"https:\/\/www.tgrthaber.com\/mavikadin\/wp-json\/wp\/v2\/posts\/146399"}],"collection":[{"href":"https:\/\/www.tgrthaber.com\/mavikadin\/wp-json\/wp\/v2\/posts"}],"about":[{"href":"https:\/\/www.tgrthaber.com\/mavikadin\/wp-json\/wp\/v2\/types\/post"}],"author":[{"embeddable":true,"href":"https:\/\/www.tgrthaber.com\/mavikadin\/wp-json\/wp\/v2\/users\/5"}],"replies":[{"embeddable":true,"href":"https:\/\/www.tgrthaber.com\/mavikadin\/wp-json\/wp\/v2\/comments?post=146399"}],"version-history":[{"count":2,"href":"https:\/\/www.tgrthaber.com\/mavikadin\/wp-json\/wp\/v2\/posts\/146399\/revisions"}],"predecessor-version":[{"id":146407,"href":"https:\/\/www.tgrthaber.com\/mavikadin\/wp-json\/wp\/v2\/posts\/146399\/revisions\/146407"}],"wp:featuredmedia":[{"embeddable":true,"href":"https:\/\/www.tgrthaber.com\/mavikadin\/wp-json\/wp\/v2\/media\/146405"}],"wp:attachment":[{"href":"https:\/\/www.tgrthaber.com\/mavikadin\/wp-json\/wp\/v2\/media?parent=146399"}],"wp:term":[{"taxonomy":"category","embeddable":true,"href":"https:\/\/www.tgrthaber.com\/mavikadin\/wp-json\/wp\/v2\/categories?post=146399"},{"taxonomy":"post_tag","embeddable":true,"href":"https:\/\/www.tgrthaber.com\/mavikadin\/wp-json\/wp\/v2\/tags?post=146399"}],"curies":[{"name":"wp","href":"https:\/\/api.w.org\/{rel}","templated":true}]}}