{"id":146484,"date":"2025-03-13T20:22:47","date_gmt":"2025-03-13T17:22:47","guid":{"rendered":"https:\/\/www.tgrthaber.com\/mavikadin\/?p=146484"},"modified":"2025-03-13T20:22:47","modified_gmt":"2025-03-13T17:22:47","slug":"sinasi-yurtsever-kimdir-hastaligi-neydi-neden-oldu-biyografisi-filmleri-ve-dizileri","status":"publish","type":"post","link":"https:\/\/www.tgrthaber.com\/mavikadin\/sinasi-yurtsever-kimdir-hastaligi-neydi-neden-oldu-biyografisi-filmleri-ve-dizileri\/","title":{"rendered":"\u015einasi Yurtsever kimdir, hastal\u0131\u011f\u0131 neydi, neden \u00f6ld\u00fc? Biyografisi, filmleri ve dizileri\u2026"},"content":{"rendered":"<p class=\"p1\">T\u00fcrk tiyatro ve sinema d\u00fcnyas\u0131n\u0131n sevilen isimlerinden \u015einasi Yurtsever, 51 ya\u015f\u0131nda hayat\u0131n\u0131 kaybetti. Bir s\u00fcredir hastal\u0131kla m\u00fccadele eden usta oyuncunun vefat\u0131, sanat camias\u0131nda b\u00fcy\u00fck \u00fcz\u00fcnt\u00fcye neden oldu. Kariyeri boyunca bir\u00e7ok projede yer alan Yurtsever, \u00f6zellikle komedi t\u00fcr\u00fcndeki ba\u015far\u0131l\u0131 performanslar\u0131yla tan\u0131n\u0131yordu. Peki \u015einasi Yurtsever&#8217;in hastal\u0131\u011f\u0131 neydi, neden \u00f6ld\u00fc? \u015einasi Yurtsever evli mi, \u00e7ocuklar\u0131 var m\u0131? \u0130\u015fte biyografisi, filmleri ve dizileri&#8230;<\/p>\n<h3 class=\"p1\"><b>\u015e\u0130NAS\u0130 YURTSEVER&#8217;\u0130N HASTALI\u011eI NEYD\u0130, NEDEN \u00d6LD\u00dc?\u00a0<\/b><b><\/b><\/h3>\n<p class=\"p1\">\u015einasi Yurtsever\u2019in vefat haberi, sanat d\u00fcnyas\u0131nda b\u00fcy\u00fck yank\u0131 uyand\u0131rd\u0131. Bir s\u00fcredir mide kanseri tedavisi g\u00f6ren Yurtsever&#8217;in ac\u0131 haberini, yak\u0131n dostu ve meslekta\u015f\u0131 Zafer Alg\u00f6z duyurdu. Alg\u00f6z, sosyal medya hesab\u0131ndan yapt\u0131\u011f\u0131 payla\u015f\u0131mda, \u201cYine ailemizden birini kaybettik\u2026 \u00c7ok \u00fczg\u00fcn\u00fcm\u2026 Ba\u015f\u0131m\u0131z sa\u011f olsun. Allah rahmet eylesin\u201d ifadelerini kulland\u0131.<\/p>\n<p><img loading=\"lazy\" decoding=\"async\" class=\"alignnone wp-image-146487 size-large\" src=\"https:\/\/www.tgrthaber.com\/mavikadin\/wp-content\/uploads\/Ekran-Resmi-2025-03-13-19.20.12-2-1024x595.png\" alt=\"\" width=\"1024\" height=\"595\" title=\"\" srcset=\"https:\/\/www.tgrthaber.com\/mavikadin\/wp-content\/uploads\/Ekran-Resmi-2025-03-13-19.20.12-2-1024x595.png 1024w, https:\/\/www.tgrthaber.com\/mavikadin\/wp-content\/uploads\/Ekran-Resmi-2025-03-13-19.20.12-2-300x174.png 300w, https:\/\/www.tgrthaber.com\/mavikadin\/wp-content\/uploads\/Ekran-Resmi-2025-03-13-19.20.12-2-768x446.png 768w, https:\/\/www.tgrthaber.com\/mavikadin\/wp-content\/uploads\/Ekran-Resmi-2025-03-13-19.20.12-2-1536x892.png 1536w, https:\/\/www.tgrthaber.com\/mavikadin\/wp-content\/uploads\/Ekran-Resmi-2025-03-13-19.20.12-2.png 1604w\" sizes=\"(max-width: 1024px) 100vw, 1024px\" \/><\/p>\n<hr \/>\n<h3>\u015e\u0130NAS\u0130 YURTSEVER EVL\u0130 M\u0130, \u00c7OCU\u011eU VAR MI?<\/h3>\n<p>\u00dcnl\u00fc oyuncu 2016 y\u0131l\u0131nda Ferihan Kaya ile hayat\u0131n\u0131 birle\u015ftirmi\u015ftir. 18 y\u0131ll\u0131k mutlu beraberliklerine devam eden \u00e7iftin \u00e7ocu\u011fu yoktu.<\/p>\n<h3 class=\"p1\"><b>\u015e\u0130NAS\u0130 YURTSEVER K\u0130MD\u0130R?\u00a0<\/b><b><\/b><\/h3>\n<p class=\"p1\">16 Temmuz 1973\u2019te Erzincan\u2019da do\u011fan \u015einasi Yurtsever, Dokuz Eyl\u00fcl \u00dcniversitesi Tiyatro Oyunculuk B\u00f6l\u00fcm\u00fc\u2019nden mezun oldu. Oyunculuk kariyerine 90\u2019l\u0131 y\u0131llarda ba\u015flayan Yurtsever, \u00f6zellikle televizyon dizileri ve komedi filmleriyle geni\u015f bir hayran kitlesi edindi. K\u00fc\u00e7\u00fck \u0130bo dizisindeki Sel\u00e7uk karakteriyle tan\u0131nan oyuncu, Y\u0131lan Hik\u00e2yesi, K\u0131nal\u0131 Kar, Avrupa Yakas\u0131 ve Yabanc\u0131 Damat gibi bir\u00e7ok pop\u00fcler yap\u0131mda rol ald\u0131.<\/p>\n<p><img loading=\"lazy\" decoding=\"async\" class=\"alignnone wp-image-146488 \" src=\"https:\/\/www.tgrthaber.com\/mavikadin\/wp-content\/uploads\/Ekran-Resmi-2025-03-13-19.54.33.png\" alt=\"\" width=\"994\" height=\"669\" title=\"\" srcset=\"https:\/\/www.tgrthaber.com\/mavikadin\/wp-content\/uploads\/Ekran-Resmi-2025-03-13-19.54.33.png 972w, https:\/\/www.tgrthaber.com\/mavikadin\/wp-content\/uploads\/Ekran-Resmi-2025-03-13-19.54.33-300x202.png 300w, https:\/\/www.tgrthaber.com\/mavikadin\/wp-content\/uploads\/Ekran-Resmi-2025-03-13-19.54.33-768x517.png 768w\" sizes=\"(max-width: 994px) 100vw, 994px\" \/><\/p>\n<hr \/>\n<p class=\"p1\">Yurtsever, sinema d\u00fcnyas\u0131nda da \u00f6nemli projelerde yer ald\u0131. 2003 yap\u0131m\u0131 Yaz\u0131 Tura filmindeki Basri rol\u00fcyle sinemaya ad\u0131m atan oyuncu, Hokkabaz, K\u00fc\u00e7\u00fck K\u0131yamet, \u00c7alg\u0131 \u00c7engi gibi filmlerde de performans sergiledi. Ancak en b\u00fcy\u00fck \u00e7\u0131k\u0131\u015f\u0131n\u0131, \u0130\u015fler G\u00fc\u00e7ler dizisinde oynad\u0131\u011f\u0131 yap\u0131mc\u0131 Hakk\u0131 karakteriyle yapt\u0131. Bu rol, izleyiciler taraf\u0131ndan b\u00fcy\u00fck be\u011feni toplad\u0131 ve Yurtsever\u2019in komedi projelerindeki ba\u015far\u0131s\u0131n\u0131 per\u00e7inledi. Son olarak \u0130nci Taneleri dizisinde Tahsin karakterini oynam\u0131\u015ft\u0131.<\/p>\n<h3 class=\"p1\"><b>VEFATINDAN \u00d6NCEK\u0130 SON PAYLA\u015eIMI D\u0130KKAT \u00c7EKT\u0130\u00a0<\/b><\/h3>\n<p class=\"p1\">\u015einasi Yurtsever, \u00f6l\u00fcm\u00fcnden 24 g\u00fcn \u00f6nce sosyal medya hesab\u0131ndan yapt\u0131\u011f\u0131 bir payla\u015f\u0131mda, oyuncu arkada\u015flar\u0131 Cengiz Bozkurt ve Engin G\u00fcnayd\u0131n ile birlikte \u00e7ekildi\u011fi bir foto\u011fraf\u0131 payla\u015farak, \u201cG\u00fczel dostluklar\u201d notunu eklemi\u015fti. Bu payla\u015f\u0131m, sevenleri taraf\u0131ndan duygusal yorumlarla kar\u015f\u0131land\u0131.<\/p>\n<p><img loading=\"lazy\" decoding=\"async\" class=\"alignnone wp-image-146489 \" src=\"https:\/\/www.tgrthaber.com\/mavikadin\/wp-content\/uploads\/Ekran-Resmi-2025-03-13-19.43.30-1.png\" alt=\"\" width=\"992\" height=\"629\" title=\"\" srcset=\"https:\/\/www.tgrthaber.com\/mavikadin\/wp-content\/uploads\/Ekran-Resmi-2025-03-13-19.43.30-1.png 874w, https:\/\/www.tgrthaber.com\/mavikadin\/wp-content\/uploads\/Ekran-Resmi-2025-03-13-19.43.30-1-300x190.png 300w, https:\/\/www.tgrthaber.com\/mavikadin\/wp-content\/uploads\/Ekran-Resmi-2025-03-13-19.43.30-1-768x487.png 768w\" sizes=\"(max-width: 992px) 100vw, 992px\" \/><\/p>\n<hr \/>\n<h3 class=\"p1\">\u015e\u0130NAS\u0130 YURTSEVER&#8217;\u0130N D\u0130Z\u0130LER\u0130 VE F\u0130LMLER\u0130 NELER?<\/h3>\n<p class=\"p1\">Efsane \u015eevket<\/p>\n<p class=\"p1\">2023 \u00dc\u00e7l\u00fc P\u00fcr\u00fcz<\/p>\n<p class=\"p1\">2022 Kendinden Ka\u00e7ak<\/p>\n<p class=\"p1\">2017 D\u00f6rt K\u00f6\u015fe Muzo<\/p>\n<p class=\"p1\">2016 Geni\u015f Aile 2: Her T\u00fcrl\u00fc Niko Pacaci<\/p>\n<p class=\"p1\">2015 D\u00fc\u011f\u00fcn Dernek 2: S\u00fcnnet Y\u0131lmaz<\/p>\n<p class=\"p1\">2014 Hadi \u0130n\u015fallah Kameraman Hasan<\/p>\n<p class=\"p1\">Olur Olur! Zihni Orkinos<\/p>\n<p class=\"p1\">2013 D\u00fc\u011f\u00fcn Dernek Y\u0131lmaz<\/p>\n<p class=\"p1\">2011 \u00c7alg\u0131 \u00c7engi Nakliyat\u00e7\u0131<\/p>\n<p class=\"p1\">2009 Vavien Seyfi<\/p>\n<p class=\"p1\">2006 K\u00fc\u00e7\u00fck K\u0131yamet<\/p>\n<p><img loading=\"lazy\" decoding=\"async\" class=\"alignnone wp-image-146490 \" src=\"https:\/\/www.tgrthaber.com\/mavikadin\/wp-content\/uploads\/Ekran-Resmi-2025-03-13-19.44.38-1.png\" alt=\"\" width=\"991\" height=\"582\" title=\"\" srcset=\"https:\/\/www.tgrthaber.com\/mavikadin\/wp-content\/uploads\/Ekran-Resmi-2025-03-13-19.44.38-1.png 926w, https:\/\/www.tgrthaber.com\/mavikadin\/wp-content\/uploads\/Ekran-Resmi-2025-03-13-19.44.38-1-300x176.png 300w, https:\/\/www.tgrthaber.com\/mavikadin\/wp-content\/uploads\/Ekran-Resmi-2025-03-13-19.44.38-1-768x451.png 768w\" sizes=\"(max-width: 991px) 100vw, 991px\" \/><\/p>\n<hr \/>\n<p class=\"p1\"><strong>Diziler<\/strong><\/p>\n<p class=\"p1\">Y\u0131l Yap\u0131m Rol<\/p>\n<p class=\"p1\">Yak\u0131nda Y\u00fczde \u0130ki Metin Demir<\/p>\n<p class=\"p1\">2024 \u0130nci Taneleri Tahsin<\/p>\n<p class=\"p1\">2023 Organizasyon Bizim \u0130\u015fimiz<\/p>\n<p class=\"p1\">2022 Gizli Sakl\u0131 Nam\u0131k<\/p>\n<p class=\"p1\">2020 Tutunamayanlar Hicabi<\/p>\n<p class=\"p1\">2019 Dengi Dengine Niyazi<\/p>\n<p class=\"p1\">2014 Karde\u015f Pay\u0131 Hilmi<\/p>\n<p>&nbsp;<\/p>\n","protected":false},"excerpt":{"rendered":"<p>T\u00fcrk sinema ve tiyatrosunun usta ismi \u015einasi Yurtsever, 51 ya\u015f\u0131nda hayata veda etti. Sanat d\u00fcnyas\u0131nda hat\u0131r\u0131 say\u0131l\u0131r izler b\u0131rakan ba\u015far\u0131l\u0131 oyuncu, komedi projeleriyle haf\u0131zalara kaz\u0131nd\u0131. Y\u0131llard\u0131r s\u00fcregelen kariyerinde pek \u00e7ok unutulmaz karaktere hayat veren Yurtsever\u2019in vefat\u0131 sevenlerini yasa bo\u011fdu. \u00dcnl\u00fc oyuncunun vefat\u0131n\u0131n ard\u0131ndan herkes \u015einasi Yurtsever kimdir, hastal\u0131\u011f\u0131 neydi? Neden \u00f6ld\u00fc? sorular\u0131n\u0131n cevab\u0131n\u0131 ara\u015ft\u0131r\u0131yor. \u0130\u015fte detaylar\u2026 <\/p>\n","protected":false},"author":16,"featured_media":146491,"comment_status":"closed","ping_status":"closed","sticky":false,"template":"","format":"standard","meta":{"rank_math_lock_modified_date":false,"footnotes":""},"categories":[491],"tags":[14110,14108,14105,14109],"class_list":["post-146484","post","type-post","status-publish","format-standard","has-post-thumbnail","hentry","category-biyografi","tag-sinas-yurtsever-hastaligi-neydi","tag-sinasi-yurtsever-kac-yasinda","tag-sinasi-yurtsever-kimdir","tag-sinasi-yurtsever-neden-oldu"],"_links":{"self":[{"href":"https:\/\/www.tgrthaber.com\/mavikadin\/wp-json\/wp\/v2\/posts\/146484"}],"collection":[{"href":"https:\/\/www.tgrthaber.com\/mavikadin\/wp-json\/wp\/v2\/posts"}],"about":[{"href":"https:\/\/www.tgrthaber.com\/mavikadin\/wp-json\/wp\/v2\/types\/post"}],"author":[{"embeddable":true,"href":"https:\/\/www.tgrthaber.com\/mavikadin\/wp-json\/wp\/v2\/users\/16"}],"replies":[{"embeddable":true,"href":"https:\/\/www.tgrthaber.com\/mavikadin\/wp-json\/wp\/v2\/comments?post=146484"}],"version-history":[{"count":1,"href":"https:\/\/www.tgrthaber.com\/mavikadin\/wp-json\/wp\/v2\/posts\/146484\/revisions"}],"predecessor-version":[{"id":146492,"href":"https:\/\/www.tgrthaber.com\/mavikadin\/wp-json\/wp\/v2\/posts\/146484\/revisions\/146492"}],"wp:featuredmedia":[{"embeddable":true,"href":"https:\/\/www.tgrthaber.com\/mavikadin\/wp-json\/wp\/v2\/media\/146491"}],"wp:attachment":[{"href":"https:\/\/www.tgrthaber.com\/mavikadin\/wp-json\/wp\/v2\/media?parent=146484"}],"wp:term":[{"taxonomy":"category","embeddable":true,"href":"https:\/\/www.tgrthaber.com\/mavikadin\/wp-json\/wp\/v2\/categories?post=146484"},{"taxonomy":"post_tag","embeddable":true,"href":"https:\/\/www.tgrthaber.com\/mavikadin\/wp-json\/wp\/v2\/tags?post=146484"}],"curies":[{"name":"wp","href":"https:\/\/api.w.org\/{rel}","templated":true}]}}