{"id":146877,"date":"2025-03-14T13:40:59","date_gmt":"2025-03-14T10:40:59","guid":{"rendered":"https:\/\/www.tgrthaber.com\/mavikadin\/?p=146877"},"modified":"2025-03-14T13:46:35","modified_gmt":"2025-03-14T10:46:35","slug":"ebru-gundes-murat-ozdemir-bosandi-mi-manidar-paylasim-kafalari-karistirdi","status":"publish","type":"post","link":"https:\/\/www.tgrthaber.com\/mavikadin\/ebru-gundes-murat-ozdemir-bosandi-mi-manidar-paylasim-kafalari-karistirdi\/","title":{"rendered":"Ebru G\u00fcnde\u015f Murat \u00d6zdemir bo\u015fand\u0131 m\u0131? Manidar payla\u015f\u0131m kafalar\u0131 kar\u0131\u015ft\u0131rd\u0131"},"content":{"rendered":"<p>Ebru G\u00fcnde\u015f sosyal medyada bo\u015fand\u0131\u011f\u0131 haberleriyle g\u00fcndem oldu. G\u00fcnde\u015f ve Murat \u00d6zdemir Dubai&#8217;de 27 \u015eubat 2024&#8217;te d\u00fcnya evine girmi\u015fti.<\/p>\n<h3>EBRU G\u00dcNDE\u015e MURAT \u00d6ZDEM\u0130R BO\u015eANDI MI?<\/h3>\n<p>Ebru G\u00fcnde\u015f Murat \u00d6zdemir bo\u015fand\u0131 m\u0131? merak ediliyor. Hen\u00fcz 1 y\u0131ll\u0131k evli olan \u00e7ift hakk\u0131nda zaman zaman ayr\u0131l\u0131k haberleri magazin g\u00fcndemine geliyor. Ancak bu kez Ebru G\u00fcnde\u015f&#8217;in e\u015fiyle olan foto\u011fraflar\u0131n\u0131 da kald\u0131rmas\u0131 iddialar\u0131 daha da g\u00fc\u00e7lendirdi.<\/p>\n<p><img loading=\"lazy\" decoding=\"async\" class=\"alignnone size-full wp-image-146878\" src=\"https:\/\/www.tgrthaber.com\/mavikadin\/wp-content\/uploads\/Ebru-Gundes-2-1.jpg\" alt=\"\" width=\"1208\" height=\"680\" title=\"\" srcset=\"https:\/\/www.tgrthaber.com\/mavikadin\/wp-content\/uploads\/Ebru-Gundes-2-1.jpg 1208w, https:\/\/www.tgrthaber.com\/mavikadin\/wp-content\/uploads\/Ebru-Gundes-2-1-300x169.jpg 300w, https:\/\/www.tgrthaber.com\/mavikadin\/wp-content\/uploads\/Ebru-Gundes-2-1-1024x576.jpg 1024w, https:\/\/www.tgrthaber.com\/mavikadin\/wp-content\/uploads\/Ebru-Gundes-2-1-768x432.jpg 768w\" sizes=\"(max-width: 1208px) 100vw, 1208px\" \/><\/p>\n<hr \/>\n<p>Dubai&#8217;de evlenen Ebru G\u00fcnde\u015f ve Murat \u00d6zdemir&#8217;in s\u0131k s\u0131k ayr\u0131laca\u011f\u0131 g\u00fcndeme geldi. Bo\u015fanma iddialar\u0131n\u0131n yine g\u00f6lgesinde \u00fcnl\u00fc \u015fark\u0131c\u0131 manidar bir payla\u015f\u0131mda bulundu.<\/p>\n<h3>GE\u00c7EN SENE EVLEND\u0130LER<\/h3>\n<p>\u00d6zel hayat\u0131n\u0131n yan\u0131 s\u0131ra sahne \u00fccretleriyle de g\u00fcndem olan G\u00fcnde\u015f kendisinden 12 ya\u015f k\u00fc\u00e7\u00fck Murat \u00d6zdemir&#8217;le ge\u00e7en sene d\u00fcnya evine girmi\u015fti.<\/p>\n<p>Dubai&#8217;de arkada\u015flar\u0131 ve aile aras\u0131nda t\u00f6ren yapan \u00e7ift g\u00f6zlerden uzak bir hayat ya\u015f\u0131yordu.<\/p>\n<p>Ebru G\u00fcnde\u015f e\u015fiyle Acun Il\u0131cal\u0131&#8217;n\u0131n d\u00fc\u011f\u00fcn\u00fcne ilk kez el ele g\u00f6r\u00fcnt\u00fclenmi\u015fti.<\/p>\n<p><img loading=\"lazy\" decoding=\"async\" class=\"alignnone size-full wp-image-146879\" src=\"https:\/\/www.tgrthaber.com\/mavikadin\/wp-content\/uploads\/Ebru-Gundes-4-1.jpg\" alt=\"\" width=\"1208\" height=\"680\" title=\"\" srcset=\"https:\/\/www.tgrthaber.com\/mavikadin\/wp-content\/uploads\/Ebru-Gundes-4-1.jpg 1208w, https:\/\/www.tgrthaber.com\/mavikadin\/wp-content\/uploads\/Ebru-Gundes-4-1-300x169.jpg 300w, https:\/\/www.tgrthaber.com\/mavikadin\/wp-content\/uploads\/Ebru-Gundes-4-1-1024x576.jpg 1024w, https:\/\/www.tgrthaber.com\/mavikadin\/wp-content\/uploads\/Ebru-Gundes-4-1-768x432.jpg 768w\" sizes=\"(max-width: 1208px) 100vw, 1208px\" \/><\/p>\n<hr \/>\n<h3>MUTLULUKLARINA G\u00d6LGE D\u00dc\u015eT\u00dc<\/h3>\n<p>Ge\u00e7ti\u011fimiz aylarda ayr\u0131l\u0131k karar\u0131 alan \u00e7iftten &#8216;mutluyuz&#8217; pozu gelmi\u015fti. Ancak zaman zaman ayr\u0131l\u0131k haberleri \u00e7\u0131kmaya devam etti. G\u00fcnde\u015f ve \u00d6zdemir ikilisi hakk\u0131nda ayr\u0131ld\u0131klar\u0131na dair haberler yeniden g\u00fcndeme geldi.<\/p>\n<p>G\u00fcnde\u015f Montaigne&#8217;in bir s\u00f6z\u00fcn\u00fc al\u0131nt\u0131layarak;<\/p>\n<p>&#8220;Herkesin g\u00f6z\u00fc d\u0131\u015far\u0131dad\u0131r, ben g\u00f6z\u00fcm\u00fc i\u00e7ime \u00e7evirir, i\u00e7imde gezdiririm. Herkes \u00f6n\u00fcne bakar, ben i\u00e7ime bakar\u0131m : Benim i\u015fim g\u00fcc\u00fcm kendimledir&#8221; ifadelerini kulland\u0131.<\/p>\n<h3><img loading=\"lazy\" decoding=\"async\" class=\"alignnone wp-image-125518\" src=\"https:\/\/www.tgrthaber.com\/mavikadin\/wp-content\/uploads\/ebru-gundes-o-ses.webp\" alt=\"\" width=\"1208\" height=\"680\" title=\"\" srcset=\"https:\/\/www.tgrthaber.com\/mavikadin\/wp-content\/uploads\/ebru-gundes-o-ses.webp 1200w, https:\/\/www.tgrthaber.com\/mavikadin\/wp-content\/uploads\/ebru-gundes-o-ses-300x169.webp 300w, https:\/\/www.tgrthaber.com\/mavikadin\/wp-content\/uploads\/ebru-gundes-o-ses-1024x576.webp 1024w, https:\/\/www.tgrthaber.com\/mavikadin\/wp-content\/uploads\/ebru-gundes-o-ses-768x432.webp 768w\" sizes=\"(max-width: 1208px) 100vw, 1208px\" \/><\/h3>\n<hr \/>\n<h3>MURAT \u00d6ZDEM\u0130R VE EBRU G\u00dcNDE\u015e NASIL EVLEND\u0130?<\/h3>\n<p>2021&#8217;de Reza Zarrab ile yollar\u0131n\u0131 ay\u0131ran \u00fcnl\u00fc \u015fark\u0131c\u0131 Ebru G\u00fcnde\u015f Murat \u00d6zdemir&#8217;le mutlu bir evlilik y\u00fcr\u00fct\u00fcyordu. Ancak \u00e7iftin evlilikleir hakk\u0131nda ne yaz\u0131k ki k\u00f6t\u00fc haberler gelmeye devam ediyor.<\/p>\n<p><img loading=\"lazy\" decoding=\"async\" class=\"alignnone size-full wp-image-146882\" src=\"https:\/\/www.tgrthaber.com\/mavikadin\/wp-content\/uploads\/Ebru-Gundes-3-1.jpg\" alt=\"\" width=\"1208\" height=\"680\" title=\"\" srcset=\"https:\/\/www.tgrthaber.com\/mavikadin\/wp-content\/uploads\/Ebru-Gundes-3-1.jpg 1208w, https:\/\/www.tgrthaber.com\/mavikadin\/wp-content\/uploads\/Ebru-Gundes-3-1-300x169.jpg 300w, https:\/\/www.tgrthaber.com\/mavikadin\/wp-content\/uploads\/Ebru-Gundes-3-1-1024x576.jpg 1024w, https:\/\/www.tgrthaber.com\/mavikadin\/wp-content\/uploads\/Ebru-Gundes-3-1-768x432.jpg 768w\" sizes=\"(max-width: 1208px) 100vw, 1208px\" \/><\/p>\n<hr \/>\n<p>Reza Zarrab ile olan evlili\u011finden bir k\u0131z\u0131 olan sanat\u00e7\u0131n\u0131n \u00d6zdemir ile nikah\u0131n\u0131 Dubai Ba\u015fkonsolosu Onur \u015eaylan k\u0131yd\u0131.<\/p>\n<p>Ebru G\u00fcnde\u015f&#8217;in \u015fahidi i\u015f insan\u0131 Faruk \u00d6zbek, Murat \u00d6zdemir&#8217;in \u015fahidi de Okan K\u00fcfeci oldu. G\u00fcnde\u015f bu evlili\u011fi ile 4. \u00d6zdemir ise 3. kez nikah masas\u0131na oturmu\u015f oldu.<\/p>\n","protected":false},"excerpt":{"rendered":"<p>Ebru G\u00fcnde\u015f Murat \u00d6zdemir bo\u015fand\u0131 m\u0131? merak konusu oldu. \u00dcnl\u00fc ismin yapt\u0131\u011f\u0131 son payla\u015f\u0131m\u0131 ve e\u015fiyle olan karelerini kald\u0131rmas\u0131 da iddialar\u0131 g\u00fc\u00e7lendirdi.<\/p>\n","protected":false},"author":5,"featured_media":146886,"comment_status":"closed","ping_status":"closed","sticky":false,"template":"","format":"standard","meta":{"rank_math_lock_modified_date":false,"footnotes":""},"categories":[76],"tags":[3084,3171],"class_list":["post-146877","post","type-post","status-publish","format-standard","has-post-thumbnail","hentry","category-magazin","tag-ebru-gundes","tag-murat-ozdemir"],"_links":{"self":[{"href":"https:\/\/www.tgrthaber.com\/mavikadin\/wp-json\/wp\/v2\/posts\/146877"}],"collection":[{"href":"https:\/\/www.tgrthaber.com\/mavikadin\/wp-json\/wp\/v2\/posts"}],"about":[{"href":"https:\/\/www.tgrthaber.com\/mavikadin\/wp-json\/wp\/v2\/types\/post"}],"author":[{"embeddable":true,"href":"https:\/\/www.tgrthaber.com\/mavikadin\/wp-json\/wp\/v2\/users\/5"}],"replies":[{"embeddable":true,"href":"https:\/\/www.tgrthaber.com\/mavikadin\/wp-json\/wp\/v2\/comments?post=146877"}],"version-history":[{"count":3,"href":"https:\/\/www.tgrthaber.com\/mavikadin\/wp-json\/wp\/v2\/posts\/146877\/revisions"}],"predecessor-version":[{"id":146898,"href":"https:\/\/www.tgrthaber.com\/mavikadin\/wp-json\/wp\/v2\/posts\/146877\/revisions\/146898"}],"wp:featuredmedia":[{"embeddable":true,"href":"https:\/\/www.tgrthaber.com\/mavikadin\/wp-json\/wp\/v2\/media\/146886"}],"wp:attachment":[{"href":"https:\/\/www.tgrthaber.com\/mavikadin\/wp-json\/wp\/v2\/media?parent=146877"}],"wp:term":[{"taxonomy":"category","embeddable":true,"href":"https:\/\/www.tgrthaber.com\/mavikadin\/wp-json\/wp\/v2\/categories?post=146877"},{"taxonomy":"post_tag","embeddable":true,"href":"https:\/\/www.tgrthaber.com\/mavikadin\/wp-json\/wp\/v2\/tags?post=146877"}],"curies":[{"name":"wp","href":"https:\/\/api.w.org\/{rel}","templated":true}]}}