{"id":147078,"date":"2025-03-14T19:33:53","date_gmt":"2025-03-14T16:33:53","guid":{"rendered":"https:\/\/www.tgrthaber.com\/mavikadin\/?p=147078"},"modified":"2025-03-14T19:36:41","modified_gmt":"2025-03-14T16:36:41","slug":"sabancilara-ozel-iftar-sonrasi-tatli-sunumu-gundem-oldu-nazli-sabanci-paylasti-yorum-yagdi","status":"publish","type":"post","link":"https:\/\/www.tgrthaber.com\/mavikadin\/sabancilara-ozel-iftar-sonrasi-tatli-sunumu-gundem-oldu-nazli-sabanci-paylasti-yorum-yagdi\/","title":{"rendered":"Sabanc\u0131lara \u00f6zel iftar sonras\u0131 tatl\u0131 sunumu g\u00fcndem oldu! Nazl\u0131 Sabanc\u0131 payla\u015ft\u0131, yorum ya\u011fd\u0131!"},"content":{"rendered":"<p class=\"p1\">T\u00fcrkiye\u2019nin en tan\u0131nm\u0131\u015f ailelerinden biri olan Sabanc\u0131 ailesi, son d\u00f6nemde hem magazin hem de sosyal medya g\u00fcndeminin merkezinde yer ald\u0131. Hac\u0131 Sabanc\u0131 hakk\u0131nda a\u00e7\u0131lan babal\u0131k davas\u0131, \u0130stanbul 16. Aile Mahkemesi\u2019nde sonu\u00e7lanm\u0131\u015f ve Adli T\u0131p raporuna g\u00f6re 4 ya\u015f\u0131ndaki Uzay\u2019\u0131n biyolojik babas\u0131n\u0131n Hac\u0131 Sabanc\u0131 oldu\u011fu kesinle\u015fmi\u015fti. Bu geli\u015fme sonras\u0131 g\u00f6zler Sabanc\u0131 ailesine \u00e7evrilirken, \u00f6zellikle Nazl\u0131 Sabanc\u0131\u2019n\u0131n tavr\u0131 merak konusu olmu\u015ftu. Daha \u00f6nce soyad\u0131n\u0131 sosyal medya hesab\u0131ndan kald\u0131rmas\u0131yla dikkat \u00e7eken Nazl\u0131 Sabanc\u0131, \u015fimdi ise bir arkada\u015f\u0131n\u0131n iftar sonras\u0131 yapt\u0131\u011f\u0131 tatl\u0131 sunumunu payla\u015farak g\u00fcndeme geldi. Payla\u015f\u0131m\u0131 k\u0131sa s\u00fcrede yo\u011fun ilgi g\u00f6ren Nazl\u0131 Sabanc\u0131&#8217;ya sosyal medyadan yorum ya\u011fd\u0131.<\/p>\n<h3 class=\"p1\">\u0130FTAR SONRASI TATLI SUNUMU PAYLA\u015eIMI G\u00dcNDEM OLDU<\/h3>\n<p class=\"p1\">F.D. taraf\u0131ndan a\u00e7\u0131lan babal\u0131k davas\u0131nda hukuki s\u00fcre\u00e7 tamamlan\u0131rken, Adli T\u0131p Kurumu\u2019nda ger\u00e7ekle\u015ftirilen DNA testi, k\u00fc\u00e7\u00fck Uzay\u2019\u0131n biyolojik babas\u0131n\u0131n Hac\u0131 Sabanc\u0131 oldu\u011funu ortaya koydu. Karar\u0131n kesinle\u015fmesiyle birlikte g\u00f6zler Sabanc\u0131 ailesine \u00e7evrildi. \u00d6zellikle Nazl\u0131 Sabanc\u0131\u2019n\u0131n bu geli\u015fmeler kar\u015f\u0131s\u0131nda nas\u0131l bir tutum sergileyece\u011fi merak edilirken, sosyal medyay\u0131 aktif olarak kullanan isimlerden biri olan Nazl\u0131 Sabanc\u0131, payla\u015f\u0131m\u0131yla dikkat \u00e7ekti.<\/p>\n<p><img loading=\"lazy\" decoding=\"async\" class=\"alignnone wp-image-147080 \" src=\"https:\/\/www.tgrthaber.com\/mavikadin\/wp-content\/uploads\/Ekran-Resmi-2025-03-14-19.24.06.png\" alt=\"\" width=\"991\" height=\"566\" title=\"\" srcset=\"https:\/\/www.tgrthaber.com\/mavikadin\/wp-content\/uploads\/Ekran-Resmi-2025-03-14-19.24.06.png 970w, https:\/\/www.tgrthaber.com\/mavikadin\/wp-content\/uploads\/Ekran-Resmi-2025-03-14-19.24.06-300x171.png 300w, https:\/\/www.tgrthaber.com\/mavikadin\/wp-content\/uploads\/Ekran-Resmi-2025-03-14-19.24.06-768x439.png 768w\" sizes=\"(max-width: 991px) 100vw, 991px\" \/><\/p>\n<hr \/>\n<p class=\"p1\">Nazl\u0131 Sabanc\u0131, bir arkada\u015f\u0131n\u0131n iftar sonras\u0131 haz\u0131rlad\u0131\u011f\u0131 tatl\u0131 sunumunu payla\u015ft\u0131. Ancak ayakkab\u0131 i\u00e7erisinde sunulan tatl\u0131, sosyal medyada b\u00fcy\u00fck tart\u0131\u015fmalara neden oldu. Baz\u0131 kullan\u0131c\u0131lar sunumu ele\u015ftirerek, \u201cAyakkab\u0131dan tatl\u0131 m\u0131 yenir?\u201d, \u201cBu kadar da olmaz, \u00e7ok mide buland\u0131r\u0131c\u0131\u201d, \u201cBence hi\u00e7 \u015f\u0131k de\u011fil, aksine itici\u201d gibi yorumlar yapt\u0131. \u00d6te yandan, baz\u0131 takip\u00e7iler sunumu ilgin\u00e7 ve yenilik\u00e7i bularak \u201cEnteresan bir fikir, farkl\u0131 sunumlar her zaman ilgi \u00e7eker\u201d, \u201cBence gayet \u015f\u0131k ve \u00f6zg\u00fcn\u201d, \u201c\u00d6zenli bir sunum olmu\u015f, farkl\u0131l\u0131k her zaman g\u00fczeldir\u201d \u015feklinde yorumlar yapt\u0131.<\/p>\n<p><img loading=\"lazy\" decoding=\"async\" class=\"alignnone wp-image-147081 \" src=\"https:\/\/www.tgrthaber.com\/mavikadin\/wp-content\/uploads\/Ekran-Resmi-2025-03-14-19.23.21-1-674x1024.png\" alt=\"\" width=\"990\" height=\"1504\" title=\"\" srcset=\"https:\/\/www.tgrthaber.com\/mavikadin\/wp-content\/uploads\/Ekran-Resmi-2025-03-14-19.23.21-1-674x1024.png 674w, https:\/\/www.tgrthaber.com\/mavikadin\/wp-content\/uploads\/Ekran-Resmi-2025-03-14-19.23.21-1-197x300.png 197w, https:\/\/www.tgrthaber.com\/mavikadin\/wp-content\/uploads\/Ekran-Resmi-2025-03-14-19.23.21-1-768x1167.png 768w, https:\/\/www.tgrthaber.com\/mavikadin\/wp-content\/uploads\/Ekran-Resmi-2025-03-14-19.23.21-1.png 912w\" sizes=\"(max-width: 990px) 100vw, 990px\" \/><\/p>\n<hr \/>\n<h3>NAZLI SABANCI K\u0130MD\u0130R?<\/h3>\n<p class=\"p1\">Zeynep Nazl\u0131 Sabanc\u0131, 29 ya\u015f\u0131nda olup Bursa k\u00f6kenli bir ailenin k\u0131z\u0131d\u0131r. \u00c7ocukluk y\u0131llar\u0131n\u0131 Bursa\u2019da ge\u00e7iren Sabanc\u0131, lise e\u011fitimi i\u00e7in \u0130stanbul\u2019a ta\u015f\u0131nd\u0131 ve burada e\u011fitim hayat\u0131na devam etti. Ko\u00e7 Lisesi\u2019nden mezun olduktan sonra Londra\u2019daki University of Westminster\u2019da hukuk e\u011fitimi ald\u0131.<\/p>\n<p><img loading=\"lazy\" decoding=\"async\" class=\"alignnone wp-image-147082 \" src=\"https:\/\/www.tgrthaber.com\/mavikadin\/wp-content\/uploads\/Ekran-Resmi-2025-03-14-19.26.09.png\" alt=\"\" width=\"987\" height=\"665\" title=\"\" srcset=\"https:\/\/www.tgrthaber.com\/mavikadin\/wp-content\/uploads\/Ekran-Resmi-2025-03-14-19.26.09.png 876w, https:\/\/www.tgrthaber.com\/mavikadin\/wp-content\/uploads\/Ekran-Resmi-2025-03-14-19.26.09-300x202.png 300w, https:\/\/www.tgrthaber.com\/mavikadin\/wp-content\/uploads\/Ekran-Resmi-2025-03-14-19.26.09-768x517.png 768w\" sizes=\"(max-width: 987px) 100vw, 987px\" \/><\/p>\n<hr \/>\n<p class=\"p1\">Daha sonra \u0130stanbul Modern\u2019de sanat tarihi \u00fczerine dersler ald\u0131. Nazl\u0131 Sabanc\u0131, i\u015f insan\u0131 Hac\u0131 Sabanc\u0131 ile<span class=\"Apple-converted-space\">\u00a0 <\/span>2020 y\u0131l\u0131n\u0131n Kas\u0131m ay\u0131nda ni\u015fanland\u0131 ve \u00e7ift, 3 Eyl\u00fcl\u2019de \u00c7\u0131ra\u011fan Saray\u0131\u2019nda ger\u00e7ekle\u015fen g\u00f6rkemli bir d\u00fc\u011f\u00fcnle evlendi. \u00c7iftin bir k\u0131z \u00e7ocuklar\u0131 bulunuyor.<\/p>\n","protected":false},"excerpt":{"rendered":"<p>Sabanc\u0131 ailesi, son d\u00f6nemde magazin g\u00fcndeminin odak noktas\u0131 oldu. Hac\u0131 Sabanc\u0131 hakk\u0131nda a\u00e7\u0131lan babal\u0131k davas\u0131 sonu\u00e7lan\u0131rken, Adli T\u0131p raporu k\u00fc\u00e7\u00fck Uzay\u2019\u0131n biyolojik babas\u0131n\u0131n Hac\u0131 Sabanc\u0131 oldu\u011funu do\u011frulad\u0131. Nazl\u0131 Sabanc\u0131\u2019n\u0131n bu geli\u015fmeye nas\u0131l tepki verece\u011fi merak konusu olurken, onun son sosyal medya payla\u015f\u0131m\u0131 g\u00fcndem oldu. Bir arkada\u015f\u0131n\u0131n \u0130ftar sonras\u0131 tatl\u0131 sunumunu payla\u015fan Nazl\u0131 Sabanc\u0131\u2019n\u0131n foto\u011fraf\u0131na yorum ya\u011fd\u0131. <\/p>\n","protected":false},"author":16,"featured_media":147083,"comment_status":"closed","ping_status":"closed","sticky":false,"template":"","format":"standard","meta":{"rank_math_lock_modified_date":false,"footnotes":""},"categories":[76],"tags":[14243,14244,14245],"class_list":["post-147078","post","type-post","status-publish","format-standard","has-post-thumbnail","hentry","category-magazin","tag-nazli-sabanci-iftar-sonrasi-tatli-sunumu","tag-nazli-sabanci-kimdir","tag-nazli-sabanci-tatli-sunumu"],"_links":{"self":[{"href":"https:\/\/www.tgrthaber.com\/mavikadin\/wp-json\/wp\/v2\/posts\/147078"}],"collection":[{"href":"https:\/\/www.tgrthaber.com\/mavikadin\/wp-json\/wp\/v2\/posts"}],"about":[{"href":"https:\/\/www.tgrthaber.com\/mavikadin\/wp-json\/wp\/v2\/types\/post"}],"author":[{"embeddable":true,"href":"https:\/\/www.tgrthaber.com\/mavikadin\/wp-json\/wp\/v2\/users\/16"}],"replies":[{"embeddable":true,"href":"https:\/\/www.tgrthaber.com\/mavikadin\/wp-json\/wp\/v2\/comments?post=147078"}],"version-history":[{"count":3,"href":"https:\/\/www.tgrthaber.com\/mavikadin\/wp-json\/wp\/v2\/posts\/147078\/revisions"}],"predecessor-version":[{"id":147086,"href":"https:\/\/www.tgrthaber.com\/mavikadin\/wp-json\/wp\/v2\/posts\/147078\/revisions\/147086"}],"wp:featuredmedia":[{"embeddable":true,"href":"https:\/\/www.tgrthaber.com\/mavikadin\/wp-json\/wp\/v2\/media\/147083"}],"wp:attachment":[{"href":"https:\/\/www.tgrthaber.com\/mavikadin\/wp-json\/wp\/v2\/media?parent=147078"}],"wp:term":[{"taxonomy":"category","embeddable":true,"href":"https:\/\/www.tgrthaber.com\/mavikadin\/wp-json\/wp\/v2\/categories?post=147078"},{"taxonomy":"post_tag","embeddable":true,"href":"https:\/\/www.tgrthaber.com\/mavikadin\/wp-json\/wp\/v2\/tags?post=147078"}],"curies":[{"name":"wp","href":"https:\/\/api.w.org\/{rel}","templated":true}]}}