{"id":147111,"date":"2025-03-14T21:05:23","date_gmt":"2025-03-14T18:05:23","guid":{"rendered":"https:\/\/www.tgrthaber.com\/mavikadin\/?p=147111"},"modified":"2025-03-14T21:05:24","modified_gmt":"2025-03-14T18:05:24","slug":"cocuklar-duymasinin-duygusu-aysecan-tatariden-bosanma-aciklamasi-aile-olmak-baki-sevgililik-bitebiliyor","status":"publish","type":"post","link":"https:\/\/www.tgrthaber.com\/mavikadin\/cocuklar-duymasinin-duygusu-aysecan-tatariden-bosanma-aciklamasi-aile-olmak-baki-sevgililik-bitebiliyor\/","title":{"rendered":"\u00c7ocuklar Duymas\u0131n\u2019\u0131n Duygu\u2019su Ay\u015fecan Tatari\u2019den bo\u015fanma a\u00e7\u0131klamas\u0131: Aile olmak baki, sevgililik bitebiliyor"},"content":{"rendered":"<p>\u00c7ocuklar Duymas\u0131n dizisinde Duygu karakteri ile hayatlar\u0131m\u0131za giren\u00a0 Ay\u015fecan Tatari\u2019den e\u015fi Edip Tepeli ile bo\u015fanma iddialar\u0131na ili\u015fkin yeni bir payla\u015f\u0131m geldi. M\u00fcjgan isminde k\u0131zlar\u0131 olan \u00e7iftin art\u0131k anla\u015famad\u0131klar\u0131 ve bu sebeple evlerini ay\u0131rd\u0131klar\u0131 iddia edildi. Magazin d\u00fcnyas\u0131na bomba gibi d\u00fc\u015fen bu ayr\u0131l\u0131k s\u00f6ylentilerinin ard\u0131ndan g\u00fczel oyuncu Ay\u015fecan Tatari, do\u011fum g\u00fcn\u00fc kutlamas\u0131n\u0131 yapt\u0131\u011f\u0131 payla\u015f\u0131m ile konuya a\u00e7\u0131kl\u0131k getirdi.<\/p>\n<h3>AY\u015eECAN TATAR\u0130\u2019DEN BO\u015eANMAYA DA\u0130R \u0130LK A\u00c7IKLAMA<\/h3>\n<p>Sefirin K\u0131z\u0131 ve Destan\u2019daki rol\u00fcyle ad\u0131ndan s\u0131k\u00e7a s\u00f6z ettiren Edip Tepeli ile \u00c7ocuklar Duymas\u0131n\u2019daki Duygu karakteri ile haf\u0131zalarda yer edinen Ay\u015fecan Tatari 2017\u2019de New York\u2019ta evlenerek a\u015fklar\u0131n\u0131 bir ad\u0131m daha ileri ta\u015f\u0131m\u0131\u015ft\u0131.<\/p>\n<p><img loading=\"lazy\" decoding=\"async\" class=\"alignnone wp-image-147116\" src=\"https:\/\/www.tgrthaber.com\/mavikadin\/wp-content\/uploads\/edip-tepel-300x169.webp\" alt=\"\" width=\"1280\" height=\"720\" title=\"\" srcset=\"https:\/\/www.tgrthaber.com\/mavikadin\/wp-content\/uploads\/edip-tepel-300x169.webp 300w, https:\/\/www.tgrthaber.com\/mavikadin\/wp-content\/uploads\/edip-tepel-1024x576.webp 1024w, https:\/\/www.tgrthaber.com\/mavikadin\/wp-content\/uploads\/edip-tepel-768x432.webp 768w, https:\/\/www.tgrthaber.com\/mavikadin\/wp-content\/uploads\/edip-tepel.webp 1280w\" sizes=\"(max-width: 1280px) 100vw, 1280px\" \/><\/p>\n<hr \/>\n<p>\u0130ki oyuncunun 2020 y\u0131l\u0131nda ise k\u0131zlar\u0131 M\u00fcjgan d\u00fcnyaya geldi. 10 y\u0131ld\u0131r beraber olan Ay\u015fecan Tatari ve Edi\u011f Tepeli&#8217;nin a\u015fklar\u0131 hayranlar\u0131 taraf\u0131ndan da \u00e7ok be\u011feniliyordu.\u00a0 Ge\u00e7ti\u011fimiz g\u00fcnlerde Ay\u015fecan Tatari&#8217;nin annesi Aliye Uzunata\u011fan,\u201cA\u015f\u0131k olarak evlendiler ve hala birbirlerine \u00e7ok a\u015f\u0131klar.\u201d\u00a0 \u015feklinde a\u00e7\u0131klama yapm\u0131\u015ft\u0131.<\/p>\n<p><img loading=\"lazy\" decoding=\"async\" class=\"alignnone wp-image-147114\" src=\"https:\/\/www.tgrthaber.com\/mavikadin\/wp-content\/uploads\/aysecan-tatari-annesi-ile-300x300.webp\" alt=\"\" width=\"1280\" height=\"1280\" title=\"\" srcset=\"https:\/\/www.tgrthaber.com\/mavikadin\/wp-content\/uploads\/aysecan-tatari-annesi-ile-300x300.webp 300w, https:\/\/www.tgrthaber.com\/mavikadin\/wp-content\/uploads\/aysecan-tatari-annesi-ile-150x150.webp 150w, https:\/\/www.tgrthaber.com\/mavikadin\/wp-content\/uploads\/aysecan-tatari-annesi-ile.webp 400w\" sizes=\"(max-width: 1280px) 100vw, 1280px\" \/><\/p>\n<hr \/>\n<p>Konuya ili\u015fkin ilk payla\u015f\u0131m ise Ay\u015fecan Tatari&#8217;den geldi. Instagram hesab\u0131 \u00fczerinden do\u011fum g\u00fcn\u00fc payla\u015f\u0131m\u0131 yapan Tatari, bo\u015fanma iddialar\u0131na \u015fu \u015fekilde cevap vermi\u015f oldu:<\/p>\n<p>&#8220;Aile olmak baki.<\/p>\n<p>Sevgililik ise bitebiliyor.<\/p>\n<p>M\u00fcjgan\u2019a da dedi\u011fim gibi neden bilmiyorum ama oluyor bazen i\u015fte.<\/p>\n<p>Baz\u0131 \u015feyler de\u011fi\u015fiyor ama esas \u00f6nemli baz\u0131 di\u011fer \u015feyler ise sonsuz.<\/p>\n<p>Ve geriye kalan her \u015fey de lezzetli, anne-baba olmak, ortak olmak, arkada\u015f olmak. Aile olmak.<\/p>\n<p>\u0130yi ki do\u011fdum.<\/p>\n<p>\u0130yi ki aileyiz.\u201d<\/p>\n<p><img loading=\"lazy\" decoding=\"async\" class=\"alignnone wp-image-147113\" src=\"https:\/\/www.tgrthaber.com\/mavikadin\/wp-content\/uploads\/aysecan-tatari-239x300.jpg\" alt=\"\" width=\"1280\" height=\"1607\" title=\"\" srcset=\"https:\/\/www.tgrthaber.com\/mavikadin\/wp-content\/uploads\/aysecan-tatari-239x300.jpg 239w, https:\/\/www.tgrthaber.com\/mavikadin\/wp-content\/uploads\/aysecan-tatari.jpg 388w\" sizes=\"(max-width: 1280px) 100vw, 1280px\" \/><\/p>\n<hr \/>\n<h3>AY\u015eECAN TATAR\u0130 K\u0130MD\u0130R?<\/h3>\n<p>\u00c7ocuklar Duymas\u0131n isimli diziyle tan\u0131nan Ay\u015fecan Tatari, 14 Mart 1989 tarihinde \u0130stanbul&#8217;da d\u00fcnyaya geldi. Annesi \u00fcnl\u00fc oyuncu Aliye Uzunata\u011fan&#8217;d\u0131r.<\/p>\n<p><img loading=\"lazy\" decoding=\"async\" class=\"alignnone wp-image-147112\" src=\"https:\/\/www.tgrthaber.com\/mavikadin\/wp-content\/uploads\/aysecan-tatari-1-274x300.jpg\" alt=\"\" width=\"1280\" height=\"1403\" title=\"\" srcset=\"https:\/\/www.tgrthaber.com\/mavikadin\/wp-content\/uploads\/aysecan-tatari-1-274x300.jpg 274w, https:\/\/www.tgrthaber.com\/mavikadin\/wp-content\/uploads\/aysecan-tatari-1.jpg 468w\" sizes=\"(max-width: 1280px) 100vw, 1280px\" \/><\/p>\n<hr \/>\n<p>\u0130stanbul \u0130talyan Lisesinde e\u011fitim alan Tatari, oyunculuk e\u011fitimi almak i\u00e7in ABD&#8217;deki Stella Adler Studio of Acting okulana gitmi\u015ftir. K\u00fc\u00e7\u00fck ya\u015flarda oyunculuk kariyerine ad\u0131m atan isim, 4 sezon boyunca \u00c7ocuklar Duymas\u0131n dizisinde Duygu rol\u00fcnde yer alm\u0131\u015ft\u0131r.<\/p>\n<p>&nbsp;<\/p>\n<p>&nbsp;<\/p>\n","protected":false},"excerpt":{"rendered":"<p>Ay\u015fecan Tatari, Instagram hesab\u0131ndan yapt\u0131\u011f\u0131 payla\u015f\u0131mla Edip Tepeli ile bo\u015fanma iddialar\u0131na a\u00e7\u0131kl\u0131k getirdi. \u0130\u015fte Ay\u015fecan Tatari&#8217;nin o payla\u015f\u0131m\u0131&#8230;<\/p>\n","protected":false},"author":33,"featured_media":147124,"comment_status":"closed","ping_status":"closed","sticky":false,"template":"","format":"standard","meta":{"rank_math_lock_modified_date":false,"footnotes":""},"categories":[76],"tags":[14251,13277],"class_list":["post-147111","post","type-post","status-publish","format-standard","has-post-thumbnail","hentry","category-magazin","tag-aysecan-tatari-bosanma","tag-aysecan-tatari-edip-tepeli"],"_links":{"self":[{"href":"https:\/\/www.tgrthaber.com\/mavikadin\/wp-json\/wp\/v2\/posts\/147111"}],"collection":[{"href":"https:\/\/www.tgrthaber.com\/mavikadin\/wp-json\/wp\/v2\/posts"}],"about":[{"href":"https:\/\/www.tgrthaber.com\/mavikadin\/wp-json\/wp\/v2\/types\/post"}],"author":[{"embeddable":true,"href":"https:\/\/www.tgrthaber.com\/mavikadin\/wp-json\/wp\/v2\/users\/33"}],"replies":[{"embeddable":true,"href":"https:\/\/www.tgrthaber.com\/mavikadin\/wp-json\/wp\/v2\/comments?post=147111"}],"version-history":[{"count":1,"href":"https:\/\/www.tgrthaber.com\/mavikadin\/wp-json\/wp\/v2\/posts\/147111\/revisions"}],"predecessor-version":[{"id":147125,"href":"https:\/\/www.tgrthaber.com\/mavikadin\/wp-json\/wp\/v2\/posts\/147111\/revisions\/147125"}],"wp:featuredmedia":[{"embeddable":true,"href":"https:\/\/www.tgrthaber.com\/mavikadin\/wp-json\/wp\/v2\/media\/147124"}],"wp:attachment":[{"href":"https:\/\/www.tgrthaber.com\/mavikadin\/wp-json\/wp\/v2\/media?parent=147111"}],"wp:term":[{"taxonomy":"category","embeddable":true,"href":"https:\/\/www.tgrthaber.com\/mavikadin\/wp-json\/wp\/v2\/categories?post=147111"},{"taxonomy":"post_tag","embeddable":true,"href":"https:\/\/www.tgrthaber.com\/mavikadin\/wp-json\/wp\/v2\/tags?post=147111"}],"curies":[{"name":"wp","href":"https:\/\/api.w.org\/{rel}","templated":true}]}}