{"id":147263,"date":"2025-03-15T01:18:02","date_gmt":"2025-03-14T22:18:02","guid":{"rendered":"https:\/\/www.tgrthaber.com\/mavikadin\/?p=147263"},"modified":"2025-03-15T01:18:02","modified_gmt":"2025-03-14T22:18:02","slug":"annelik-molasi-bitti-eda-ece-yeteneksizsiniz-turkiyenin-yeni-juri-uyesi-oldu","status":"publish","type":"post","link":"https:\/\/www.tgrthaber.com\/mavikadin\/annelik-molasi-bitti-eda-ece-yeteneksizsiniz-turkiyenin-yeni-juri-uyesi-oldu\/","title":{"rendered":"Annelik molas\u0131 bitti! Eda Ece, Yeteneksizsiniz T\u00fcrkiye\u2019nin yeni j\u00fcri \u00fcyesi oldu!"},"content":{"rendered":"<p class=\"p1\">Yeteneksizsiniz T\u00fcrkiye, y\u0131llar sonra b\u00fcy\u00fck bir geri d\u00f6n\u00fc\u015f yapmaya haz\u0131rlan\u0131yor! Acun Il\u0131cal\u0131\u2019n\u0131n ba\u015far\u0131yla sundu\u011fu format, bu kez O3 Medya taraf\u0131ndan \u00fcretilecek. Program, s\u0131rad\u0131\u015f\u0131 bir yenili\u011fe imza atarak televizyon ile dijital platformlar\u0131n ortak yay\u0131n\u0131yla izleyicilere sunulacak. Bu, d\u00fcnya \u00e7ap\u0131nda bir ilk olarak tarihe ge\u00e7ecek. Yeteneksizsiniz T\u00fcrkiye, hem televizyon ekranlar\u0131nda hem de dijital platformlarda ayn\u0131 anda yay\u0131nlanacak, b\u00f6ylece daha geni\u015f bir izleyici kitlesine ula\u015facak. Program\u0131n ilk j\u00fcri \u00fcyesi de belli oldu. Anne olduktan sonra ekranlara bir s\u00fcre ara veren g\u00fczel oyuncu Eda Ece, Yeteneksizsiniz T\u00fcrkiye&#8217;de yeni j\u00fcri \u00fcyesi oldu.<\/p>\n<h3 class=\"p1\"><b>EDA ECE YETENEKS\u0130ZS\u0130N\u0130Z T\u00dcRK\u0130YE&#8217;DE YEN\u0130 J\u00dcR\u0130 \u00dcYES\u0130 OLDU\u00a0<\/b><b><\/b><\/h3>\n<p class=\"p1\">Ba\u015far\u0131l\u0131 oyuncu Eda Ece, annelik izni sonras\u0131 ekranlara d\u00f6n\u00fc\u015f yap\u0131yor. Birsen Altunta\u015f&#8217;\u0131n haberine g\u00f6re, ge\u00e7ti\u011fimiz d\u00f6nemde setlerden bir s\u00fcre uzak kalan Eda Ece, Yeteneksizsiniz T\u00fcrkiye\u2019nin j\u00fcri koltu\u011funda olacak. Eda Ece\u2019nin kat\u0131l\u0131m\u0131, izleyiciler i\u00e7in b\u00fcy\u00fck bir heyecan kayna\u011f\u0131 \u00e7\u00fcnk\u00fc onun g\u00fc\u00e7l\u00fc ve samimi duru\u015funun, yar\u0131\u015fmay\u0131 \u00e7ok daha keyifli hale getirece\u011fi d\u00fc\u015f\u00fcn\u00fcl\u00fcyor. Hem NOW hem de Disney Plus platformlar\u0131nda yay\u0131nlanacak olan program, Eda Ece\u2019nin kariyerinde de yeni bir soluk getirecek.<\/p>\n<p><img loading=\"lazy\" decoding=\"async\" class=\"alignnone wp-image-147265 \" src=\"https:\/\/www.tgrthaber.com\/mavikadin\/wp-content\/uploads\/Ekran-Resmi-2025-03-15-01.13.44.png\" alt=\"\" width=\"987\" height=\"589\" title=\"\" srcset=\"https:\/\/www.tgrthaber.com\/mavikadin\/wp-content\/uploads\/Ekran-Resmi-2025-03-15-01.13.44.png 948w, https:\/\/www.tgrthaber.com\/mavikadin\/wp-content\/uploads\/Ekran-Resmi-2025-03-15-01.13.44-300x179.png 300w, https:\/\/www.tgrthaber.com\/mavikadin\/wp-content\/uploads\/Ekran-Resmi-2025-03-15-01.13.44-768x459.png 768w\" sizes=\"(max-width: 987px) 100vw, 987px\" \/><\/p>\n<hr \/>\n<h3 class=\"p1\"><b>D\u0130\u011eER J\u00dcR\u0130 \u00dcYELER\u0130 \u0130\u00c7\u0130N G\u00d6R\u00dc\u015eMELER DEVAM ED\u0130YOR\u00a0<\/b><\/h3>\n<p class=\"p1\">Yeteneksizsiniz T\u00fcrkiye\u2019nin j\u00fcri \u00fcyeleri ve sunucusu i\u00e7in g\u00f6r\u00fc\u015fmeler h\u0131zla devam ediyor. Yar\u0131\u015fman\u0131n di\u011fer j\u00fcri \u00fcyeleri hen\u00fcz a\u00e7\u0131klanmasa da, yar\u0131\u015fman\u0131n format\u0131 ve heyecan\u0131yla b\u00fcy\u00fck bir ilgi uyand\u0131rmas\u0131 bekleniyor. Ayr\u0131ca sunucu koltu\u011fu i\u00e7in de \u0130brahim Selim\u2019in ad\u0131 ge\u00e7iyor ve kendisine teklif g\u00f6t\u00fcr\u00fcld\u00fc\u011f\u00fc s\u00f6yleniyor. Yeteneksizsiniz T\u00fcrkiye\u2019nin bu yaz ekranlara gelmesi planlan\u0131yor.<\/p>\n<p><img loading=\"lazy\" decoding=\"async\" class=\"alignnone wp-image-147266 size-full\" src=\"https:\/\/www.tgrthaber.com\/mavikadin\/wp-content\/uploads\/Ekran-Resmi-2025-03-15-01.13.49.png\" alt=\"\" width=\"984\" height=\"552\" title=\"\" srcset=\"https:\/\/www.tgrthaber.com\/mavikadin\/wp-content\/uploads\/Ekran-Resmi-2025-03-15-01.13.49.png 984w, https:\/\/www.tgrthaber.com\/mavikadin\/wp-content\/uploads\/Ekran-Resmi-2025-03-15-01.13.49-300x168.png 300w, https:\/\/www.tgrthaber.com\/mavikadin\/wp-content\/uploads\/Ekran-Resmi-2025-03-15-01.13.49-768x431.png 768w\" sizes=\"(max-width: 984px) 100vw, 984px\" \/><\/p>\n<hr \/>\n<h3>EDA ECE K\u0130MD\u0130R?<\/h3>\n<p class=\"p1\">Eda Ece, 20 Haziran 1990 tarihinde \u0130stanbul\u2019da do\u011fdu. Tam ad\u0131 Eda Ece Uzunalio\u011flu olan ba\u015far\u0131l\u0131 oyuncu, e\u011fitim hayat\u0131n\u0131 \u015ei\u015fli Terakki Lisesi\u2019nde tamamlad\u0131. Ard\u0131ndan \u0130stanbul Bilgi \u00dcniversitesi Psikoloji b\u00f6l\u00fcm\u00fcn\u00fc bitiren Ece, lisans e\u011fitimini tamamlad\u0131ktan sonra Sanat Tarihi \u00fczerine de dersler ald\u0131 ve bir sanat galerisinde \u00e7al\u0131\u015fma f\u0131rsat\u0131 buldu.<\/p>\n<p><img loading=\"lazy\" decoding=\"async\" class=\"alignnone wp-image-147267 \" src=\"https:\/\/www.tgrthaber.com\/mavikadin\/wp-content\/uploads\/Ekran-Resmi-2025-03-15-01.13.39.png\" alt=\"\" width=\"986\" height=\"552\" title=\"\" srcset=\"https:\/\/www.tgrthaber.com\/mavikadin\/wp-content\/uploads\/Ekran-Resmi-2025-03-15-01.13.39.png 950w, https:\/\/www.tgrthaber.com\/mavikadin\/wp-content\/uploads\/Ekran-Resmi-2025-03-15-01.13.39-300x168.png 300w, https:\/\/www.tgrthaber.com\/mavikadin\/wp-content\/uploads\/Ekran-Resmi-2025-03-15-01.13.39-768x430.png 768w\" sizes=\"(max-width: 986px) 100vw, 986px\" \/><\/p>\n<hr \/>\n<p class=\"p1\">Gen\u00e7 ya\u015flardan itibaren tiyatro ile ilgilenmeye ba\u015flayan Eda Ece, okul y\u0131llar\u0131nda tiyatro kul\u00fcb\u00fcne kat\u0131larak sahneye \u00e7\u0131kmaya ba\u015flad\u0131. Sahneye koyduklar\u0131 bir oyunu izlemeye gelen menajer T\u00fcmay \u00d6zokur taraf\u0131ndan ke\u015ffedilen Ece, bu ke\u015fif sayesinde televizyon d\u00fcnyas\u0131na ad\u0131m atm\u0131\u015f oldu.<\/p>\n","protected":false},"excerpt":{"rendered":"<p>Yeteneksizsiniz T\u00fcrkiye, y\u0131llar sonra b\u00fcy\u00fck bir geri d\u00f6n\u00fc\u015f yaparak izleyicileriyle bulu\u015fmaya haz\u0131rlan\u0131yor. Acun Il\u0131cal\u0131\u2019n\u0131n ba\u015far\u0131yla sundu\u011fu bu format, \u015fimdi O3 Medya taraf\u0131ndan yeniden \u00fcretilecek. Program\u0131n ilk j\u00fcri \u00fcyesi ise belli oldu. Bir s\u00fcredir anelik molas\u0131 y\u00fcz\u00fcnden ekranlara veda eden Eda Ece, Yeteneksizsiniz T\u00fcrkiye\u2019de j\u00fcri olacak. <\/p>\n","protected":false},"author":16,"featured_media":147273,"comment_status":"closed","ping_status":"closed","sticky":false,"template":"","format":"standard","meta":{"rank_math_lock_modified_date":false,"footnotes":""},"categories":[101],"tags":[14291,14289,14290],"class_list":["post-147263","post","type-post","status-publish","format-standard","has-post-thumbnail","hentry","category-kesfet","tag-eda-ece-kimdir","tag-yeteneksizsiniz-turkiye-eda-ece-juri","tag-yeteneksizsiniz-turkiye-jurisi-eda-ece"],"_links":{"self":[{"href":"https:\/\/www.tgrthaber.com\/mavikadin\/wp-json\/wp\/v2\/posts\/147263"}],"collection":[{"href":"https:\/\/www.tgrthaber.com\/mavikadin\/wp-json\/wp\/v2\/posts"}],"about":[{"href":"https:\/\/www.tgrthaber.com\/mavikadin\/wp-json\/wp\/v2\/types\/post"}],"author":[{"embeddable":true,"href":"https:\/\/www.tgrthaber.com\/mavikadin\/wp-json\/wp\/v2\/users\/16"}],"replies":[{"embeddable":true,"href":"https:\/\/www.tgrthaber.com\/mavikadin\/wp-json\/wp\/v2\/comments?post=147263"}],"version-history":[{"count":1,"href":"https:\/\/www.tgrthaber.com\/mavikadin\/wp-json\/wp\/v2\/posts\/147263\/revisions"}],"predecessor-version":[{"id":147276,"href":"https:\/\/www.tgrthaber.com\/mavikadin\/wp-json\/wp\/v2\/posts\/147263\/revisions\/147276"}],"wp:featuredmedia":[{"embeddable":true,"href":"https:\/\/www.tgrthaber.com\/mavikadin\/wp-json\/wp\/v2\/media\/147273"}],"wp:attachment":[{"href":"https:\/\/www.tgrthaber.com\/mavikadin\/wp-json\/wp\/v2\/media?parent=147263"}],"wp:term":[{"taxonomy":"category","embeddable":true,"href":"https:\/\/www.tgrthaber.com\/mavikadin\/wp-json\/wp\/v2\/categories?post=147263"},{"taxonomy":"post_tag","embeddable":true,"href":"https:\/\/www.tgrthaber.com\/mavikadin\/wp-json\/wp\/v2\/tags?post=147263"}],"curies":[{"name":"wp","href":"https:\/\/api.w.org\/{rel}","templated":true}]}}