{"id":147381,"date":"2025-03-15T11:42:33","date_gmt":"2025-03-15T08:42:33","guid":{"rendered":"https:\/\/www.tgrthaber.com\/mavikadin\/?p=147381"},"modified":"2025-03-15T11:53:21","modified_gmt":"2025-03-15T08:53:21","slug":"ahmet-kural-sinasi-yurtseverin-cenazesinde-goz-yaslarini-tutamadi","status":"publish","type":"post","link":"https:\/\/www.tgrthaber.com\/mavikadin\/ahmet-kural-sinasi-yurtseverin-cenazesinde-goz-yaslarini-tutamadi\/","title":{"rendered":"Ahmet Kural \u015einasi Yurtsever&#8217;in cenazesinde g\u00f6z ya\u015flar\u0131n\u0131 tutamad\u0131! Konu\u015fmakta g\u00fc\u00e7l\u00fck \u00e7ekti"},"content":{"rendered":"<p>\u00dcnl\u00fc sanat\u00e7\u0131 \u015einasi Yurtsever mide kanseri y\u00fcz\u00fcnden aniden vefat edince yak\u0131n \u00e7evresi ve ailesi ba\u015fta olmak \u00fczere herkesi b\u00fcy\u00fck bir \u00fcz\u00fcnt\u00fcye bo\u011fdu. Bug\u00fcn anma t\u00f6reninde yak\u0131n arkada\u015flar\u0131ndan Ahmet Kural da onu anarken konu\u015fmakta g\u00fc\u00e7l\u00fck \u00e7ekti ve g\u00f6z ya\u015flar\u0131n\u0131 tutamad\u0131.<\/p>\n<h3>AHMET KURAL G\u00d6Z YA\u015eLARINA HAK\u0130M OLAMADI<\/h3>\n<p>&#8216;D\u00fc\u011f\u00fcn Dernek&#8217;, &#8216;\u00c7alg\u0131 \u00c7engi&#8217;, &#8216;Karde\u015f Pay\u0131&#8217; ve &#8216;\u0130\u015fler G\u00fc\u00e7ler&#8217; gibi ses getirmi\u015f \u00f6nemli projelerde \u015einasi Yurtsever ile beraber oynayan\u00a0 oyuncu Ahmet Kural yak\u0131n arkada\u015f\u0131n\u0131n anma t\u00f6reninde g\u00f6z ya\u015flar\u0131na hakim olamad\u0131.<\/p>\n<div style=\"width: 640px;\" class=\"wp-video\"><!--[if lt IE 9]><script>document.createElement('video');<\/script><![endif]-->\n<video class=\"wp-video-shortcode\" id=\"video-147381-1\" width=\"640\" height=\"1138\" preload=\"metadata\" controls=\"controls\"><source type=\"video\/mp4\" src=\"https:\/\/www.tgrthaber.com\/mavikadin\/wp-content\/uploads\/WhatsApp-Video-2025-03-15-at-11.24.10.mp4?_=1\" \/><a href=\"https:\/\/www.tgrthaber.com\/mavikadin\/wp-content\/uploads\/WhatsApp-Video-2025-03-15-at-11.24.10.mp4\">https:\/\/www.tgrthaber.com\/mavikadin\/wp-content\/uploads\/WhatsApp-Video-2025-03-15-at-11.24.10.mp4<\/a><\/video><\/div>\n<hr \/>\n<p>Murat Cemcir ve Ahmet Kural, &#8216;Karde\u015f Pay\u0131&#8217;, &#8216;D\u00fc\u011f\u00fcn Dernek&#8217;, &#8216;\u00c7alg\u0131 \u00c7engi&#8217; ve &#8216;\u0130\u015fler G\u00fc\u00e7ler&#8217; gibi projelerde \u015einasi Yurt Sever ile birlikte rol alm\u0131\u015ft\u0131.<\/p>\n<p>Arkada\u015flar\u0131 Yurtsever&#8217;i sosyal medya payla\u015f\u0131mlar\u0131yla and\u0131.<\/p>\n<p><img loading=\"lazy\" decoding=\"async\" class=\"alignnone size-full wp-image-147390\" src=\"https:\/\/www.tgrthaber.com\/mavikadin\/wp-content\/uploads\/Sinasi-Yurtsever-Ahmet-Kural-Murat-Cemcir.jpg\" alt=\"\" width=\"1208\" height=\"680\" title=\"\" srcset=\"https:\/\/www.tgrthaber.com\/mavikadin\/wp-content\/uploads\/Sinasi-Yurtsever-Ahmet-Kural-Murat-Cemcir.jpg 1208w, https:\/\/www.tgrthaber.com\/mavikadin\/wp-content\/uploads\/Sinasi-Yurtsever-Ahmet-Kural-Murat-Cemcir-300x169.jpg 300w, https:\/\/www.tgrthaber.com\/mavikadin\/wp-content\/uploads\/Sinasi-Yurtsever-Ahmet-Kural-Murat-Cemcir-1024x576.jpg 1024w, https:\/\/www.tgrthaber.com\/mavikadin\/wp-content\/uploads\/Sinasi-Yurtsever-Ahmet-Kural-Murat-Cemcir-768x432.jpg 768w\" sizes=\"(max-width: 1208px) 100vw, 1208px\" \/><\/p>\n<hr \/>\n<h3>&#8220;S\u00d6Z YOK&#8230; CANIM \u015e\u0130NO&#8217;M&#8221;<\/h3>\n<p><strong>Ahmet Kural<\/strong>, k\u0131sa ve i\u00e7ten bir mesajla, &#8220;S\u00f6z yok&#8230; Can\u0131m \u015eino&#8217;m&#8221; ifadelerini kullanarak \u00fcz\u00fcnt\u00fcs\u00fcn\u00fc payla\u015ft\u0131.<\/p>\n<p><img loading=\"lazy\" decoding=\"async\" class=\"alignnone size-full wp-image-147382\" src=\"https:\/\/www.tgrthaber.com\/mavikadin\/wp-content\/uploads\/4-48.jpg\" alt=\"\" width=\"1208\" height=\"680\" title=\"\" srcset=\"https:\/\/www.tgrthaber.com\/mavikadin\/wp-content\/uploads\/4-48.jpg 1208w, https:\/\/www.tgrthaber.com\/mavikadin\/wp-content\/uploads\/4-48-300x169.jpg 300w, https:\/\/www.tgrthaber.com\/mavikadin\/wp-content\/uploads\/4-48-1024x576.jpg 1024w, https:\/\/www.tgrthaber.com\/mavikadin\/wp-content\/uploads\/4-48-768x432.jpg 768w\" sizes=\"(max-width: 1208px) 100vw, 1208px\" \/><\/p>\n<hr \/>\n<h3>&#8220;HEP\u0130MIZ\u0130N Y\u00dcZ\u00dcN\u00dc AYDINLATAN \u015eAHANE \u0130NSAN&#8221;<\/h3>\n<p><strong>Murat Cemcir<\/strong> ise duygusal bir veda mesaj\u0131 yay\u0131mlayarak \u015funlar\u0131 s\u00f6yledi; &#8220;Can\u0131m arkada\u015f\u0131m, b\u00fcy\u00fck komedyen, tertemiz kalbiyle hepimizin y\u00fcz\u00fcn\u00fc ayd\u0131nlatan \u015fahane insan, g\u00f6nl\u00fcm\u00fcz\u00fcn ne\u015fesi \u015einasi Yurtsever hayata g\u00f6zlerini yumdu. Kelimeler kifayetsiz&#8230; Sevgili dostumun de\u011ferli e\u015fi, k\u0131ymetli annesi ve arkada\u015flar\u0131 ba\u015fta olmak \u00fczere onu seven herkesin ba\u015f\u0131 sa\u011f olsun. Allah hepimize sab\u0131r versin. Can\u0131m karde\u015fimin mek\u00e2n\u0131 cennet olsun. O bizi g\u00fcld\u00fcrd\u00fc, yeni hayat\u0131nda Allah da onu g\u00fcld\u00fcrs\u00fcn&#8221;<\/p>\n<p><img loading=\"lazy\" decoding=\"async\" class=\"alignnone size-full wp-image-147384\" src=\"https:\/\/www.tgrthaber.com\/mavikadin\/wp-content\/uploads\/1-88.jpg\" alt=\"\" width=\"1208\" height=\"680\" title=\"\" srcset=\"https:\/\/www.tgrthaber.com\/mavikadin\/wp-content\/uploads\/1-88.jpg 1208w, https:\/\/www.tgrthaber.com\/mavikadin\/wp-content\/uploads\/1-88-300x169.jpg 300w, https:\/\/www.tgrthaber.com\/mavikadin\/wp-content\/uploads\/1-88-1024x576.jpg 1024w, https:\/\/www.tgrthaber.com\/mavikadin\/wp-content\/uploads\/1-88-768x432.jpg 768w\" sizes=\"(max-width: 1208px) 100vw, 1208px\" \/><\/p>\n","protected":false},"excerpt":{"rendered":"<p>Ani vefat\u0131yla herkesi derinden \u00fczen \u015einasi Yurtsever&#8217;in anma t\u00f6reninde yak\u0131n arkada\u015flar\u0131ndan Ahmet Kural k\u00fcrs\u00fcde konu\u015fma yapt\u0131\u011f\u0131 s\u0131rada g\u00f6z ya\u015flar\u0131n\u0131 tutamad\u0131. Kural, herkesin ba\u015f\u0131 sa\u011f olsun dedi.<\/p>\n","protected":false},"author":5,"featured_media":147385,"comment_status":"closed","ping_status":"closed","sticky":false,"template":"","format":"standard","meta":{"rank_math_lock_modified_date":false,"footnotes":""},"categories":[76],"tags":[4543,14111],"class_list":["post-147381","post","type-post","status-publish","format-standard","has-post-thumbnail","hentry","category-magazin","tag-ahmet-kural","tag-sinasi-yurtsever"],"_links":{"self":[{"href":"https:\/\/www.tgrthaber.com\/mavikadin\/wp-json\/wp\/v2\/posts\/147381"}],"collection":[{"href":"https:\/\/www.tgrthaber.com\/mavikadin\/wp-json\/wp\/v2\/posts"}],"about":[{"href":"https:\/\/www.tgrthaber.com\/mavikadin\/wp-json\/wp\/v2\/types\/post"}],"author":[{"embeddable":true,"href":"https:\/\/www.tgrthaber.com\/mavikadin\/wp-json\/wp\/v2\/users\/5"}],"replies":[{"embeddable":true,"href":"https:\/\/www.tgrthaber.com\/mavikadin\/wp-json\/wp\/v2\/comments?post=147381"}],"version-history":[{"count":5,"href":"https:\/\/www.tgrthaber.com\/mavikadin\/wp-json\/wp\/v2\/posts\/147381\/revisions"}],"predecessor-version":[{"id":147391,"href":"https:\/\/www.tgrthaber.com\/mavikadin\/wp-json\/wp\/v2\/posts\/147381\/revisions\/147391"}],"wp:featuredmedia":[{"embeddable":true,"href":"https:\/\/www.tgrthaber.com\/mavikadin\/wp-json\/wp\/v2\/media\/147385"}],"wp:attachment":[{"href":"https:\/\/www.tgrthaber.com\/mavikadin\/wp-json\/wp\/v2\/media?parent=147381"}],"wp:term":[{"taxonomy":"category","embeddable":true,"href":"https:\/\/www.tgrthaber.com\/mavikadin\/wp-json\/wp\/v2\/categories?post=147381"},{"taxonomy":"post_tag","embeddable":true,"href":"https:\/\/www.tgrthaber.com\/mavikadin\/wp-json\/wp\/v2\/tags?post=147381"}],"curies":[{"name":"wp","href":"https:\/\/api.w.org\/{rel}","templated":true}]}}