{"id":147400,"date":"2025-03-15T12:31:08","date_gmt":"2025-03-15T09:31:08","guid":{"rendered":"https:\/\/www.tgrthaber.com\/mavikadin\/?p=147400"},"modified":"2025-03-15T12:38:09","modified_gmt":"2025-03-15T09:38:09","slug":"sinasi-yurtseverin-esi-ferihan-yurtsever-goz-yaslari-icinde-esine-veda-etti","status":"publish","type":"post","link":"https:\/\/www.tgrthaber.com\/mavikadin\/sinasi-yurtseverin-esi-ferihan-yurtsever-goz-yaslari-icinde-esine-veda-etti\/","title":{"rendered":"\u015einasi Yurtsever&#8217;in e\u015fi Ferihan Yurtsever g\u00f6z ya\u015flar\u0131 i\u00e7inde e\u015fine veda etti!"},"content":{"rendered":"<p>\u015einasi Yurtsever&#8217;in e\u015fi Ferihan Yurtsever e\u015fine son vedas\u0131n\u0131 ederken g\u00f6z ya\u015flar\u0131na hakim olamad\u0131. 51 ya\u015f\u0131nda mide kanseri nedeniyle hayat\u0131n\u0131 kaybeden \u00fcnl\u00fc sanat\u00e7\u0131 bug\u00fcn g\u00f6z ya\u015flar\u0131 i\u00e7inde son yolculu\u011funa u\u011furlan\u0131yor.<\/p>\n<h3>FER\u0130HAN YURTSEVER G\u00d6Z YA\u015eLARI \u0130\u00c7\u0130NDE E\u015e\u0130NE VEDA ETT\u0130!<\/h3>\n<p>Ferihan Yurtsever, e\u015fi \u015einasi Yurtsever&#8217;e g\u00f6z ya\u015flar\u0131 i\u00e7inde veda etti. \u0130\u015fler G\u00fc\u00e7ler, Karde\u015f Pay\u0131 ve D\u00fc\u011f\u00fcn Dernek gibi projelerle g\u00f6n\u00fcllere taht kuran \u00fcnl\u00fc isim bug\u00fcn son yolculu\u011funa u\u011furlan\u0131yor.<\/p>\n<p>2016 y\u0131l\u0131nda Ferihan Kaya ile hayat\u0131n\u0131 birle\u015ftiren Yurtsever, 51 ya\u015f\u0131nda ani \u00f6l\u00fcm\u00fcyle geride ac\u0131l\u0131 ailesini b\u0131rakt\u0131.<\/p>\n<div style=\"width: 640px;\" class=\"wp-video\"><!--[if lt IE 9]><script>document.createElement('video');<\/script><![endif]-->\n<video class=\"wp-video-shortcode\" id=\"video-147400-1\" width=\"640\" height=\"1138\" preload=\"metadata\" controls=\"controls\"><source type=\"video\/mp4\" src=\"https:\/\/www.tgrthaber.com\/mavikadin\/wp-content\/uploads\/Ferihan-Yurtsever.mp4?_=1\" \/><a href=\"https:\/\/www.tgrthaber.com\/mavikadin\/wp-content\/uploads\/Ferihan-Yurtsever.mp4\">https:\/\/www.tgrthaber.com\/mavikadin\/wp-content\/uploads\/Ferihan-Yurtsever.mp4<\/a><\/video><\/div>\n<hr \/>\n<h3>YAKIN ZAMANDA E\u015e\u0130NE SEVG\u0130S\u0130N\u0130 PAYLA\u015eMI\u015eTI<\/h3>\n<p>\u015einasi Yurtsever&#8217;in e\u015fine olan sevgisi sosyal medyada takdir toplam\u0131\u015ft\u0131. Yurtsever, duygusal bir payla\u015f\u0131mda bulunmu\u015ftu.<\/p>\n<p><img loading=\"lazy\" decoding=\"async\" class=\"alignnone size-full wp-image-147401\" src=\"https:\/\/www.tgrthaber.com\/mavikadin\/wp-content\/uploads\/Ferihan-Sinasi-Yurtsever-4.jpg\" alt=\"\" width=\"1208\" height=\"680\" title=\"\" srcset=\"https:\/\/www.tgrthaber.com\/mavikadin\/wp-content\/uploads\/Ferihan-Sinasi-Yurtsever-4.jpg 1208w, https:\/\/www.tgrthaber.com\/mavikadin\/wp-content\/uploads\/Ferihan-Sinasi-Yurtsever-4-300x169.jpg 300w, https:\/\/www.tgrthaber.com\/mavikadin\/wp-content\/uploads\/Ferihan-Sinasi-Yurtsever-4-1024x576.jpg 1024w, https:\/\/www.tgrthaber.com\/mavikadin\/wp-content\/uploads\/Ferihan-Sinasi-Yurtsever-4-768x432.jpg 768w\" sizes=\"(max-width: 1208px) 100vw, 1208px\" \/><\/p>\n<h3>&#8220;ONSUZ B\u0130R HAYAT D\u00dc\u015e\u00dcNEM\u0130YORUM&#8221;<\/h3>\n<p>\u015einasi Yurtsever \u015fu \u015fekilde bir payla\u015f\u0131m yapm\u0131\u015ft\u0131:<\/p>\n<p>&#8220;Sevgilim, arkada\u015f\u0131m, dostum, biricik e\u015fimle 18 y\u0131l\u0131 doldurduk. Onsuz bir hayat\u0131 d\u00fc\u015f\u00fcnemiyorum. Nice y\u0131llar\u0131m\u0131z olsun sevgili kar\u0131m. Allah seni ba\u015f\u0131mdan eksik etmesin. Ba\u015f tac\u0131m&#8221;<\/p>\n<p><img loading=\"lazy\" decoding=\"async\" class=\"alignnone size-full wp-image-147403\" src=\"https:\/\/www.tgrthaber.com\/mavikadin\/wp-content\/uploads\/Ferihan-Sinasi-Yurtsever-1.jpg\" alt=\"\" width=\"1208\" height=\"680\" title=\"\" srcset=\"https:\/\/www.tgrthaber.com\/mavikadin\/wp-content\/uploads\/Ferihan-Sinasi-Yurtsever-1.jpg 1208w, https:\/\/www.tgrthaber.com\/mavikadin\/wp-content\/uploads\/Ferihan-Sinasi-Yurtsever-1-300x169.jpg 300w, https:\/\/www.tgrthaber.com\/mavikadin\/wp-content\/uploads\/Ferihan-Sinasi-Yurtsever-1-1024x576.jpg 1024w, https:\/\/www.tgrthaber.com\/mavikadin\/wp-content\/uploads\/Ferihan-Sinasi-Yurtsever-1-768x432.jpg 768w\" sizes=\"(max-width: 1208px) 100vw, 1208px\" \/><\/p>\n","protected":false},"excerpt":{"rendered":"<p>\u015einasi Yurtsever&#8217;in e\u015fi Ferihan Yurtsever g\u00f6z ya\u015flar\u0131 i\u00e7inde e\u015fine veda etti. Hen\u00fcz 51 ya\u015f\u0131ndayken mide kanseri nedeniyle hayata g\u00f6zlerini yuman \u015einasi Yurtsever bug\u00fcn son yolculu\u011funa u\u011furlan\u0131yor.<\/p>\n","protected":false},"author":5,"featured_media":147404,"comment_status":"closed","ping_status":"closed","sticky":false,"template":"","format":"standard","meta":{"rank_math_lock_modified_date":false,"footnotes":""},"categories":[76],"tags":[14188,14111],"class_list":["post-147400","post","type-post","status-publish","format-standard","has-post-thumbnail","hentry","category-magazin","tag-ferihan-yurtsever","tag-sinasi-yurtsever"],"_links":{"self":[{"href":"https:\/\/www.tgrthaber.com\/mavikadin\/wp-json\/wp\/v2\/posts\/147400"}],"collection":[{"href":"https:\/\/www.tgrthaber.com\/mavikadin\/wp-json\/wp\/v2\/posts"}],"about":[{"href":"https:\/\/www.tgrthaber.com\/mavikadin\/wp-json\/wp\/v2\/types\/post"}],"author":[{"embeddable":true,"href":"https:\/\/www.tgrthaber.com\/mavikadin\/wp-json\/wp\/v2\/users\/5"}],"replies":[{"embeddable":true,"href":"https:\/\/www.tgrthaber.com\/mavikadin\/wp-json\/wp\/v2\/comments?post=147400"}],"version-history":[{"count":4,"href":"https:\/\/www.tgrthaber.com\/mavikadin\/wp-json\/wp\/v2\/posts\/147400\/revisions"}],"predecessor-version":[{"id":147408,"href":"https:\/\/www.tgrthaber.com\/mavikadin\/wp-json\/wp\/v2\/posts\/147400\/revisions\/147408"}],"wp:featuredmedia":[{"embeddable":true,"href":"https:\/\/www.tgrthaber.com\/mavikadin\/wp-json\/wp\/v2\/media\/147404"}],"wp:attachment":[{"href":"https:\/\/www.tgrthaber.com\/mavikadin\/wp-json\/wp\/v2\/media?parent=147400"}],"wp:term":[{"taxonomy":"category","embeddable":true,"href":"https:\/\/www.tgrthaber.com\/mavikadin\/wp-json\/wp\/v2\/categories?post=147400"},{"taxonomy":"post_tag","embeddable":true,"href":"https:\/\/www.tgrthaber.com\/mavikadin\/wp-json\/wp\/v2\/tags?post=147400"}],"curies":[{"name":"wp","href":"https:\/\/api.w.org\/{rel}","templated":true}]}}