{"id":147421,"date":"2025-03-15T13:16:53","date_gmt":"2025-03-15T10:16:53","guid":{"rendered":"https:\/\/www.tgrthaber.com\/mavikadin\/?p=147421"},"modified":"2025-03-15T13:28:48","modified_gmt":"2025-03-15T10:28:48","slug":"ozgur-cevik-arkadasi-sinasi-yurtseveri-son-yolculuguna-ugurladi-yabanci-damat-dizisinde-birlikte-oynadilar","status":"publish","type":"post","link":"https:\/\/www.tgrthaber.com\/mavikadin\/ozgur-cevik-arkadasi-sinasi-yurtseveri-son-yolculuguna-ugurladi-yabanci-damat-dizisinde-birlikte-oynadilar\/","title":{"rendered":"\u00d6zg\u00fcr \u00c7evik arkada\u015f\u0131 \u015einasi Yurtsever&#8217;i son yolculu\u011funa u\u011furlad\u0131! Yabanc\u0131 Damat dizisinde birlikte oynad\u0131lar"},"content":{"rendered":"<p>\u015einasi Yurtsever ile Yabanc\u0131 Damat dizisinde beraber oynayan \u00d6zg\u00fcr \u00c7evik \u00fcnl\u00fc ismi son yolculu\u011funda da yaln\u0131z b\u0131rakmad\u0131.<\/p>\n<h3>\u00d6ZG\u00dcR \u00c7EV\u0130K VEDALA\u015eACA\u011eIMIZI B\u0130LM\u0130YORDUM<\/h3>\n<p>\u015einasi Yurtsever&#8217;in anma t\u00f6renine kat\u0131lan \u00d6zg\u00fcr \u00c7evik <strong>Mavi Kad\u0131n \u0130\u00e7erik Edit\u00f6r\u00fc Dilara Tekin<\/strong>&#8216;e konu\u015ftu. \u00c7evik, \u015funlar\u0131 s\u00f6yledi:<\/p>\n<p>\u00dczg\u00fcn\u00fcz, \u015foktay\u0131z. Ben hastanede g\u00f6rd\u00fcm, \u015fansl\u0131y\u0131m o y\u00fczden. Vedala\u015faca\u011f\u0131m\u0131z\u0131 bilmiyordum. Kurtar\u0131lamad\u0131. \u00dczg\u00fcn\u00fcz, \u00f6zleyece\u011fiz onu&#8221; dedi.<\/p>\n<div style=\"width: 640px;\" class=\"wp-video\"><!--[if lt IE 9]><script>document.createElement('video');<\/script><![endif]-->\n<video class=\"wp-video-shortcode\" id=\"video-147421-1\" width=\"640\" height=\"1138\" preload=\"metadata\" controls=\"controls\"><source type=\"video\/mp4\" src=\"https:\/\/www.tgrthaber.com\/mavikadin\/wp-content\/uploads\/Ozgur-Cevik-Sinasi-Yurtsever-1.mp4?_=1\" \/><a href=\"https:\/\/www.tgrthaber.com\/mavikadin\/wp-content\/uploads\/Ozgur-Cevik-Sinasi-Yurtsever-1.mp4\">https:\/\/www.tgrthaber.com\/mavikadin\/wp-content\/uploads\/Ozgur-Cevik-Sinasi-Yurtsever-1.mp4<\/a><\/video><\/div>\n<hr \/>\n<p>Yabanc\u0131 Damat\u2019\u0131n Hamit Usta rol\u00fcyle haf\u0131zlara kaz\u0131nan \u00fcnl\u00fc sanat\u00e7\u0131 \u0130\u015fler G\u00fc\u00e7ler, Karde\u015f Pay\u0131 ve D\u00fc\u011f\u00fcn Dernek gibi projelerle de dikkat \u00e7ekmi\u015fti.<\/p>\n<p><img loading=\"lazy\" decoding=\"async\" class=\"alignnone size-full wp-image-147423\" src=\"https:\/\/www.tgrthaber.com\/mavikadin\/wp-content\/uploads\/Ozgur-Cevik-Sinasi-Yurtsever-4.jpg\" alt=\"\" width=\"1208\" height=\"680\" title=\"\" srcset=\"https:\/\/www.tgrthaber.com\/mavikadin\/wp-content\/uploads\/Ozgur-Cevik-Sinasi-Yurtsever-4.jpg 1208w, https:\/\/www.tgrthaber.com\/mavikadin\/wp-content\/uploads\/Ozgur-Cevik-Sinasi-Yurtsever-4-300x169.jpg 300w, https:\/\/www.tgrthaber.com\/mavikadin\/wp-content\/uploads\/Ozgur-Cevik-Sinasi-Yurtsever-4-1024x576.jpg 1024w, https:\/\/www.tgrthaber.com\/mavikadin\/wp-content\/uploads\/Ozgur-Cevik-Sinasi-Yurtsever-4-768x432.jpg 768w\" sizes=\"(max-width: 1208px) 100vw, 1208px\" \/><\/p>\n<hr \/>\n<p>Mide kanseri y\u00fcz\u00fcnden 51 ya\u015f\u0131nda hayat\u0131n\u0131 kaybeden \u00fcnl\u00fc ismin cenaze namaz\u0131 Barbaros Hayrettin Pa\u015fa Camii\u2019nde k\u0131l\u0131nacak.<\/p>\n<p><img loading=\"lazy\" decoding=\"async\" class=\"alignnone size-full wp-image-147426\" src=\"https:\/\/www.tgrthaber.com\/mavikadin\/wp-content\/uploads\/Ozgur-Cevik-Sinasi-Yurtsever-2.jpg\" alt=\"\" width=\"1208\" height=\"680\" title=\"\" srcset=\"https:\/\/www.tgrthaber.com\/mavikadin\/wp-content\/uploads\/Ozgur-Cevik-Sinasi-Yurtsever-2.jpg 1208w, https:\/\/www.tgrthaber.com\/mavikadin\/wp-content\/uploads\/Ozgur-Cevik-Sinasi-Yurtsever-2-300x169.jpg 300w, https:\/\/www.tgrthaber.com\/mavikadin\/wp-content\/uploads\/Ozgur-Cevik-Sinasi-Yurtsever-2-1024x576.jpg 1024w, https:\/\/www.tgrthaber.com\/mavikadin\/wp-content\/uploads\/Ozgur-Cevik-Sinasi-Yurtsever-2-768x432.jpg 768w\" sizes=\"(max-width: 1208px) 100vw, 1208px\" \/><\/p>\n<hr \/>\n<p>Sanat\u00e7\u0131 daha sonra Zincirlikuyu Mezarl\u0131\u011f\u0131\u2019na defnedilecek.<\/p>\n","protected":false},"excerpt":{"rendered":"<p>\u015einasi Yurtsever ile Yabanc\u0131 Damat dizisinde birlikte rol alan \u00d6zg\u00fcr \u00c7evik, sanat\u00e7\u0131y\u0131 son yolculu\u011funda yaln\u0131z b\u0131rakmad\u0131. \u00c7evik kendisini hastanede ziyaret etti\u011fini ifade etti.<\/p>\n","protected":false},"author":5,"featured_media":147424,"comment_status":"closed","ping_status":"closed","sticky":false,"template":"","format":"standard","meta":{"rank_math_lock_modified_date":false,"footnotes":""},"categories":[76],"tags":[8448,14111],"class_list":["post-147421","post","type-post","status-publish","format-standard","has-post-thumbnail","hentry","category-magazin","tag-ozgur-cevik","tag-sinasi-yurtsever"],"_links":{"self":[{"href":"https:\/\/www.tgrthaber.com\/mavikadin\/wp-json\/wp\/v2\/posts\/147421"}],"collection":[{"href":"https:\/\/www.tgrthaber.com\/mavikadin\/wp-json\/wp\/v2\/posts"}],"about":[{"href":"https:\/\/www.tgrthaber.com\/mavikadin\/wp-json\/wp\/v2\/types\/post"}],"author":[{"embeddable":true,"href":"https:\/\/www.tgrthaber.com\/mavikadin\/wp-json\/wp\/v2\/users\/5"}],"replies":[{"embeddable":true,"href":"https:\/\/www.tgrthaber.com\/mavikadin\/wp-json\/wp\/v2\/comments?post=147421"}],"version-history":[{"count":2,"href":"https:\/\/www.tgrthaber.com\/mavikadin\/wp-json\/wp\/v2\/posts\/147421\/revisions"}],"predecessor-version":[{"id":147428,"href":"https:\/\/www.tgrthaber.com\/mavikadin\/wp-json\/wp\/v2\/posts\/147421\/revisions\/147428"}],"wp:featuredmedia":[{"embeddable":true,"href":"https:\/\/www.tgrthaber.com\/mavikadin\/wp-json\/wp\/v2\/media\/147424"}],"wp:attachment":[{"href":"https:\/\/www.tgrthaber.com\/mavikadin\/wp-json\/wp\/v2\/media?parent=147421"}],"wp:term":[{"taxonomy":"category","embeddable":true,"href":"https:\/\/www.tgrthaber.com\/mavikadin\/wp-json\/wp\/v2\/categories?post=147421"},{"taxonomy":"post_tag","embeddable":true,"href":"https:\/\/www.tgrthaber.com\/mavikadin\/wp-json\/wp\/v2\/tags?post=147421"}],"curies":[{"name":"wp","href":"https:\/\/api.w.org\/{rel}","templated":true}]}}