{"id":147429,"date":"2025-03-15T14:02:12","date_gmt":"2025-03-15T11:02:12","guid":{"rendered":"https:\/\/www.tgrthaber.com\/mavikadin\/?p=147429"},"modified":"2025-03-15T15:59:00","modified_gmt":"2025-03-15T12:59:00","slug":"mauro-icardi-ve-wanda-nara-yine-polislik-oldu-arjantin-polisi-wandanin-cigliklariyla-olay-yerine-geldi","status":"publish","type":"post","link":"https:\/\/www.tgrthaber.com\/mavikadin\/mauro-icardi-ve-wanda-nara-yine-polislik-oldu-arjantin-polisi-wandanin-cigliklariyla-olay-yerine-geldi\/","title":{"rendered":"Mauro Icardi ve Wanda Nara yine polislik oldu! Arjantin polisi Wanda&#8217;n\u0131n \u00e7\u0131\u011fl\u0131klar\u0131yla olay yerine geldi"},"content":{"rendered":"<p>Galatasaray\u2019\u0131n y\u0131ld\u0131z futbolcusu Mauro \u0130cardi kariyerinin yan\u0131 s\u0131ra \u00f6zel hayat\u0131 ile de s\u0131k s\u0131k g\u00fcndeme gelmeye devam ediyor. Wanda Nara ile bo\u015fanma a\u015famas\u0131nda olan ikili aras\u0131nda gergin anlar ya\u015fanmaya devam ediyor. \u0130kili aras\u0131nda \u015fok eden geli\u015fmeler ya\u015fand\u0131. D\u00fcn Wanda Nara ve Mauro Icardi birbirine girdiler. Nara, velayet konusunda a\u00e7\u0131klama yapm\u0131\u015f ve \u00e7ocuklar\u0131n\u0131n Arjantin\u2019de kalaca\u011f\u0131n\u0131 s\u00f6ylemi\u015fti. Yapt\u0131\u011f\u0131 bu a\u00e7\u0131klamalardan sonra Icardi okuldan \u00e7ocuklar\u0131n\u0131 almaya gidince ortal\u0131k kar\u0131\u015ft\u0131.<\/p>\n<h3>MAURO ICARD\u0130 VE WANDA NARA Y\u0130NE POL\u0130SL\u0130K OLDU<\/h3>\n<p>Galatasaray taraftar\u0131n\u0131n sevgilisi Mauro Icardi, ge\u00e7ti\u011fimiz g\u00fcnlerde yeni bir a\u015fka yelken a\u00e7m\u0131\u015ft\u0131. Fakat eski e\u015fi Wanda Nara ile ya\u015fad\u0131klar\u0131 g\u00fcndemden d\u00fc\u015fm\u00fcyor. Wanda Nara ile ba\u011f\u0131 \u00e7ocuklar\u0131 sebebiyle kopmayan Nara\u2019n\u0131n yapt\u0131\u011f\u0131 a\u00e7\u0131klama ile g\u00fcndeme geldi. Bo\u015fanma a\u015famas\u0131nda olan Wanda Nara ve Icardi cephesinde yeni geli\u015fmeler ya\u015fan\u0131yor. Arjantinli \u00fcnl\u00fc sunucu ve model Wanda Nara\u2019dan dikkat \u00e7eken bir payla\u015f\u0131m geldi.<\/p>\n<p><img loading=\"lazy\" decoding=\"async\" class=\"alignnone wp-image-147434\" src=\"https:\/\/www.tgrthaber.com\/mavikadin\/wp-content\/uploads\/haber-gorselleri-fotoshop-2025-03-15T135431.007-1024x576.jpg\" alt=\"\u0131cardi ve nara \" width=\"1208\" height=\"680\" title=\"\" srcset=\"https:\/\/www.tgrthaber.com\/mavikadin\/wp-content\/uploads\/haber-gorselleri-fotoshop-2025-03-15T135431.007-1024x576.jpg 1024w, https:\/\/www.tgrthaber.com\/mavikadin\/wp-content\/uploads\/haber-gorselleri-fotoshop-2025-03-15T135431.007-300x169.jpg 300w, https:\/\/www.tgrthaber.com\/mavikadin\/wp-content\/uploads\/haber-gorselleri-fotoshop-2025-03-15T135431.007-768x432.jpg 768w, https:\/\/www.tgrthaber.com\/mavikadin\/wp-content\/uploads\/haber-gorselleri-fotoshop-2025-03-15T135431.007-1536x864.jpg 1536w, https:\/\/www.tgrthaber.com\/mavikadin\/wp-content\/uploads\/haber-gorselleri-fotoshop-2025-03-15T135431.007.jpg 1600w\" sizes=\"(max-width: 1208px) 100vw, 1208px\" \/><\/p>\n<hr \/>\n<p>Nara, k\u0131zlar\u0131n\u0131n \u00fclkeden \u00e7\u0131kar\u0131lmayaca\u011f\u0131na dair g\u00fcvence ald\u0131\u011f\u0131n\u0131 sosyal medyadan duyurdu. Bu payla\u015f\u0131mdan k\u0131sa s\u00fcre sonra Icardi, k\u0131zlar\u0131n\u0131 okuldan almaya gitti. Wanda Nara\u2019n\u0131n ya\u015fad\u0131\u011f\u0131 binaya gitti ve i\u015fler kar\u0131\u015ft\u0131. \u0130ddia edilene g\u00f6re LAM&#8217;a (Am\u00e9rica TV) g\u00f6re Nara, Icardi&#8217;nin binay\u0131 terk etmesi i\u00e7in ba\u011f\u0131rmaya ba\u015flad\u0131. Eski e\u015finin ya\u015fad\u0131\u011f\u0131 binaya geldi\u011fini g\u00f6ren Wanda Nara avukat\u0131n\u0131 ve polisi arad\u0131. \u0130kilinin aras\u0131nda ya\u015fanan gerginlik, \u00e7\u0131\u011fl\u0131kl\u0131 kavgaya d\u00f6n\u00fc\u015ft\u00fc.<\/p>\n<div style=\"width: 640px;\" class=\"wp-video\"><!--[if lt IE 9]><script>document.createElement('video');<\/script><![endif]-->\n<video class=\"wp-video-shortcode\" id=\"video-147429-1\" width=\"640\" height=\"640\" preload=\"metadata\" controls=\"controls\"><source type=\"video\/mp4\" src=\"https:\/\/www.tgrthaber.com\/mavikadin\/wp-content\/uploads\/sosyal-video-5.mp4?_=1\" \/><a href=\"https:\/\/www.tgrthaber.com\/mavikadin\/wp-content\/uploads\/sosyal-video-5.mp4\">https:\/\/www.tgrthaber.com\/mavikadin\/wp-content\/uploads\/sosyal-video-5.mp4<\/a><\/video><\/div>\n<h3><\/h3>\n<hr \/>\n<h3>ARJANT\u0130N POL\u0130S\u0130 WANDA&#8217;NIN \u00c7I\u011eLIKLARIYLA OLAY YER\u0130NE GELD\u0130<\/h3>\n<p>Icardi ve Wanda Nara aras\u0131nda ger\u00e7ekle\u015fen bu olaylar \u00e7ocukar\u0131na da yans\u0131maya devam ediyor. \u00c7ocuklar\u0131n\u0131 ile 2,5 ayd\u0131r g\u00f6remeyen Icardi, \u00e7ocuklar\u0131n\u0131 g\u00f6rmek i\u00e7in okula gitti. Fakat Nara \u00e7ocuklar\u0131n\u0131n Arjantin&#8217;de kalmas\u0131 i\u00e7in mahkeme karar\u0131 almas\u0131 sonucunda olaylar geli\u015fti. Icardi&#8217;nin \u00e7ocuklar\u0131 ile g\u00f6r\u00fc\u015fmesi ve onlar\u0131 almas\u0131 ile Wanda Nara adeta \u00e7\u0131\u011fl\u0131klar\u0131 ile evi sallad\u0131.<\/p>\n<p><img loading=\"lazy\" decoding=\"async\" class=\"alignnone wp-image-147432\" src=\"https:\/\/www.tgrthaber.com\/mavikadin\/wp-content\/uploads\/haber-gorselleri-fotoshop-2025-03-15T135436.371-1024x576.jpg\" alt=\"\u0131cardi ve nara \" width=\"1208\" height=\"680\" title=\"\" srcset=\"https:\/\/www.tgrthaber.com\/mavikadin\/wp-content\/uploads\/haber-gorselleri-fotoshop-2025-03-15T135436.371-1024x576.jpg 1024w, https:\/\/www.tgrthaber.com\/mavikadin\/wp-content\/uploads\/haber-gorselleri-fotoshop-2025-03-15T135436.371-300x169.jpg 300w, https:\/\/www.tgrthaber.com\/mavikadin\/wp-content\/uploads\/haber-gorselleri-fotoshop-2025-03-15T135436.371-768x432.jpg 768w, https:\/\/www.tgrthaber.com\/mavikadin\/wp-content\/uploads\/haber-gorselleri-fotoshop-2025-03-15T135436.371-1536x864.jpg 1536w, https:\/\/www.tgrthaber.com\/mavikadin\/wp-content\/uploads\/haber-gorselleri-fotoshop-2025-03-15T135436.371.jpg 1600w\" sizes=\"(max-width: 1208px) 100vw, 1208px\" \/><\/p>\n<hr \/>\n<p>Nara&#8217;n\u0131n bu tepkisinden sonra g\u00fcvenlik g\u00fc\u00e7leri araya girdi ve m\u00fcdahale etmek zorunda kald\u0131. Wanda Nara bir s\u00fcre sinirli ve \u00f6fkeli g\u00f6z\u00fck\u00fcrken, \u00e7ocuklar\u0131n ise korkudan a\u011flad\u0131\u011f\u0131 g\u00f6r\u00fcld\u00fc. Bu olaylar kar\u015f\u0131s\u0131nda Icardi \u00e7ocuklar\u0131n\u0131 b\u0131rak\u0131p ka\u00e7mak durumunda kald\u0131\u011f\u0131 iddia edildi.<\/p>\n","protected":false},"excerpt":{"rendered":"<p>Galatasaray\u2019\u0131n y\u0131ld\u0131z futbolcusu Mauro \u0130cardi kariyerinin yan\u0131 s\u0131ra \u00f6zel hayat\u0131 ile de s\u0131k s\u0131k g\u00fcndeme gelmeye devam ediyor. Wanda Nara ile bo\u015fanma a\u015famas\u0131nda olan ikili aras\u0131nda gergin anlar ya\u015fanmaya devam ediyor. \u0130kili aras\u0131nda \u015fok eden geli\u015fmeler ya\u015fand\u0131. D\u00fcn Wanda Nara ve Mauro Icardi birbirine girdiler. Nara, velayet konusunda a\u00e7\u0131klama yapm\u0131\u015f ve \u00e7ocuklar\u0131n\u0131n Arjantin\u2019de kalaca\u011f\u0131n\u0131 s\u00f6ylemi\u015fti. Yapt\u0131\u011f\u0131 bu a\u00e7\u0131klamalardan sonra Icardi okuldan \u00e7ocuklar\u0131n\u0131 almaya gidince ortal\u0131k kar\u0131\u015ft\u0131.<\/p>\n","protected":false},"author":34,"featured_media":147435,"comment_status":"closed","ping_status":"closed","sticky":false,"template":"","format":"standard","meta":{"rank_math_lock_modified_date":false,"footnotes":""},"categories":[76],"tags":[14331,14321,12409,2222],"class_list":["post-147429","post","type-post","status-publish","format-standard","has-post-thumbnail","hentry","category-magazin","tag-icardi-wanda-nara-yine-polislik-oldu","tag-mauor-icardi","tag-mauro-icardi-wanda-nara-bosanma","tag-wanda-nara"],"_links":{"self":[{"href":"https:\/\/www.tgrthaber.com\/mavikadin\/wp-json\/wp\/v2\/posts\/147429"}],"collection":[{"href":"https:\/\/www.tgrthaber.com\/mavikadin\/wp-json\/wp\/v2\/posts"}],"about":[{"href":"https:\/\/www.tgrthaber.com\/mavikadin\/wp-json\/wp\/v2\/types\/post"}],"author":[{"embeddable":true,"href":"https:\/\/www.tgrthaber.com\/mavikadin\/wp-json\/wp\/v2\/users\/34"}],"replies":[{"embeddable":true,"href":"https:\/\/www.tgrthaber.com\/mavikadin\/wp-json\/wp\/v2\/comments?post=147429"}],"version-history":[{"count":4,"href":"https:\/\/www.tgrthaber.com\/mavikadin\/wp-json\/wp\/v2\/posts\/147429\/revisions"}],"predecessor-version":[{"id":147493,"href":"https:\/\/www.tgrthaber.com\/mavikadin\/wp-json\/wp\/v2\/posts\/147429\/revisions\/147493"}],"wp:featuredmedia":[{"embeddable":true,"href":"https:\/\/www.tgrthaber.com\/mavikadin\/wp-json\/wp\/v2\/media\/147435"}],"wp:attachment":[{"href":"https:\/\/www.tgrthaber.com\/mavikadin\/wp-json\/wp\/v2\/media?parent=147429"}],"wp:term":[{"taxonomy":"category","embeddable":true,"href":"https:\/\/www.tgrthaber.com\/mavikadin\/wp-json\/wp\/v2\/categories?post=147429"},{"taxonomy":"post_tag","embeddable":true,"href":"https:\/\/www.tgrthaber.com\/mavikadin\/wp-json\/wp\/v2\/tags?post=147429"}],"curies":[{"name":"wp","href":"https:\/\/api.w.org\/{rel}","templated":true}]}}