{"id":147430,"date":"2025-03-18T02:10:04","date_gmt":"2025-03-17T23:10:04","guid":{"rendered":"https:\/\/www.tgrthaber.com\/mavikadin\/?p=147430"},"modified":"2025-03-18T02:12:05","modified_gmt":"2025-03-17T23:12:05","slug":"kizilcik-serbeti-dizisinde-gecen-sakura-ciceginin-olayi-nedir-japonya-sakura-festivali-2025-ne-zaman","status":"publish","type":"post","link":"https:\/\/www.tgrthaber.com\/mavikadin\/kizilcik-serbeti-dizisinde-gecen-sakura-ciceginin-olayi-nedir-japonya-sakura-festivali-2025-ne-zaman\/","title":{"rendered":"&#8216;K\u0131z\u0131lc\u0131k \u015eerbeti&#8217; dizisinde ge\u00e7en &#8216;Sakura \u00c7i\u00e7e\u011fi&#8217;nin olay\u0131 nedir? Japonya Sakura festivali 2025 ne zaman?"},"content":{"rendered":"<p>&#8216;K\u0131z\u0131lc\u0131k \u015eerbeti&#8217; dizisinin son yay\u0131nlanan yeni b\u00f6l\u00fcm\u00fcnde &#8216;Do\u011fa&#8217; karakterini oynayan S\u0131la T\u00fcrko\u011flu&#8217;nun rol icab\u0131 dizide bir anda beliriveren Japonya&#8217;daki &#8216;Sakura&#8217; a\u015fk\u0131, izleyicilerin &#8216;Sakura&#8217; olay\u0131n\u0131 merak etmelerine yol a\u00e7t\u0131.<\/p>\n<p>Peki Do\u011fa&#8217;n\u0131n bahsetti\u011fi Japonya&#8217;n\u0131n simgesi &#8216;Sakura&#8217; ne anlama geliyor? Sakura \u00e7i\u00e7e\u011finin hikayesi nedir? Sakura festivali 2025 ne zaman ger\u00e7ekle\u015ftirilecek?<\/p>\n<h3>SAKURA \u00c7\u0130\u00c7E\u011e\u0130 NE ANLAMA GEL\u0130YOR?<\/h3>\n<p>Japon k\u00fclt\u00fcr\u00fcnde \u00f6nemi bir hayli b\u00fcy\u00fck olan Sakura \u00c7i\u00e7e\u011fi, Japonya&#8217;n\u0131n en g\u00fc\u00e7l\u00fc simgelerindendir.<\/p>\n<p><img loading=\"lazy\" decoding=\"async\" class=\"alignnone wp-image-148555\" src=\"https:\/\/www.tgrthaber.com\/mavikadin\/wp-content\/uploads\/y-4.png\" alt=\"\" width=\"1208\" height=\"621\" title=\"\" srcset=\"https:\/\/www.tgrthaber.com\/mavikadin\/wp-content\/uploads\/y-4.png 976w, https:\/\/www.tgrthaber.com\/mavikadin\/wp-content\/uploads\/y-4-300x154.png 300w, https:\/\/www.tgrthaber.com\/mavikadin\/wp-content\/uploads\/y-4-768x395.png 768w\" sizes=\"(max-width: 1208px) 100vw, 1208px\" \/><\/p>\n<hr \/>\n<p>Y\u0131l\u0131n en g\u00fczel ve olgun zamanlar\u0131nda ortaya \u00e7\u0131k\u0131p solmadan d\u00f6k\u00fclen ve bu sebeple de ne kadar gen\u00e7 ya da g\u00fczel olunursa olsun o hayat\u0131n bir anda bitiverebilecek oldu\u011funun simgesi olarak kar\u015f\u0131m\u0131za \u00e7\u0131kan Sakura \u00c7i\u00e7ekleri, Japonya&#8217;n\u0131n her b\u00f6lgesinde farkl\u0131 zamanlarda \u00e7\u0131kabilmektedir.<\/p>\n<h3>BAHARI M\u00dcJDELEYEN SAKURA \u00c7\u0130\u00c7EKLER\u0130N\u0130N \u00d6ZELL\u0130\u011e\u0130 NED\u0130R?<\/h3>\n<p>Bir di\u011fer ad\u0131yla &#8216;Kiraz \u00e7i\u00e7e\u011fi&#8217; olarak da nitelendirilebilen Sakura \u00e7i\u00e7eklerinin yayg\u0131n bilinen en temel \u00f6zelliklerinden birisi de; yaln\u0131zca bir hafta ila on g\u00fcn aras\u0131nda a\u00e7an \u00e7ok k\u0131sa \u00f6m\u00fcrleri olmas\u0131d\u0131r.<\/p>\n<p><img loading=\"lazy\" decoding=\"async\" class=\"alignnone wp-image-148556\" src=\"https:\/\/www.tgrthaber.com\/mavikadin\/wp-content\/uploads\/gd-5.png\" alt=\"\" width=\"1208\" height=\"592\" title=\"\" srcset=\"https:\/\/www.tgrthaber.com\/mavikadin\/wp-content\/uploads\/gd-5.png 1037w, https:\/\/www.tgrthaber.com\/mavikadin\/wp-content\/uploads\/gd-5-300x147.png 300w, https:\/\/www.tgrthaber.com\/mavikadin\/wp-content\/uploads\/gd-5-1024x502.png 1024w, https:\/\/www.tgrthaber.com\/mavikadin\/wp-content\/uploads\/gd-5-768x376.png 768w\" sizes=\"(max-width: 1208px) 100vw, 1208px\" \/><\/p>\n<hr \/>\n<p>Bahar\u0131n geli\u015fi insan\u0131n i\u00e7indeki duygular\u0131 nas\u0131l tazeleyip yeni umutlar vaat ediyorsa, kiraz \u00e7i\u00e7eklerinin a\u00e7mas\u0131 da canl\u0131l\u0131k ve canl\u0131l\u0131k duygusunu da beraberinde getirerek hayat\u0131n gelip ge\u00e7ici oldu\u011funu hat\u0131rlat\u0131r.<\/p>\n<h3>SAKURALAR HANG\u0130 AYDA A\u00c7AR? JAPONYA&#8217;DA SAKURA ZAMANI NE ZAMAN 2025?<\/h3>\n<p>Japonya\u2019da Sakura \u00e7i\u00e7ekleri yani kiraz \u00e7i\u00e7ekleri, her sene \u00f6zellikle de Mart ay\u0131 sonu ile Nisan ay\u0131 ba\u015f\u0131 aras\u0131nda kendini belli etmeye ba\u015flar. En yo\u011fun olarak g\u00f6r\u00fcld\u00fc\u011f\u00fc zaman bu zamanlard\u0131r.<\/p>\n<p><img loading=\"lazy\" decoding=\"async\" class=\"alignnone wp-image-148557\" src=\"https:\/\/www.tgrthaber.com\/mavikadin\/wp-content\/uploads\/hh-11.png\" alt=\"\" width=\"1208\" height=\"742\" title=\"\" srcset=\"https:\/\/www.tgrthaber.com\/mavikadin\/wp-content\/uploads\/hh-11.png 790w, https:\/\/www.tgrthaber.com\/mavikadin\/wp-content\/uploads\/hh-11-300x184.png 300w, https:\/\/www.tgrthaber.com\/mavikadin\/wp-content\/uploads\/hh-11-768x471.png 768w\" sizes=\"(max-width: 1208px) 100vw, 1208px\" \/><\/p>\n<hr \/>\n<p>Kiraz\u0131 \u00e7i\u00e7e\u011fi a\u011fa\u00e7lar\u0131, ilk olarak \u00fclkenin en g\u00fcney kesimlerinde \u00e7i\u00e7eklenmeye ba\u015flar, daha sonra Tokyo, Kyoto ve Osaka gibi b\u00fcy\u00fck kentlere do\u011fru yayg\u0131nl\u0131k g\u00f6stererek en son Hokkaido gibi kuzey b\u00f6lgelerde b\u00fcy\u00fcleyici bir g\u00fczellikte a\u00e7ar.<\/p>\n<p>Genel bir ifadeyle zaman belirtilecek olursa Sakura \u00e7i\u00e7eklerinin festivali de mart sonu ve nisan ba\u015f\u0131 \u015feklinde s\u00f6ylenebilir.<\/p>\n","protected":false},"excerpt":{"rendered":"<p>K\u0131z\u0131lc\u0131k \u015eerbeti dizisinin son b\u00f6l\u00fcm\u00fcnde bahsedilen &#8216;Sakura \u00e7i\u00e7e\u011fi&#8217; merak edildi. Peki Sakura \u00e7i\u00e7e\u011finin olay\u0131 nedir? Sakura \u00e7i\u00e7e\u011fi festivali ne zaman?<\/p>\n","protected":false},"author":27,"featured_media":148560,"comment_status":"closed","ping_status":"closed","sticky":false,"template":"","format":"standard","meta":{"rank_math_lock_modified_date":false,"footnotes":""},"categories":[76],"tags":[14297,157,14613,14615,14614],"class_list":["post-147430","post","type-post","status-publish","format-standard","has-post-thumbnail","hentry","category-magazin","tag-japonya","tag-kizilcik-serbeti","tag-sakura-cicegi","tag-sakura-cicegi-hikayesi","tag-sakura-festivali-2025"],"_links":{"self":[{"href":"https:\/\/www.tgrthaber.com\/mavikadin\/wp-json\/wp\/v2\/posts\/147430"}],"collection":[{"href":"https:\/\/www.tgrthaber.com\/mavikadin\/wp-json\/wp\/v2\/posts"}],"about":[{"href":"https:\/\/www.tgrthaber.com\/mavikadin\/wp-json\/wp\/v2\/types\/post"}],"author":[{"embeddable":true,"href":"https:\/\/www.tgrthaber.com\/mavikadin\/wp-json\/wp\/v2\/users\/27"}],"replies":[{"embeddable":true,"href":"https:\/\/www.tgrthaber.com\/mavikadin\/wp-json\/wp\/v2\/comments?post=147430"}],"version-history":[{"count":2,"href":"https:\/\/www.tgrthaber.com\/mavikadin\/wp-json\/wp\/v2\/posts\/147430\/revisions"}],"predecessor-version":[{"id":148564,"href":"https:\/\/www.tgrthaber.com\/mavikadin\/wp-json\/wp\/v2\/posts\/147430\/revisions\/148564"}],"wp:featuredmedia":[{"embeddable":true,"href":"https:\/\/www.tgrthaber.com\/mavikadin\/wp-json\/wp\/v2\/media\/148560"}],"wp:attachment":[{"href":"https:\/\/www.tgrthaber.com\/mavikadin\/wp-json\/wp\/v2\/media?parent=147430"}],"wp:term":[{"taxonomy":"category","embeddable":true,"href":"https:\/\/www.tgrthaber.com\/mavikadin\/wp-json\/wp\/v2\/categories?post=147430"},{"taxonomy":"post_tag","embeddable":true,"href":"https:\/\/www.tgrthaber.com\/mavikadin\/wp-json\/wp\/v2\/tags?post=147430"}],"curies":[{"name":"wp","href":"https:\/\/api.w.org\/{rel}","templated":true}]}}