{"id":147431,"date":"2025-03-15T14:24:55","date_gmt":"2025-03-15T11:24:55","guid":{"rendered":"https:\/\/www.tgrthaber.com\/mavikadin\/?p=147431"},"modified":"2025-03-15T14:26:05","modified_gmt":"2025-03-15T11:26:05","slug":"akmde-unlu-isimlerden-sinasi-yurtsevere-son-veda-binnur-kaya-yurtseverin-esini-boyle-teselli-etti","status":"publish","type":"post","link":"https:\/\/www.tgrthaber.com\/mavikadin\/akmde-unlu-isimlerden-sinasi-yurtsevere-son-veda-binnur-kaya-yurtseverin-esini-boyle-teselli-etti\/","title":{"rendered":"\u00dcnl\u00fc isimlerden \u015einasi Yurtsever&#8217;e son veda! Binnur Kaya, Yurtsever&#8217;in e\u015fini b\u00f6yle teselli etti"},"content":{"rendered":"<p>Sanat d\u00fcnyas\u0131n\u0131 ac\u0131 kayb\u0131 olan ve 51 ya\u015f\u0131nda hayata g\u00f6zlerini yuman oyuncu \u015einasi Yurtsever, sevdikleri taraf\u0131ndan bug\u00fcn son yolculu\u011funa u\u011furlan\u0131yor. Mide kanseri rahats\u0131zl\u0131\u011f\u0131 nedeniyle hayat\u0131n\u0131 kaybeden \u015einasi Yurtsever&#8217;e veda i\u00e7in AKM&#8217;de bir t\u00f6ren ger\u00e7ekle\u015ftirildi.<\/p>\n<p>\u00dcnl\u00fc isimle son kez vedala\u015fabilmek i\u00e7in d\u00fczenlenen t\u00f6rene Yurtsever&#8217;in ailesi, sevenleri ve sanat d\u00fcnyas\u0131ndan bir\u00e7ok isim\u00a0 t\u00f6rene kat\u0131l\u0131m sa\u011flad\u0131.<\/p>\n<p>T\u00f6rende Kerem Kupac\u0131, Ahmet Kural, Ferit Aktu\u011f, Bahar \u015eahin, Onur Buldu, Sadi Celil Cengiz, Sel\u00e7uk Aydemir, Sarp Apak, Ruhi Sar\u0131, Cem Gelino\u011flu, Metin Ke\u00e7eci, Bora Akka\u015f\u00a0 gibi isimlerin oldu\u011fu g\u00f6r\u00fcld\u00fc.<\/p>\n<h3>YAKIN ARKADA\u015eI ENG\u0130N G\u00dcNAYDIN G\u00d6ZYA\u015eLARINA HAK\u0130M OLAMADI!<\/h3>\n<p>Son yolculu\u011funa u\u011furlanan merhum oyuncu \u015einasi Yurtsever i\u00e7in toplan\u0131lan t\u00f6rende &#8216;Avrupa Yakas\u0131&#8217; dizisindeki &#8216;Burhan&#8217; rol\u00fc ile b\u00fcy\u00fck bir \u00e7\u0131k\u0131\u015f yakalayan \u00fcnl\u00fc oyuncu Engin G\u00fcnayd\u0131n&#8217;\u0131n kendini tutamay\u0131p h\u0131\u00e7k\u0131r\u0131klar i\u00e7erisinde a\u011flad\u0131\u011f\u0131 g\u00f6r\u00fcld\u00fc.<\/p>\n<p><img loading=\"lazy\" decoding=\"async\" class=\"alignnone wp-image-147449\" src=\"https:\/\/www.tgrthaber.com\/mavikadin\/wp-content\/uploads\/tt-12.png\" alt=\"\" width=\"1208\" height=\"656\" title=\"\" srcset=\"https:\/\/www.tgrthaber.com\/mavikadin\/wp-content\/uploads\/tt-12.png 768w, https:\/\/www.tgrthaber.com\/mavikadin\/wp-content\/uploads\/tt-12-300x163.png 300w\" sizes=\"(max-width: 1208px) 100vw, 1208px\" \/><\/p>\n<hr \/>\n<p>Vefat haberinin al\u0131nmas\u0131 ile birlikte sosyal medyada \u00fcnl\u00fc isimler pe\u015f pe\u015fe \u00fcnl\u00fc oyuncu i\u00e7in veda payla\u015f\u0131mlar\u0131nda bulundu.<\/p>\n<p>Yurtsever ile son kez vedala\u015fabilmek i\u00e7in t\u00f6rene ak\u0131n eden \u00fcnl\u00fcler, b\u00fcy\u00fck ve derin bir h\u00fcz\u00fcn i\u00e7erisinde merhum oyuncuyu son yolculu\u011funa u\u011furlad\u0131.<\/p>\n<div style=\"width: 640px;\" class=\"wp-video\"><!--[if lt IE 9]><script>document.createElement('video');<\/script><![endif]-->\n<video class=\"wp-video-shortcode\" id=\"video-147431-1\" width=\"640\" height=\"1138\" preload=\"metadata\" controls=\"controls\"><source type=\"video\/mp4\" src=\"https:\/\/www.tgrthaber.com\/mavikadin\/wp-content\/uploads\/WFFvKjDWXDTfb1_B.mp4?_=1\" \/><a href=\"https:\/\/www.tgrthaber.com\/mavikadin\/wp-content\/uploads\/WFFvKjDWXDTfb1_B.mp4\">https:\/\/www.tgrthaber.com\/mavikadin\/wp-content\/uploads\/WFFvKjDWXDTfb1_B.mp4<\/a><\/video><\/div>\n<hr \/>\n<h3>OYUNCU B\u0130NNUR KAYA \u015e\u0130NAS\u0130 YURTSEVER&#8217;\u0130N E\u015e\u0130N\u0130 B\u00d6YLE TESELL\u0130 ETT\u0130!<\/h3>\n<p>K\u0131nal\u0131 Kar, Alacakaranl\u0131k, Avrupa Yakas\u0131, Yabanc\u0131 Damat, Bir Bulut Olsam, Sen de Gitme, \u0130\u015fler G\u00fc\u00e7ler, Karde\u015f Pay\u0131 gibi bir\u00e7ok \u00f6nemli projede yer alarak ekranlar\u0131n sevilen isimlerinden olan merhum oyuncu \u015einasi Yurtsever&#8217;in son yolculu\u011funa u\u011furland\u0131\u011f\u0131 anlarda yan\u0131nda olan isimlerden birisi de yine &#8216;Avrupa Yakas\u0131&#8217; dizisindeki rol\u00fc ile \u00f6ne \u00e7\u0131kan usta oyuncu Binnur Kaya oldu.<\/p>\n<p>\u00dcnl\u00fc oyuncu Binnur Kaya, on sekiz y\u0131ll\u0131k e\u015fi \u015einasi Yurtsever&#8217;in vefat\u0131yla birlikte ayakta durmakta g\u00fc\u00e7l\u00fck eden e\u015fi Ferihan Kaya&#8217;y\u0131 sakinle\u015ftirmek i\u00e7in yo\u011fun bir \u00e7aba sarf etti.<\/p>\n<p>E\u015fini kaybetmenin vermi\u015f oldu\u011fu ac\u0131 y\u00fcz\u00fcnden okunan Ferihan Kaya, donuk bir ifade ile oyuncu Binnur Kaya&#8217;n\u0131n tesellisiyle ayakta durmaya \u00e7al\u0131\u015ft\u0131. \u00dcnl\u00fc oyuncunun Kaya&#8217;y\u0131 yat\u0131\u015ft\u0131r\u0131p sakinle\u015ftirmeye \u00e7al\u0131\u015ft\u0131\u011f\u0131 o anlar ise kameralara b\u00f6yle yans\u0131d\u0131&#8230;<\/p>\n<div style=\"width: 640px;\" class=\"wp-video\"><video class=\"wp-video-shortcode\" id=\"video-147431-2\" width=\"640\" height=\"1138\" preload=\"metadata\" controls=\"controls\"><source type=\"video\/mp4\" src=\"https:\/\/www.tgrthaber.com\/mavikadin\/wp-content\/uploads\/NX1N4AFBzmr9tR8G.mp4?_=2\" \/><a href=\"https:\/\/www.tgrthaber.com\/mavikadin\/wp-content\/uploads\/NX1N4AFBzmr9tR8G.mp4\">https:\/\/www.tgrthaber.com\/mavikadin\/wp-content\/uploads\/NX1N4AFBzmr9tR8G.mp4<\/a><\/video><\/div>\n<hr \/>\n<p>&nbsp;<\/p>\n","protected":false},"excerpt":{"rendered":"<p>Mide kanseri nedeniyle hayat\u0131n\u0131 kaybeden 51 ya\u015f\u0131ndaki sevilen oyuncu \u015einasi Yurtsever&#8217;e son kez veda i\u00e7in AKM&#8217;de toplan\u0131ld\u0131. \u00dcnl\u00fc isimler g\u00f6zya\u015flar\u0131na engel olamad\u0131.<\/p>\n","protected":false},"author":27,"featured_media":147450,"comment_status":"closed","ping_status":"closed","sticky":false,"template":"","format":"standard","meta":{"rank_math_lock_modified_date":false,"footnotes":""},"categories":[76],"tags":[5195,7534,14322,14111,14323],"class_list":["post-147431","post","type-post","status-publish","format-standard","has-post-thumbnail","hentry","category-magazin","tag-binnur-kaya","tag-engin-gunaydin","tag-ferihan-kaya","tag-sinasi-yurtsever","tag-sinasi-yurtsever-cenaze-toreni"],"_links":{"self":[{"href":"https:\/\/www.tgrthaber.com\/mavikadin\/wp-json\/wp\/v2\/posts\/147431"}],"collection":[{"href":"https:\/\/www.tgrthaber.com\/mavikadin\/wp-json\/wp\/v2\/posts"}],"about":[{"href":"https:\/\/www.tgrthaber.com\/mavikadin\/wp-json\/wp\/v2\/types\/post"}],"author":[{"embeddable":true,"href":"https:\/\/www.tgrthaber.com\/mavikadin\/wp-json\/wp\/v2\/users\/27"}],"replies":[{"embeddable":true,"href":"https:\/\/www.tgrthaber.com\/mavikadin\/wp-json\/wp\/v2\/comments?post=147431"}],"version-history":[{"count":4,"href":"https:\/\/www.tgrthaber.com\/mavikadin\/wp-json\/wp\/v2\/posts\/147431\/revisions"}],"predecessor-version":[{"id":147454,"href":"https:\/\/www.tgrthaber.com\/mavikadin\/wp-json\/wp\/v2\/posts\/147431\/revisions\/147454"}],"wp:featuredmedia":[{"embeddable":true,"href":"https:\/\/www.tgrthaber.com\/mavikadin\/wp-json\/wp\/v2\/media\/147450"}],"wp:attachment":[{"href":"https:\/\/www.tgrthaber.com\/mavikadin\/wp-json\/wp\/v2\/media?parent=147431"}],"wp:term":[{"taxonomy":"category","embeddable":true,"href":"https:\/\/www.tgrthaber.com\/mavikadin\/wp-json\/wp\/v2\/categories?post=147431"},{"taxonomy":"post_tag","embeddable":true,"href":"https:\/\/www.tgrthaber.com\/mavikadin\/wp-json\/wp\/v2\/tags?post=147431"}],"curies":[{"name":"wp","href":"https:\/\/api.w.org\/{rel}","templated":true}]}}