{"id":147440,"date":"2025-03-15T14:09:21","date_gmt":"2025-03-15T11:09:21","guid":{"rendered":"https:\/\/www.tgrthaber.com\/mavikadin\/?p=147440"},"modified":"2025-03-15T14:09:21","modified_gmt":"2025-03-15T11:09:21","slug":"kizilcik-serbeti-93-bolumunde-doganin-japonya-aski-felaketle-mi-bitecek-fatih-doganin-evi-ipotek-ettirdigini-duyacak-mi","status":"publish","type":"post","link":"https:\/\/www.tgrthaber.com\/mavikadin\/kizilcik-serbeti-93-bolumunde-doganin-japonya-aski-felaketle-mi-bitecek-fatih-doganin-evi-ipotek-ettirdigini-duyacak-mi\/","title":{"rendered":"K\u0131z\u0131lc\u0131k \u015eerbeti 93. B\u00f6l\u00fcm\u00fcnde Do\u011fa&#8217;n\u0131n Japonya a\u015fk\u0131 felaketle mi bitecek? Fatih Do\u011fa&#8217;n\u0131n evi ipotek ettirdi\u011fini duyacak m\u0131?"},"content":{"rendered":"<p>K\u0131z\u0131lc\u0131k \u015eerbeti dizisinin 93. b\u00f6l\u00fcm\u00fcnde Do\u011fa&#8217;n\u0131n Japonya a\u015fk\u0131 felaketle mi sonu\u00e7lanacak merak ediliyor. 14 Mart Cuma g\u00fcn\u00fc reytinglerinde t\u00fcm kategorilerde birinci olan dizinin son b\u00f6l\u00fcm\u00fcnde yine heyecan doruklara \u00e7\u0131kt\u0131.<\/p>\n<h3>KIZILCIK \u015eERBET\u0130&#8217;NDE DO\u011eA&#8217;NIN JAPONYA MERAKI<\/h3>\n<p>K\u0131z\u0131lc\u0131k \u015eerbeti&#8217;nin son b\u00f6l\u00fcm\u00fcnde Do\u011fa Fatih ile Japonya seyahati i\u00e7in plan yapar. Ancak Fatih bu seyahat i\u00e7in paras\u0131 olmad\u0131\u011f\u0131n\u0131 s\u00f6yler. Do\u011fa bu durum \u00fczerine evi ipotek ettirerek kredi \u00e7eker. Yeni b\u00f6l\u00fcmde neler olaca\u011f\u0131 \u015fimdiden merak konusu oldu.<\/p>\n<p><img loading=\"lazy\" decoding=\"async\" class=\"alignnone size-full wp-image-147443\" src=\"https:\/\/www.tgrthaber.com\/mavikadin\/wp-content\/uploads\/kizilcik-serbeti-1-8.jpg\" alt=\"\" width=\"1208\" height=\"680\" title=\"\" srcset=\"https:\/\/www.tgrthaber.com\/mavikadin\/wp-content\/uploads\/kizilcik-serbeti-1-8.jpg 1208w, https:\/\/www.tgrthaber.com\/mavikadin\/wp-content\/uploads\/kizilcik-serbeti-1-8-300x169.jpg 300w, https:\/\/www.tgrthaber.com\/mavikadin\/wp-content\/uploads\/kizilcik-serbeti-1-8-1024x576.jpg 1024w, https:\/\/www.tgrthaber.com\/mavikadin\/wp-content\/uploads\/kizilcik-serbeti-1-8-768x432.jpg 768w\" sizes=\"(max-width: 1208px) 100vw, 1208px\" \/><\/p>\n<hr \/>\n<h3>KIZILCIK \u015eERBET\u0130\u2019N\u0130N SON B\u00d6L\u00dcM\u00dcNDE NELER OLDU?<\/h3>\n<p>K\u0131z\u0131lc\u0131k \u015eerbeti&#8217;nin son b\u00f6l\u00fcm\u00fcnde Nursema ve Firaz&#8217;a bilenen \u0130lhami Nusema&#8217;n\u0131n babas\u0131na her \u015feye ra\u011fmen evlenmek istedi\u011fini anlat\u0131r.<\/p>\n<p>Bu habere \u00e7ok sevinen \u00dcnal ailesi evlili\u011fin olmas\u0131n\u0131 ister. Di\u011fer yandan Nursema ise b\u00fcy\u00fck bir y\u0131k\u0131m ya\u015far. Ailesine bu evlili\u011fi istemedi\u011fini s\u00f6ylese de onlar\u0131 ikna edemez.<\/p>\n<p><img loading=\"lazy\" decoding=\"async\" class=\"alignnone size-full wp-image-147444\" src=\"https:\/\/www.tgrthaber.com\/mavikadin\/wp-content\/uploads\/kizilcik-serbeti-2-7.jpg\" alt=\"\" width=\"1208\" height=\"680\" title=\"\" srcset=\"https:\/\/www.tgrthaber.com\/mavikadin\/wp-content\/uploads\/kizilcik-serbeti-2-7.jpg 1208w, https:\/\/www.tgrthaber.com\/mavikadin\/wp-content\/uploads\/kizilcik-serbeti-2-7-300x169.jpg 300w, https:\/\/www.tgrthaber.com\/mavikadin\/wp-content\/uploads\/kizilcik-serbeti-2-7-1024x576.jpg 1024w, https:\/\/www.tgrthaber.com\/mavikadin\/wp-content\/uploads\/kizilcik-serbeti-2-7-768x432.jpg 768w\" sizes=\"(max-width: 1208px) 100vw, 1208px\" \/><\/p>\n<hr \/>\n<p>Meri y\u00fcz\u00fcnden Nilay ve Mustafa ikilisi zor g\u00fcnler ge\u00e7iriyordur. K\u0131v\u0131lc\u0131m\u2019\u0131n Youtube kanal\u0131na konuk olan Nilay\u2019\u0131n program\u0131 \u00e7ok dikkat \u00e7eker.<\/p>\n<p>Fatih Do\u011fa\u2019n\u0131n fazla para harcamas\u0131ndan rahats\u0131z olur. Do\u011fa rahat durmaz ve kocas\u0131na s\u00f6ylemeden bankadan kredi \u00e7eker.<\/p>\n<p><img loading=\"lazy\" decoding=\"async\" class=\"alignnone size-full wp-image-147445\" src=\"https:\/\/www.tgrthaber.com\/mavikadin\/wp-content\/uploads\/kizilcik-serbeti-4-11.jpg\" alt=\"\" width=\"1208\" height=\"680\" title=\"\" srcset=\"https:\/\/www.tgrthaber.com\/mavikadin\/wp-content\/uploads\/kizilcik-serbeti-4-11.jpg 1208w, https:\/\/www.tgrthaber.com\/mavikadin\/wp-content\/uploads\/kizilcik-serbeti-4-11-300x169.jpg 300w, https:\/\/www.tgrthaber.com\/mavikadin\/wp-content\/uploads\/kizilcik-serbeti-4-11-1024x576.jpg 1024w, https:\/\/www.tgrthaber.com\/mavikadin\/wp-content\/uploads\/kizilcik-serbeti-4-11-768x432.jpg 768w\" sizes=\"(max-width: 1208px) 100vw, 1208px\" \/><\/p>\n<hr \/>\n<p>Nursema \u0130lhami\u2019yle nikah\u0131 olaca\u011f\u0131 gece evden ka\u00e7ar ve Firaz\u2019a gider. Ancak bundan sonraki hayatlar\u0131 hi\u00e7 de kolay olmayacakt\u0131r. K\u0131v\u0131lc\u0131m ise Abdullah ve I\u015f\u0131l ili\u015fkisini \u00f6\u011frenir.<\/p>\n<p>K\u0131z\u0131lc\u0131k \u015eerbeti\u2019nin kadrosunda; Do\u011fukan G\u00fcng\u00f6r, Ceren Yalazo\u011flu, S\u0131la T\u00fcrko\u011flu, Sibel Ta\u015f\u00e7\u0131o\u011flu, Bar\u0131\u015f K\u0131l\u0131\u00e7, Evrim Alasya, Ahmet M\u00fcmtaz Taylan, Emrah Alt\u0131ntoprak, \u015eebnem Bozoklu, Feyza Civelek, Rahimcan Kapkap, Soydan Soyda\u015f, Sevim Erdo\u011fan, Bahtiyar Memili, \u00d6zlem \u00c7akar Yal\u00e7\u0131nkaya, Aliye Uzunata\u011fan yer al\u0131yor.<\/p>\n<p><img loading=\"lazy\" decoding=\"async\" class=\"alignnone size-full wp-image-147446\" src=\"https:\/\/www.tgrthaber.com\/mavikadin\/wp-content\/uploads\/kizilcik-serbeti-5-8.jpg\" alt=\"\" width=\"1208\" height=\"680\" title=\"\" srcset=\"https:\/\/www.tgrthaber.com\/mavikadin\/wp-content\/uploads\/kizilcik-serbeti-5-8.jpg 1208w, https:\/\/www.tgrthaber.com\/mavikadin\/wp-content\/uploads\/kizilcik-serbeti-5-8-300x169.jpg 300w, https:\/\/www.tgrthaber.com\/mavikadin\/wp-content\/uploads\/kizilcik-serbeti-5-8-1024x576.jpg 1024w, https:\/\/www.tgrthaber.com\/mavikadin\/wp-content\/uploads\/kizilcik-serbeti-5-8-768x432.jpg 768w\" sizes=\"(max-width: 1208px) 100vw, 1208px\" \/><\/p>\n<hr \/>\n<h3>KIZILCIK \u015eERBET\u0130 T\u00dcM KATEGOR\u0130LERDE B\u0130R\u0130NC\u0130<\/h3>\n<p>14 Mart Cuma g\u00fcn\u00fc yay\u0131nlanan dizi reytinglerinde; ABC1\u2019de 11.23 izlenme oran\u0131, 28.00 izlenme pay\u0131, AB\u2019de 10.49 izlenme oran\u0131 ve 29.50 izlenme pay\u0131, Total grubunda 8.91 izlenme oran\u0131, 22.21 izlenme pay\u0131 ile t\u00fcm kategorilerde birinci oldu.<\/p>\n","protected":false},"excerpt":{"rendered":"<p>K\u0131z\u0131lc\u0131k \u015eerbeti 93. B\u00f6l\u00fcm\u00fcnde Do\u011fa&#8217;n\u0131n Japonya a\u015fk\u0131 felaketle mi bitecek? merak konusu oldu. Fenomen dizi K\u0131z\u0131lc\u0131k \u015eerbeti, 14 Mart Cuma g\u00fcn\u00fc reytinglerinde t\u00fcm kategorilerde birinci oldu.<\/p>\n","protected":false},"author":5,"featured_media":147442,"comment_status":"closed","ping_status":"closed","sticky":false,"template":"","format":"standard","meta":{"rank_math_lock_modified_date":false,"footnotes":""},"categories":[602],"tags":[2628,157],"class_list":["post-147440","post","type-post","status-publish","format-standard","has-post-thumbnail","hentry","category-diziler","tag-dizi-haberleri","tag-kizilcik-serbeti"],"_links":{"self":[{"href":"https:\/\/www.tgrthaber.com\/mavikadin\/wp-json\/wp\/v2\/posts\/147440"}],"collection":[{"href":"https:\/\/www.tgrthaber.com\/mavikadin\/wp-json\/wp\/v2\/posts"}],"about":[{"href":"https:\/\/www.tgrthaber.com\/mavikadin\/wp-json\/wp\/v2\/types\/post"}],"author":[{"embeddable":true,"href":"https:\/\/www.tgrthaber.com\/mavikadin\/wp-json\/wp\/v2\/users\/5"}],"replies":[{"embeddable":true,"href":"https:\/\/www.tgrthaber.com\/mavikadin\/wp-json\/wp\/v2\/comments?post=147440"}],"version-history":[{"count":1,"href":"https:\/\/www.tgrthaber.com\/mavikadin\/wp-json\/wp\/v2\/posts\/147440\/revisions"}],"predecessor-version":[{"id":147447,"href":"https:\/\/www.tgrthaber.com\/mavikadin\/wp-json\/wp\/v2\/posts\/147440\/revisions\/147447"}],"wp:featuredmedia":[{"embeddable":true,"href":"https:\/\/www.tgrthaber.com\/mavikadin\/wp-json\/wp\/v2\/media\/147442"}],"wp:attachment":[{"href":"https:\/\/www.tgrthaber.com\/mavikadin\/wp-json\/wp\/v2\/media?parent=147440"}],"wp:term":[{"taxonomy":"category","embeddable":true,"href":"https:\/\/www.tgrthaber.com\/mavikadin\/wp-json\/wp\/v2\/categories?post=147440"},{"taxonomy":"post_tag","embeddable":true,"href":"https:\/\/www.tgrthaber.com\/mavikadin\/wp-json\/wp\/v2\/tags?post=147440"}],"curies":[{"name":"wp","href":"https:\/\/api.w.org\/{rel}","templated":true}]}}