{"id":147455,"date":"2025-03-15T14:57:48","date_gmt":"2025-03-15T11:57:48","guid":{"rendered":"https:\/\/www.tgrthaber.com\/mavikadin\/?p=147455"},"modified":"2025-03-15T14:57:48","modified_gmt":"2025-03-15T11:57:48","slug":"yabanci-damat-dizisi-oyuncularindan-buyuk-vefasizlik-erdal-ozyagcilar-ile-nehir-erdoganin-olmamasi-ayiplandi","status":"publish","type":"post","link":"https:\/\/www.tgrthaber.com\/mavikadin\/yabanci-damat-dizisi-oyuncularindan-buyuk-vefasizlik-erdal-ozyagcilar-ile-nehir-erdoganin-olmamasi-ayiplandi\/","title":{"rendered":"&#8216;Yabanc\u0131 damat&#8217; dizisi oyuncular\u0131ndan b\u00fcy\u00fck vefas\u0131zl\u0131k! Erdal \u00d6zya\u011fc\u0131lar ile Nehir Erdo\u011fan&#8217;\u0131n olmamas\u0131 ay\u0131pland\u0131"},"content":{"rendered":"<p>Bir s\u00fcredir mide kanseri rahats\u0131zl\u0131\u011f\u0131 ile bo\u011fu\u015fan ve bunu herkese yaymayan sevilen oyuncu \u015einasi Yurtsever&#8217;in \u00f6l\u00fcm haberi, herkesi yasa bo\u011fdu. Sanat d\u00fcnyas\u0131n\u0131n en b\u00fcy\u00fck ac\u0131 kay\u0131plar\u0131ndan biri olarak g\u00f6r\u00fclen \u015einasi Yurtsever&#8217;in vefat\u0131 ile ba\u015fta ailesinden annesi ve e\u015fi olmak \u00fczere t\u00fcm sevenleri derin bir \u00fcz\u00fcnt\u00fc ve kedere bo\u011fuldu.<\/p>\n<p>Ge\u00e7ti\u011fimiz g\u00fcn tedavi g\u00f6rd\u00fc\u011f\u00fc hastanede hayat\u0131n\u0131 kaybeden 51 ya\u015f\u0131ndaki \u00fcnl\u00fc oyuncu \u015einasi Yurtsever i\u00e7in Taksim&#8217;deki Atat\u00fcrk K\u00fclt\u00fcr Merkezi&#8217;nde cenaze t\u00f6reni ger\u00e7ekle\u015ftirildi. Ekranlar\u0131n sevilen oyuncu \u015einasi Yurtsever; Karde\u015f Pay\u0131, \u0130\u015fler G\u00fc\u00e7ler, Yabanc\u0131 Damat, Efsane Aile, K\u00fc\u00e7\u00fck \u0130bo, Tutunamayanlar, Gizli Sakl\u0131, Dengi Dengine, Ramazan G\u00fczeldir, Bir Bulut Olsam gibi \u00f6nemli yap\u0131mlarda rol alarak milyonlar\u0131n g\u00f6nl\u00fcnde yer edinmi\u015fti.<\/p>\n<h3>OYUNCU \u015e\u0130NAS\u0130 YURTSEVER \u0130\u00c7\u0130N SON VEDA! \u00dcNL\u00dcLER AKIN ETT\u0130&#8230;<\/h3>\n<p>Hayat\u0131n\u0131 kaybeden merhum oyuncu \u015einasi Yurtsever&#8217;in son yolculu\u011funa u\u011furlanmadan \u00f6nce sevenleri taraf\u0131ndan son kez vedala\u015fabilmesi i\u00e7in d\u00fczenlenen AKM&#8217;deki cenaze t\u00f6renine birbirinden \u00fcnl\u00fc \u00e7ok say\u0131da isim etkinli\u011fe ak\u0131n etti.<\/p>\n<p><img loading=\"lazy\" decoding=\"async\" class=\"alignnone wp-image-147457\" src=\"https:\/\/www.tgrthaber.com\/mavikadin\/wp-content\/uploads\/HHHHH-1.png\" alt=\"\" width=\"1208\" height=\"603\" title=\"\" srcset=\"https:\/\/www.tgrthaber.com\/mavikadin\/wp-content\/uploads\/HHHHH-1.png 897w, https:\/\/www.tgrthaber.com\/mavikadin\/wp-content\/uploads\/HHHHH-1-300x150.png 300w, https:\/\/www.tgrthaber.com\/mavikadin\/wp-content\/uploads\/HHHHH-1-768x384.png 768w\" sizes=\"(max-width: 1208px) 100vw, 1208px\" \/><\/p>\n<hr \/>\n<p>Yurtsever i\u00e7in d\u00fczenlenen bu t\u00f6rene Yurtsever&#8217;in ailesi, K\u00fclt\u00fcr ve Turizm Bakanl\u0131\u011f\u0131 Sinema Genel M\u00fcd\u00fcr\u00fc Birol G\u00fcven, Beyo\u011flu Belediye Ba\u015fkan\u0131 \u0130nan G\u00fcnay, Ahmet Kural, Kerem Kupac\u0131, Ferit Aktu\u011f, Bahar \u015eahin, Onur Buldu, Sadi Celil Cengiz, Sel\u00e7uk Aydemir, Sarp Apak, Ruhi Sar\u0131, Cem Gelino\u011flu, Metin Ke\u00e7eci, Bora Akka\u015f, Ayhan Ta\u015f ve Sel\u00e7uk Aydemir gibi oyuncu arkada\u015flar\u0131 ve sevenleri de kat\u0131ld\u0131.<\/p>\n<h3>YABANCI DAMAT D\u0130Z\u0130S\u0130&#8217;NDE BERABER \u00c7ALI\u015eMI\u015eLARDI&#8230; ERDAL \u00d6ZYA\u011eCILAR VE NEH\u0130R ERDO\u011eAN&#8217;DAN B\u00dcY\u00dcK AYIP!<\/h3>\n<p>Ekranlarda yer ald\u0131\u011f\u0131 dizi ve filmlerde genelde komik bir karaktere b\u00fcr\u00fcnen \u015einasi Yurtsever&#8217;in cenazesindeki bir detay ise sosyal medyada dikkat \u00e7ekti.<\/p>\n<p><img loading=\"lazy\" decoding=\"async\" class=\"alignnone wp-image-147470\" src=\"https:\/\/www.tgrthaber.com\/mavikadin\/wp-content\/uploads\/FFF-1.jpg\" alt=\"\" width=\"1208\" height=\"680\" title=\"\" srcset=\"https:\/\/www.tgrthaber.com\/mavikadin\/wp-content\/uploads\/FFF-1.jpg 512w, https:\/\/www.tgrthaber.com\/mavikadin\/wp-content\/uploads\/FFF-1-300x169.jpg 300w\" sizes=\"(max-width: 1208px) 100vw, 1208px\" \/><\/p>\n<hr \/>\n<p>Yabanc\u0131 Damat dizisinin Hamit Usta&#8217;s\u0131 rol\u00fcn\u00fc \u00fcstlenerek ekranlarda yerini alan oyuncu \u015einasi Yurtsever&#8217;in o d\u00f6nemlerde ayn\u0131 dizide beraber \u00e7al\u0131\u015ft\u0131\u011f\u0131 usta oyuncu Erdal \u00d6zya\u011fc\u0131lar ve Nehir Erdo\u011fan&#8217;\u0131n bulunmamas\u0131 g\u00f6zlerden ka\u00e7mad\u0131.<\/p>\n<p>\u00c7ok say\u0131da \u00fcnl\u00fc ismin ak\u0131n edip Yurtsever&#8217;in g\u00f6zya\u015f\u0131 d\u00f6kt\u00fc\u011f\u00fc t\u00f6rende \u00d6zya\u011fc\u0131lar ile Erdo\u011fan&#8217;\u0131n olmamas\u0131 b\u00fcy\u00fck vefas\u0131zl\u0131k olarak de\u011ferlendirildi.<\/p>\n","protected":false},"excerpt":{"rendered":"<p>51 ya\u015f\u0131nda hayat\u0131n\u0131 kaybeden \u015einasi Yurtsever&#8217;in \u00f6l\u00fcm\u00fc sanat d\u00fcnyas\u0131n\u0131 yasa bo\u011fdu. &#8216;Yabanc\u0131 damat&#8217; dizisinde beraber rol ald\u0131klar\u0131 oyuncu Erdal \u00d6zya\u011fc\u0131lar ile Nehir Erdo\u011fan&#8217;\u0131n merhum oyuncu \u015einasi Yurtsever&#8217;in cenaze t\u00f6renine kat\u0131lmamas\u0131 ise dikkat \u00e7ekti.<\/p>\n","protected":false},"author":27,"featured_media":147469,"comment_status":"closed","ping_status":"closed","sticky":false,"template":"","format":"standard","meta":{"rank_math_lock_modified_date":false,"footnotes":""},"categories":[76],"tags":[3512,6799,14111,14327],"class_list":["post-147455","post","type-post","status-publish","format-standard","has-post-thumbnail","hentry","category-magazin","tag-erdal-ozyagcilar","tag-nehir-erdogan","tag-sinasi-yurtsever","tag-yabanci-damat-dizisi-hamit-usta"],"_links":{"self":[{"href":"https:\/\/www.tgrthaber.com\/mavikadin\/wp-json\/wp\/v2\/posts\/147455"}],"collection":[{"href":"https:\/\/www.tgrthaber.com\/mavikadin\/wp-json\/wp\/v2\/posts"}],"about":[{"href":"https:\/\/www.tgrthaber.com\/mavikadin\/wp-json\/wp\/v2\/types\/post"}],"author":[{"embeddable":true,"href":"https:\/\/www.tgrthaber.com\/mavikadin\/wp-json\/wp\/v2\/users\/27"}],"replies":[{"embeddable":true,"href":"https:\/\/www.tgrthaber.com\/mavikadin\/wp-json\/wp\/v2\/comments?post=147455"}],"version-history":[{"count":2,"href":"https:\/\/www.tgrthaber.com\/mavikadin\/wp-json\/wp\/v2\/posts\/147455\/revisions"}],"predecessor-version":[{"id":147474,"href":"https:\/\/www.tgrthaber.com\/mavikadin\/wp-json\/wp\/v2\/posts\/147455\/revisions\/147474"}],"wp:featuredmedia":[{"embeddable":true,"href":"https:\/\/www.tgrthaber.com\/mavikadin\/wp-json\/wp\/v2\/media\/147469"}],"wp:attachment":[{"href":"https:\/\/www.tgrthaber.com\/mavikadin\/wp-json\/wp\/v2\/media?parent=147455"}],"wp:term":[{"taxonomy":"category","embeddable":true,"href":"https:\/\/www.tgrthaber.com\/mavikadin\/wp-json\/wp\/v2\/categories?post=147455"},{"taxonomy":"post_tag","embeddable":true,"href":"https:\/\/www.tgrthaber.com\/mavikadin\/wp-json\/wp\/v2\/tags?post=147455"}],"curies":[{"name":"wp","href":"https:\/\/api.w.org\/{rel}","templated":true}]}}