{"id":147456,"date":"2025-03-15T14:50:18","date_gmt":"2025-03-15T11:50:18","guid":{"rendered":"https:\/\/www.tgrthaber.com\/mavikadin\/?p=147456"},"modified":"2025-03-15T14:50:32","modified_gmt":"2025-03-15T11:50:32","slug":"kurulus-osman-ekibi-iftarda-bir-araya-geldi-yapimci-mehmet-bozdogan-ve-esi-oyunculari-agirladi","status":"publish","type":"post","link":"https:\/\/www.tgrthaber.com\/mavikadin\/kurulus-osman-ekibi-iftarda-bir-araya-geldi-yapimci-mehmet-bozdogan-ve-esi-oyunculari-agirladi\/","title":{"rendered":"Kurulu\u015f Osman ekibi iftarda bir araya geldi! Yap\u0131mc\u0131 Mehmet Bozdo\u011fan ve e\u015fi oyuncular\u0131 a\u011f\u0131rlad\u0131"},"content":{"rendered":"<p>Kurulu\u015f Osman ekibi birlikte iftar yapt\u0131. S\u00f6\u011f\u00fct 1299\u2019da d\u00fczenlenen iftarda Kurulu\u015f Osman oyuncular\u0131 ve ekibi Anadolu mutfa\u011f\u0131n\u0131n se\u00e7kin lezzetleriyle yemek yedi.<\/p>\n<h3>KURULU\u015e OSMAN EK\u0130B\u0130 \u0130FTARDA B\u0130R ARAYA GELD\u0130<\/h3>\n<p>Kurulu\u015f Osman ekibi ge\u00e7en sene de oldu\u011fu gibi S\u00f6\u011f\u00fct 1299\u2019da iftar yeme\u011finde bir araya geldi. Davetlilere Anadolu mutfa\u011f\u0131n\u0131n se\u00e7kin tatlar\u0131yla dolu bir men\u00fc sunuldu.<\/p>\n<div style=\"width: 640px;\" class=\"wp-video\"><!--[if lt IE 9]><script>document.createElement('video');<\/script><![endif]-->\n<video class=\"wp-video-shortcode\" id=\"video-147456-1\" width=\"640\" height=\"640\" preload=\"metadata\" controls=\"controls\"><source type=\"video\/mp4\" src=\"https:\/\/www.tgrthaber.com\/mavikadin\/wp-content\/uploads\/Kurulus-Osman-1.mp4?_=1\" \/><a href=\"https:\/\/www.tgrthaber.com\/mavikadin\/wp-content\/uploads\/Kurulus-Osman-1.mp4\">https:\/\/www.tgrthaber.com\/mavikadin\/wp-content\/uploads\/Kurulus-Osman-1.mp4<\/a><\/video><\/div>\n<hr \/>\n<h3>KURULU\u015e OSMAN SON B\u00d6L\u00dcMDE NELER OLDU?<\/h3>\n<p>184. b\u00f6l\u00fcm\u00fcyle ekranlara gelen Kurulu\u015f Osman dizisinde Osman Bey&#8217;in Ulugan&#8217;la hesapla\u015fmas\u0131 devam etti. Esenbike Hatun gelir gelmez \u00fcst\u00fcnl\u00fc\u011f\u00fcn\u00fc sa\u011flamak i\u00e7in isteklerini anlat\u0131r. Ayr\u0131ca Osman Bey&#8217;den y\u00fckl\u00fc miktarda vergi ister.<br \/>\nE\u011fer istedi\u011fi olmazsa k\u0131z\u0131 Fatma&#8217;y\u0131 o\u011flu Sargun&#8217;a gelin alaca\u011f\u0131n\u0131 s\u00f6yler.<\/p>\n<p><img loading=\"lazy\" decoding=\"async\" class=\"alignnone size-full wp-image-147464\" src=\"https:\/\/www.tgrthaber.com\/mavikadin\/wp-content\/uploads\/Kurulus-Osman-1-6.jpg\" alt=\"\" width=\"1208\" height=\"680\" title=\"\" srcset=\"https:\/\/www.tgrthaber.com\/mavikadin\/wp-content\/uploads\/Kurulus-Osman-1-6.jpg 1208w, https:\/\/www.tgrthaber.com\/mavikadin\/wp-content\/uploads\/Kurulus-Osman-1-6-300x169.jpg 300w, https:\/\/www.tgrthaber.com\/mavikadin\/wp-content\/uploads\/Kurulus-Osman-1-6-1024x576.jpg 1024w, https:\/\/www.tgrthaber.com\/mavikadin\/wp-content\/uploads\/Kurulus-Osman-1-6-768x432.jpg 768w\" sizes=\"(max-width: 1208px) 100vw, 1208px\" \/><\/p>\n<hr \/>\n<p>Bu kaos i\u00e7inde s\u0131k\u0131\u015fan Osman Bey, kurtulmak i\u00e7in ne yapacak merak ediliyor. Osman Bey, ne k\u0131z\u0131ndan ne de ahalisinin r\u0131zk\u0131ndan vazge\u00e7meyecektir. Osman Bey, bu olaylardan s\u0131yr\u0131lmak i\u00e7in tehlikeli bir oyun kurar.<\/p>\n<p>Bala Hatun da Halime&#8217;yi bulmak i\u00e7in elinden geleni yapar. Sofia da hemen ata\u011fa ge\u00e7er. Bala Hatun Sofia&#8217;y\u0131 ele ge\u00e7irir ve Halime&#8217;yi bulmak ad\u0131na her yolu dener ve her \u015feyi g\u00f6ze al\u0131r.<\/p>\n<p><img loading=\"lazy\" decoding=\"async\" class=\"alignnone size-full wp-image-147466\" src=\"https:\/\/www.tgrthaber.com\/mavikadin\/wp-content\/uploads\/Kurulus-Osman-2-7.jpg\" alt=\"\" width=\"1208\" height=\"680\" title=\"\" srcset=\"https:\/\/www.tgrthaber.com\/mavikadin\/wp-content\/uploads\/Kurulus-Osman-2-7.jpg 1208w, https:\/\/www.tgrthaber.com\/mavikadin\/wp-content\/uploads\/Kurulus-Osman-2-7-300x169.jpg 300w, https:\/\/www.tgrthaber.com\/mavikadin\/wp-content\/uploads\/Kurulus-Osman-2-7-1024x576.jpg 1024w, https:\/\/www.tgrthaber.com\/mavikadin\/wp-content\/uploads\/Kurulus-Osman-2-7-768x432.jpg 768w\" sizes=\"(max-width: 1208px) 100vw, 1208px\" \/><\/p>\n<hr \/>\n<h3>KURULU\u015e OSMAN OYUNCU KADROSU<\/h3>\n<p>Kurulu\u015f Osman dizisinin oyuncu kadrosunda \u00f6nemli oyuncular yer al\u0131yor. O oyuncular \u015fu \u015fekilde;<\/p>\n<p>Burak \u00d6z\u00e7ivit\u00a0 &#8211; Osman Bey<br \/>\n\u00d6zge T\u00f6rer &#8211; Bala Hatun<br \/>\nRag\u0131p Sava\u015f &#8211; D\u00fcndar Bey<br \/>\nAy\u015feg\u00fcl G\u00fcnay &#8211; Z\u00f6hre Hatun<br \/>\nBuse Arslan &#8211; Ayg\u00fcl Hatun<br \/>\n\u0130smail Hakk\u0131 \u00dcr\u00fcn -Samsa Bey<br \/>\nNurettin S\u00f6nmez &#8211; Bams\u0131 Beyrek<br \/>\nSaruhan H\u00fcnel &#8211; Ali\u015far<br \/>\nAlma Terzic &#8211; Sofia<br \/>\nEmel Dede &#8211; Gonca Hatun<\/p>\n<p><img loading=\"lazy\" decoding=\"async\" class=\"alignnone size-full wp-image-147467\" src=\"https:\/\/www.tgrthaber.com\/mavikadin\/wp-content\/uploads\/Kurulus-Osman-4-5.jpg\" alt=\"\" width=\"1208\" height=\"680\" title=\"\" srcset=\"https:\/\/www.tgrthaber.com\/mavikadin\/wp-content\/uploads\/Kurulus-Osman-4-5.jpg 1208w, https:\/\/www.tgrthaber.com\/mavikadin\/wp-content\/uploads\/Kurulus-Osman-4-5-300x169.jpg 300w, https:\/\/www.tgrthaber.com\/mavikadin\/wp-content\/uploads\/Kurulus-Osman-4-5-1024x576.jpg 1024w, https:\/\/www.tgrthaber.com\/mavikadin\/wp-content\/uploads\/Kurulus-Osman-4-5-768x432.jpg 768w\" sizes=\"(max-width: 1208px) 100vw, 1208px\" \/><\/p>\n<hr \/>\n<p>Didem Bal\u00e7\u0131n &#8211; Selcan Hatun<br \/>\nA\u00e7elya \u00d6zcan -Ay\u015fe Hatun<br \/>\n\u00d6mer A\u011fan &#8211; Saltuk Alp<br \/>\nEmre Basalak &#8211; G\u00fcnd\u00fcz Bey<br \/>\nYi\u011fit U\u00e7an &#8211; Boran<br \/>\nSeda Y\u0131ld\u0131z &#8211; \u015eeyh Edebali<br \/>\nAbidin Yerebakan &#8211; Ak\u00e7a Dervi\u015f<br \/>\nEmin G\u00fcrsoy &#8211; Kumrul Abdal<br \/>\nAsl\u0131han Karalar &#8211; Bur\u00e7in Hatun<br \/>\nBurak \u00c7elik- G\u00f6ktu\u011f<br \/>\n\u00c7a\u011fr\u0131 \u015eensoy &#8211; Cerkutay<br \/>\nAy\u015fen G\u00fcrler &#8211; Helen<br \/>\nTu\u011frul \u00c7etiner &#8211; Yannis<br \/>\nAbd\u00fcl S\u00fcsler &#8211; Kalanoz<br \/>\nEren Hac\u0131saliho\u011flu -Batur<br \/>\nSerhan Onat -Aybars<br \/>\nU\u011fur Arslan &#8211; Nizameddin<br \/>\n\u015eevket \u00c7apk\u0131no\u011flu &#8211; Megala<\/p>\n","protected":false},"excerpt":{"rendered":"<p>Kurulu\u015f Osman ekibi iftarda bir araya geldi. ATV ekranlar\u0131n\u0131n b\u00fcy\u00fck ilgiyle takip edilen Kurulu\u015f Osman dizisi oyuncular\u0131 ve ekibi iftar yeme\u011finde bulu\u015ftu.<\/p>\n","protected":false},"author":5,"featured_media":147465,"comment_status":"closed","ping_status":"closed","sticky":false,"template":"","format":"standard","meta":{"rank_math_lock_modified_date":false,"footnotes":""},"categories":[76],"tags":[2628,3072],"class_list":["post-147456","post","type-post","status-publish","format-standard","has-post-thumbnail","hentry","category-magazin","tag-dizi-haberleri","tag-kurulus-osman"],"_links":{"self":[{"href":"https:\/\/www.tgrthaber.com\/mavikadin\/wp-json\/wp\/v2\/posts\/147456"}],"collection":[{"href":"https:\/\/www.tgrthaber.com\/mavikadin\/wp-json\/wp\/v2\/posts"}],"about":[{"href":"https:\/\/www.tgrthaber.com\/mavikadin\/wp-json\/wp\/v2\/types\/post"}],"author":[{"embeddable":true,"href":"https:\/\/www.tgrthaber.com\/mavikadin\/wp-json\/wp\/v2\/users\/5"}],"replies":[{"embeddable":true,"href":"https:\/\/www.tgrthaber.com\/mavikadin\/wp-json\/wp\/v2\/comments?post=147456"}],"version-history":[{"count":1,"href":"https:\/\/www.tgrthaber.com\/mavikadin\/wp-json\/wp\/v2\/posts\/147456\/revisions"}],"predecessor-version":[{"id":147468,"href":"https:\/\/www.tgrthaber.com\/mavikadin\/wp-json\/wp\/v2\/posts\/147456\/revisions\/147468"}],"wp:featuredmedia":[{"embeddable":true,"href":"https:\/\/www.tgrthaber.com\/mavikadin\/wp-json\/wp\/v2\/media\/147465"}],"wp:attachment":[{"href":"https:\/\/www.tgrthaber.com\/mavikadin\/wp-json\/wp\/v2\/media?parent=147456"}],"wp:term":[{"taxonomy":"category","embeddable":true,"href":"https:\/\/www.tgrthaber.com\/mavikadin\/wp-json\/wp\/v2\/categories?post=147456"},{"taxonomy":"post_tag","embeddable":true,"href":"https:\/\/www.tgrthaber.com\/mavikadin\/wp-json\/wp\/v2\/tags?post=147456"}],"curies":[{"name":"wp","href":"https:\/\/api.w.org\/{rel}","templated":true}]}}