{"id":147476,"date":"2025-03-15T15:46:45","date_gmt":"2025-03-15T12:46:45","guid":{"rendered":"https:\/\/www.tgrthaber.com\/mavikadin\/?p=147476"},"modified":"2025-03-15T15:47:20","modified_gmt":"2025-03-15T12:47:20","slug":"ibrahim-buyukak-oyuncu-arkadasi-sinasi-yurtseveri-son-yolculugunda-yalniz-birakmadi","status":"publish","type":"post","link":"https:\/\/www.tgrthaber.com\/mavikadin\/ibrahim-buyukak-oyuncu-arkadasi-sinasi-yurtseveri-son-yolculugunda-yalniz-birakmadi\/","title":{"rendered":"\u0130brahim B\u00fcy\u00fckak oyuncu arkada\u015f\u0131 \u015einasi Yurtsever&#8217;i son yolculu\u011funda yaln\u0131z b\u0131rakmad\u0131!"},"content":{"rendered":"<p>Ba\u015far\u0131l\u0131 oyuncu \u015einasi Yurtsever, bir s\u00fcredir mide kanseriyle m\u00fccadele ediyordu. Ge\u00e7ti\u011fimiz g\u00fcnlerde ise tedavi g\u00f6rd\u00fc\u011f\u00fc hastanede 51 ya\u015f\u0131nda hayat\u0131n\u0131 kaybetti. Zafer Alg\u00f6z, meslekta\u015f\u0131n\u0131n vefat haberini sevenlerine ve hayranlar\u0131na duyurmu\u015ftu. Bug\u00fcn son yolculu\u011funa u\u011furlanan \u015einasi Yurtsever i\u00e7in Atat\u00fcrk K\u00fclt\u00fcr Merkezi\u2019nde veda t\u00f6reni ger\u00e7ekle\u015ftirildi. Ger\u00e7ekle\u015fen veda t\u00f6renine \u00e7ok say\u0131da \u00fcnl\u00fc isimler kat\u0131ld\u0131. Meslekta\u015flar\u0131n\u0131 son yolculu\u011funa u\u011furlayan \u00fcnl\u00fc isimler duygu dolu anlar ya\u015fad\u0131.<\/p>\n<h3>\u0130BRAH\u0130M B\u00dcY\u00dcKAK \u00c7OK \u00dcZG\u00dcN\u00dcZ, \u00c7OK ERKEN B\u0130R VEDA<\/h3>\n<p>\u015einasi Yurtsever\u2019in vefat haberi hem sevenlerini hem de hayranlar\u0131n\u0131 \u00fczd\u00fc. Uzun s\u00fcredir mide kanseri ile m\u00fccadele ediyordu. Ba\u015far\u0131l\u0131 oyuncu 51 ya\u015f\u0131nda hayat\u0131n\u0131 kaybetti. Vefat haberi ile sevenlerini h\u00fczne bo\u011fdu. \u00c7e\u015fitli \u00fcnl\u00fc isimler Ahmet Kural, Engin G\u00fcnayd\u0131n, Zafer Alg\u00f6z, Onur Buldu, F\u0131rat Parlak ve Sarp Apak gibi isimler Yurtsever\u2019i son yolculu\u011funa u\u011furlad\u0131. Kendisi gibi oyuncu olan arkada\u015f\u0131 \u0130brahim B\u00fcy\u00fckak da , ba\u015far\u0131l\u0131 oyuncuyu son yolculu\u011funda yaln\u0131z b\u0131rakmad\u0131.<\/p>\n<p><img loading=\"lazy\" decoding=\"async\" class=\"alignnone wp-image-147414\" src=\"https:\/\/www.tgrthaber.com\/mavikadin\/wp-content\/uploads\/sinasi-yurtsever-2-2-1024x576.jpg\" alt=\"\u015finasi yurtsever\" width=\"1208\" height=\"680\" title=\"\" srcset=\"https:\/\/www.tgrthaber.com\/mavikadin\/wp-content\/uploads\/sinasi-yurtsever-2-2-1024x576.jpg 1024w, https:\/\/www.tgrthaber.com\/mavikadin\/wp-content\/uploads\/sinasi-yurtsever-2-2-300x169.jpg 300w, https:\/\/www.tgrthaber.com\/mavikadin\/wp-content\/uploads\/sinasi-yurtsever-2-2-768x432.jpg 768w, https:\/\/www.tgrthaber.com\/mavikadin\/wp-content\/uploads\/sinasi-yurtsever-2-2-1536x864.jpg 1536w, https:\/\/www.tgrthaber.com\/mavikadin\/wp-content\/uploads\/sinasi-yurtsever-2-2.jpg 1600w\" sizes=\"(max-width: 1208px) 100vw, 1208px\" \/><\/p>\n<hr \/>\n<p>\u015einasi Yurtsever\u2019in veda t\u00f6renine kat\u0131lan \u0130brahim B\u00fcy\u00fckak <strong>Mavi Kad\u0131n \u0130\u00e7erik Edit\u00f6r\u00fc Dilara Tekin<\/strong>\u2019e konu\u015ftu. B\u00fcy\u00fckak s\u00f6zlerini \u015fu ifadelerle payla\u015ft\u0131:<\/p>\n<p>\u201cHepimizin ba\u015f\u0131 sa\u011f olsun, tabi ki \u00e7ok \u00fczg\u00fcn\u00fcz \u00e7ok erken bir veda, yani hepimizin ba\u015f\u0131 sa\u011f olsun. Ailesine ve yak\u0131nlar\u0131na b\u00fct\u00fcn sevenlerine sab\u0131r diliyorum. \u00dczg\u00fcn\u00fcz \u00e7ok.\u201d s\u00f6zlerini s\u00f6yledi.<\/p>\n<div style=\"width: 640px;\" class=\"wp-video\"><!--[if lt IE 9]><script>document.createElement('video');<\/script><![endif]-->\n<video class=\"wp-video-shortcode\" id=\"video-147476-1\" width=\"640\" height=\"1138\" preload=\"metadata\" controls=\"controls\"><source type=\"video\/mp4\" src=\"https:\/\/www.tgrthaber.com\/mavikadin\/wp-content\/uploads\/Adsiz-tasarim-42.mp4?_=1\" \/><a href=\"https:\/\/www.tgrthaber.com\/mavikadin\/wp-content\/uploads\/Adsiz-tasarim-42.mp4\">https:\/\/www.tgrthaber.com\/mavikadin\/wp-content\/uploads\/Adsiz-tasarim-42.mp4<\/a><\/video><\/div>\n<p>\u015einasi Yurtsever, \u0130\u015fler G\u00fc\u00e7ler, Karde\u015f Pay\u0131, d\u00fc\u011f\u00fcn Dernek ve Yabanc\u0131 Damat gibi ba\u015far\u0131l\u0131 projelerde rol alarak dikkatleri \u00fczerine \u00e7ekmi\u015fti. Sevenleri onu \u0130\u015fler G\u00fc\u00e7ler dizisindeki Hakk\u0131 karakteri ile tan\u0131m\u0131\u015ft\u0131. \u00d6l\u00fcm haberi ile sevenlerini h\u00fczne bo\u011fdu. Oyuncunun annesi ve e\u015finin zor ayakta durdu\u011fu anlar kameralara yans\u0131d\u0131. \u015einasi Yurtsever i\u00e7in Atat\u00fcrk K\u00fclt\u00fcr Merkezi\u2019nde veda t\u00f6reni ger\u00e7ekle\u015ftiridikten sonra \u015einasi Yurtsever&#8217;in cenazesi, \u00f6\u011fle namaz\u0131na m\u00fcteakip Barbaros Hayrettin Pa\u015fa Camii&#8217;nde k\u0131l\u0131nan cenaze zaman\u0131n ard\u0131ndan Zincirlikuyu Mezarl\u0131\u011f\u0131&#8217;na defnedildi.<\/p>\n","protected":false},"excerpt":{"rendered":"<p>Ba\u015far\u0131l\u0131 oyuncu \u015einasi Yurtsever, bir s\u00fcredir mide kanseriyle m\u00fccadele ediyordu. Ge\u00e7ti\u011fimiz g\u00fcnlerde ise tedavi g\u00f6rd\u00fc\u011f\u00fc hastanede 51 ya\u015f\u0131nda hayat\u0131n\u0131 kaybetti. Zafer Alg\u00f6z, meslekta\u015f\u0131n\u0131n vefat haberini sevenlerine ve hayranlar\u0131na duyurmu\u015ftu. Bug\u00fcn son yolculu\u011funa u\u011furlanan \u015einasi Yurtsever i\u00e7in Atat\u00fcrk K\u00fclt\u00fcr Merkezi\u2019nde veda t\u00f6reni ger\u00e7ekle\u015ftirildi. Ger\u00e7ekle\u015fen veda t\u00f6renine \u00e7ok say\u0131da \u00fcnl\u00fc isimler kat\u0131ld\u0131. Meslekta\u015flar\u0131n\u0131 son yolculu\u011funa u\u011furlayan \u00fcnl\u00fc isimler duygu dolu anlar ya\u015fad\u0131.<\/p>\n","protected":false},"author":34,"featured_media":147490,"comment_status":"closed","ping_status":"closed","sticky":false,"template":"","format":"standard","meta":{"rank_math_lock_modified_date":false,"footnotes":""},"categories":[76],"tags":[3619,14111,14330],"class_list":["post-147476","post","type-post","status-publish","format-standard","has-post-thumbnail","hentry","category-magazin","tag-ibrahim-buyukak","tag-sinasi-yurtsever","tag-sinasi-yurtseverin-son-yolculugu"],"_links":{"self":[{"href":"https:\/\/www.tgrthaber.com\/mavikadin\/wp-json\/wp\/v2\/posts\/147476"}],"collection":[{"href":"https:\/\/www.tgrthaber.com\/mavikadin\/wp-json\/wp\/v2\/posts"}],"about":[{"href":"https:\/\/www.tgrthaber.com\/mavikadin\/wp-json\/wp\/v2\/types\/post"}],"author":[{"embeddable":true,"href":"https:\/\/www.tgrthaber.com\/mavikadin\/wp-json\/wp\/v2\/users\/34"}],"replies":[{"embeddable":true,"href":"https:\/\/www.tgrthaber.com\/mavikadin\/wp-json\/wp\/v2\/comments?post=147476"}],"version-history":[{"count":1,"href":"https:\/\/www.tgrthaber.com\/mavikadin\/wp-json\/wp\/v2\/posts\/147476\/revisions"}],"predecessor-version":[{"id":147491,"href":"https:\/\/www.tgrthaber.com\/mavikadin\/wp-json\/wp\/v2\/posts\/147476\/revisions\/147491"}],"wp:featuredmedia":[{"embeddable":true,"href":"https:\/\/www.tgrthaber.com\/mavikadin\/wp-json\/wp\/v2\/media\/147490"}],"wp:attachment":[{"href":"https:\/\/www.tgrthaber.com\/mavikadin\/wp-json\/wp\/v2\/media?parent=147476"}],"wp:term":[{"taxonomy":"category","embeddable":true,"href":"https:\/\/www.tgrthaber.com\/mavikadin\/wp-json\/wp\/v2\/categories?post=147476"},{"taxonomy":"post_tag","embeddable":true,"href":"https:\/\/www.tgrthaber.com\/mavikadin\/wp-json\/wp\/v2\/tags?post=147476"}],"curies":[{"name":"wp","href":"https:\/\/api.w.org\/{rel}","templated":true}]}}