{"id":147501,"date":"2025-03-15T16:25:29","date_gmt":"2025-03-15T13:25:29","guid":{"rendered":"https:\/\/www.tgrthaber.com\/mavikadin\/?p=147501"},"modified":"2025-03-15T16:37:10","modified_gmt":"2025-03-15T13:37:10","slug":"yildiz-tilbe-gazzede-4-bin-kisiye-iftar-verdi-bu-hareketi-takdir-topladi","status":"publish","type":"post","link":"https:\/\/www.tgrthaber.com\/mavikadin\/yildiz-tilbe-gazzede-4-bin-kisiye-iftar-verdi-bu-hareketi-takdir-topladi\/","title":{"rendered":"Y\u0131ld\u0131z Tilbe, Gazze&#8217;de 4 bin ki\u015fiye iftar verdi! Bu hareketi takdir toplad\u0131"},"content":{"rendered":"<p>Y\u0131ld\u0131z Tilbe Kud\u00fcs G\u00f6n\u00fcll\u00fcleri arac\u0131l\u0131\u011f\u0131yla Gazzeli M\u00fcsl\u00fcmanlara destek oldu. Tilbe toplamda 4 bin ki\u015fiye iftar verdi.<\/p>\n<h3>YILDIZ T\u0130LBE, GAZZE&#8217;DE 4 B\u0130N K\u0130\u015e\u0130YE \u0130FTAR VERD\u0130!<\/h3>\n<p>\u00dcnl\u00fc \u015fark\u0131c\u0131 Y\u0131ld\u0131z Tilbe, Kud\u00fcs G\u00f6n\u00fcll\u00fcleri arac\u0131l\u0131\u011f\u0131yla Gazzeli M\u00fcsl\u00fcmanlara iftar verdi. Yapt\u0131\u011f\u0131 hareketiyle takdir toplayan \u00fcnl\u00fc isim sosyal medyada da g\u00fcndem oldu.<\/p>\n<p><img loading=\"lazy\" decoding=\"async\" class=\"alignnone size-full wp-image-147502\" src=\"https:\/\/www.tgrthaber.com\/mavikadin\/wp-content\/uploads\/Yildiz-Tilbe-1-2.jpg\" alt=\"\" width=\"1208\" height=\"680\" title=\"\" srcset=\"https:\/\/www.tgrthaber.com\/mavikadin\/wp-content\/uploads\/Yildiz-Tilbe-1-2.jpg 1208w, https:\/\/www.tgrthaber.com\/mavikadin\/wp-content\/uploads\/Yildiz-Tilbe-1-2-300x169.jpg 300w, https:\/\/www.tgrthaber.com\/mavikadin\/wp-content\/uploads\/Yildiz-Tilbe-1-2-1024x576.jpg 1024w, https:\/\/www.tgrthaber.com\/mavikadin\/wp-content\/uploads\/Yildiz-Tilbe-1-2-768x432.jpg 768w\" sizes=\"(max-width: 1208px) 100vw, 1208px\" \/><\/p>\n<hr \/>\n<p>\u015eark\u0131c\u0131 Y\u0131ld\u0131z Tilbe, Gazze\u2019de 4 bin ki\u015fiye iftar verdi. Y\u0131ld\u0131z Tilbe, Kud\u00fcs G\u00f6n\u00fcll\u00fcleri arac\u0131l\u0131\u011f\u0131yla Gazzeli M\u00fcsl\u00fcmanlara destek oldu.<\/p>\n<p>Ramazan ay\u0131nda anlaml\u0131 bir dayan\u0131\u015fmaya imza atan YIld\u0131z Tilbe, Gazze&#8217;de \u00fc\u00e7 farkl\u0131 noktada 4 bin ki\u015fiye iftar yeme\u011fi verdi. \u00dcnl\u00fc isim sava\u015f\u0131n g\u00f6lgesinde oru\u00e7 tutan Gazzeli&#8217;lere deste\u011fini esirgemedi.<\/p>\n<p><img loading=\"lazy\" decoding=\"async\" class=\"alignnone size-full wp-image-147503\" src=\"https:\/\/www.tgrthaber.com\/mavikadin\/wp-content\/uploads\/Yildiz-Tilbe-2-1.jpg\" alt=\"\" width=\"1208\" height=\"680\" title=\"\" srcset=\"https:\/\/www.tgrthaber.com\/mavikadin\/wp-content\/uploads\/Yildiz-Tilbe-2-1.jpg 1208w, https:\/\/www.tgrthaber.com\/mavikadin\/wp-content\/uploads\/Yildiz-Tilbe-2-1-300x169.jpg 300w, https:\/\/www.tgrthaber.com\/mavikadin\/wp-content\/uploads\/Yildiz-Tilbe-2-1-1024x576.jpg 1024w, https:\/\/www.tgrthaber.com\/mavikadin\/wp-content\/uploads\/Yildiz-Tilbe-2-1-768x432.jpg 768w\" sizes=\"(max-width: 1208px) 100vw, 1208px\" \/><\/p>\n<hr \/>\n<p>Y\u0131ld\u0131z Tilbe, ramazan ay\u0131n\u0131n ruhuna uygun anlaml\u0131 bir davran\u0131\u015f sergiledi. Sanat\u00e7\u0131, Gazze&#8217;de \u00fc\u00e7 ayr\u0131 b\u00f6lgede iftar yeme\u011fi vererek takdir toplad\u0131.<\/p>\n<h3>DAVRANI\u015eI TAKD\u0130R TOPLADI<\/h3>\n<p>\u0130ftar\u0131n\u0131 yapan binlerce ki\u015fi Y\u0131ld\u0131z Tilbe&#8217;ye te\u015fekk\u00fcr etti. Sanat\u00e7\u0131n\u0131n yard\u0131mlar\u0131 sosyal medyada da b\u00fcy\u00fck ilgi g\u00f6rd\u00fc. Yeme\u011fin da\u011f\u0131t\u0131m anlar\u0131na ait foto\u011fraflar ve videolar payla\u015f\u0131ld\u0131.<\/p>\n<p><img loading=\"lazy\" decoding=\"async\" class=\"alignnone size-full wp-image-147504\" src=\"https:\/\/www.tgrthaber.com\/mavikadin\/wp-content\/uploads\/Yildiz-Tilbe-4-1.jpg\" alt=\"\" width=\"1208\" height=\"680\" title=\"\" srcset=\"https:\/\/www.tgrthaber.com\/mavikadin\/wp-content\/uploads\/Yildiz-Tilbe-4-1.jpg 1208w, https:\/\/www.tgrthaber.com\/mavikadin\/wp-content\/uploads\/Yildiz-Tilbe-4-1-300x169.jpg 300w, https:\/\/www.tgrthaber.com\/mavikadin\/wp-content\/uploads\/Yildiz-Tilbe-4-1-1024x576.jpg 1024w, https:\/\/www.tgrthaber.com\/mavikadin\/wp-content\/uploads\/Yildiz-Tilbe-4-1-768x432.jpg 768w\" sizes=\"(max-width: 1208px) 100vw, 1208px\" \/><\/p>\n<hr \/>\n<h3>F\u0130L\u0130ST\u0130N HALKINA DESTEK OLDU<\/h3>\n<p>Y\u0131ld\u0131z Tilbe, daha \u00f6nceki sosyal medya payla\u015f\u0131mlar\u0131nda da Filistin halk\u0131na destek verdi\u011fini s\u0131k s\u0131k s\u00f6ylemi\u015fti.<br \/>\nTilbe bu kez s\u00f6zleriyle de\u011fil davran\u0131\u015f\u0131yla takdir toplad\u0131.<\/p>\n<p>Sosyal medyada h\u0131zla yay\u0131lan bu haber bir\u00e7ok kullan\u0131c\u0131n\u0131n yorum yazmas\u0131na neden oldu. Tilbe&#8217;ye \u00f6vg\u00fc dolu s\u00f6zler pe\u015fe pe\u015fe geldi.<\/p>\n<p><img loading=\"lazy\" decoding=\"async\" class=\"alignnone wp-image-110550\" src=\"https:\/\/www.tgrthaber.com\/mavikadin\/wp-content\/uploads\/Yildiz-Tilbe-poz-verirken-sekilden-sekle-girdi.jpg\" alt=\"\" width=\"1208\" height=\"680\" title=\"\" srcset=\"https:\/\/www.tgrthaber.com\/mavikadin\/wp-content\/uploads\/Yildiz-Tilbe-poz-verirken-sekilden-sekle-girdi.jpg 1920w, https:\/\/www.tgrthaber.com\/mavikadin\/wp-content\/uploads\/Yildiz-Tilbe-poz-verirken-sekilden-sekle-girdi-300x169.jpg 300w, https:\/\/www.tgrthaber.com\/mavikadin\/wp-content\/uploads\/Yildiz-Tilbe-poz-verirken-sekilden-sekle-girdi-1024x576.jpg 1024w, https:\/\/www.tgrthaber.com\/mavikadin\/wp-content\/uploads\/Yildiz-Tilbe-poz-verirken-sekilden-sekle-girdi-768x432.jpg 768w, https:\/\/www.tgrthaber.com\/mavikadin\/wp-content\/uploads\/Yildiz-Tilbe-poz-verirken-sekilden-sekle-girdi-1536x864.jpg 1536w\" sizes=\"(max-width: 1208px) 100vw, 1208px\" \/><\/p>\n<hr \/>\n<h3>YILDIZ T\u0130LBE K\u0130MD\u0130R? SAHNEYE \u0130LK NE ZAMAN \u00c7IKTI?<\/h3>\n<p>16 Temmuz 1966 \u0130zmir do\u011fumlu olan Y\u0131ld\u0131z Tilbe K\u00fcrt ve Zaza k\u00f6kenlidir. \u0130zmir Konak&#8217;ta d\u00fcnyaya gelen \u00fcnl\u00fc isim ailesinin alt\u0131 \u00e7ocu\u011fundan en k\u00fc\u00e7\u00fc\u011f\u00fcd\u00fcr.<\/p>\n<p>Ailesi i\u00e7inde &#8220;Yadigar&#8221; takma ad\u0131yla hitap edilen Y\u0131ld\u0131z Tilbe, orta ikinci s\u0131n\u0131fta okudu\u011fu Mustafa Rahmi Balaban Okulu&#8217;nda e\u011fitimini b\u0131rakmak zorunda kald\u0131.<\/p>\n<p>18 ya\u015f\u0131ndan \u00f6nce evlenen Tilbe, &#8220;Sezen Bur\u00e7in&#8221; ad\u0131nda bir k\u0131z \u00e7ocu\u011fu d\u00fcnyaya geldi. Tilbe daha sonra da 5 y\u0131l evli kald\u0131\u011f\u0131 G\u00fcng\u00f6r Karahan&#8217;dan ayr\u0131lm\u0131\u015ft\u0131r.<\/p>\n<p>\u0130zmir&#8217;de \u00e7e\u015fitli gece kul\u00fcplerinde \u015fark\u0131c\u0131l\u0131k yapan Y\u0131ld\u0131z Tilbe, sahneye ilk kez 1990 y\u0131l\u0131nda Cengiz \u00d6z\u015feker&#8217;in patronu oldu\u011fu bir kul\u00fcpte \u00e7\u0131kt\u0131.<\/p>\n","protected":false},"excerpt":{"rendered":"<p>Y\u0131ld\u0131z Tilbe, Gazze&#8217;de 4 bin ki\u015fiye iftar verdi. Bu hareketiyle takdir toplayan \u00fcnl\u00fc isim Kud\u00fcs G\u00f6n\u00fcll\u00fcleri arac\u0131l\u0131\u011f\u0131yla Gazzeli M\u00fcsl\u00fcmanlara destek oldu.<\/p>\n","protected":false},"author":5,"featured_media":147505,"comment_status":"closed","ping_status":"closed","sticky":false,"template":"","format":"standard","meta":{"rank_math_lock_modified_date":false,"footnotes":""},"categories":[76],"tags":[2826],"class_list":["post-147501","post","type-post","status-publish","format-standard","has-post-thumbnail","hentry","category-magazin","tag-yildiz-tilbe"],"_links":{"self":[{"href":"https:\/\/www.tgrthaber.com\/mavikadin\/wp-json\/wp\/v2\/posts\/147501"}],"collection":[{"href":"https:\/\/www.tgrthaber.com\/mavikadin\/wp-json\/wp\/v2\/posts"}],"about":[{"href":"https:\/\/www.tgrthaber.com\/mavikadin\/wp-json\/wp\/v2\/types\/post"}],"author":[{"embeddable":true,"href":"https:\/\/www.tgrthaber.com\/mavikadin\/wp-json\/wp\/v2\/users\/5"}],"replies":[{"embeddable":true,"href":"https:\/\/www.tgrthaber.com\/mavikadin\/wp-json\/wp\/v2\/comments?post=147501"}],"version-history":[{"count":2,"href":"https:\/\/www.tgrthaber.com\/mavikadin\/wp-json\/wp\/v2\/posts\/147501\/revisions"}],"predecessor-version":[{"id":147511,"href":"https:\/\/www.tgrthaber.com\/mavikadin\/wp-json\/wp\/v2\/posts\/147501\/revisions\/147511"}],"wp:featuredmedia":[{"embeddable":true,"href":"https:\/\/www.tgrthaber.com\/mavikadin\/wp-json\/wp\/v2\/media\/147505"}],"wp:attachment":[{"href":"https:\/\/www.tgrthaber.com\/mavikadin\/wp-json\/wp\/v2\/media?parent=147501"}],"wp:term":[{"taxonomy":"category","embeddable":true,"href":"https:\/\/www.tgrthaber.com\/mavikadin\/wp-json\/wp\/v2\/categories?post=147501"},{"taxonomy":"post_tag","embeddable":true,"href":"https:\/\/www.tgrthaber.com\/mavikadin\/wp-json\/wp\/v2\/tags?post=147501"}],"curies":[{"name":"wp","href":"https:\/\/api.w.org\/{rel}","templated":true}]}}