{"id":147513,"date":"2025-03-15T16:32:07","date_gmt":"2025-03-15T13:32:07","guid":{"rendered":"https:\/\/www.tgrthaber.com\/mavikadin\/?p=147513"},"modified":"2025-03-15T16:32:08","modified_gmt":"2025-03-15T13:32:08","slug":"istanbulun-kalbinde-unutulmaz-bir-aile-festivali-basliyor","status":"publish","type":"post","link":"https:\/\/www.tgrthaber.com\/mavikadin\/istanbulun-kalbinde-unutulmaz-bir-aile-festivali-basliyor\/","title":{"rendered":"\u0130stanbul\u2019un kalbinde unutulmaz bir aile festivali ba\u015fl\u0131yor!"},"content":{"rendered":"<p>\u0130stanbul\u2019un en tarihi ve \u00f6zel mek\u00e2nlar\u0131ndan biri olan Sirkeci Gar\u0131, b\u00fcy\u00fck k\u00fc\u00e7\u00fck herkesin keyifle vakit ge\u00e7irece\u011fi benzersiz bir aile festivaline 10-13 Nisan tarihleri aras\u0131nda ev sahipli\u011fi yapmaya haz\u0131rlan\u0131yor. K\u00fclt\u00fcr, e\u011flence, e\u011fitim ve sosyal sorumlulu\u011fu bir araya getiren festival, sadece aile ba\u011flar\u0131n\u0131 g\u00fc\u00e7lendirmekle kalmayacak, ayn\u0131 zamanda kad\u0131n istihdam\u0131n\u0131 destekleyen \u00f6zel stantlara ve toplumsal fark\u0131ndal\u0131k projelerine de yer verecek.<\/p>\n<p>Festivalin organizat\u00f6r\u00fc Leyla Sayar, etkinlikle ilgili yapt\u0131\u011f\u0131 a\u00e7\u0131klamada \u015funlar\u0131 s\u00f6yledi:<\/p>\n<p>\u201cBu festivalin amac\u0131, ailelerin birlikte e\u011flenceli ve \u00f6\u011fretici vakit ge\u00e7irebilmesi. Ayn\u0131 zamanda, toplumsal fayda sa\u011flamay\u0131 da \u00f6nemsiyoruz. Bu nedenle kad\u0131n giri\u015fimcileri destekleyen \u00f6zel stantlar olu\u015fturuyoruz. Kad\u0131n eme\u011fini ve \u00fcretimini g\u00f6r\u00fcn\u00fcr k\u0131lmak i\u00e7in yerel \u00fcreticilere, el eme\u011fiyle \u00e7al\u0131\u015fan kad\u0131nlara festivalde kendilerini tan\u0131tma f\u0131rsat\u0131 sunaca\u011f\u0131z. Ayr\u0131ca, sosyal sorumluluk bilincini art\u0131rmak ad\u0131na bir projeyi de festival kapsam\u0131na dahil edece\u011fiz.\u201d<\/p>\n<p><img loading=\"lazy\" decoding=\"async\" class=\"alignnone size-full wp-image-147514\" src=\"https:\/\/www.tgrthaber.com\/mavikadin\/wp-content\/uploads\/1-417.png\" alt=\"\" width=\"1208\" height=\"680\" title=\"\" srcset=\"https:\/\/www.tgrthaber.com\/mavikadin\/wp-content\/uploads\/1-417.png 1208w, https:\/\/www.tgrthaber.com\/mavikadin\/wp-content\/uploads\/1-417-300x169.png 300w, https:\/\/www.tgrthaber.com\/mavikadin\/wp-content\/uploads\/1-417-1024x576.png 1024w, https:\/\/www.tgrthaber.com\/mavikadin\/wp-content\/uploads\/1-417-768x432.png 768w\" sizes=\"(max-width: 1208px) 100vw, 1208px\" \/><\/p>\n<hr \/>\n<h3>FEST\u0130VALDE NELER VAR?<\/h3>\n<p>Festival, her ya\u015ftan kat\u0131l\u0131mc\u0131ya hitap eden etkinliklerle dolu olacak:<br \/>\n\u2022 Kad\u0131n Giri\u015fimcilik Stantlar\u0131: Yerel kad\u0131n \u00fcreticiler el eme\u011fi \u00fcr\u00fcnlerini sergileyecek<br \/>\n\u2022 E\u011fitici At\u00f6lyeler: \u00c7ocuklara \u00f6zel sanat, bilim ve gastronomi at\u00f6lyeleri<br \/>\n\u2022 Sahne G\u00f6sterileri: Masal anlat\u0131c\u0131lar\u0131, tiyatro g\u00f6sterileri ve sokak sanat\u00e7\u0131lar\u0131<br \/>\n\u2022 Aile Yar\u0131\u015fmalar\u0131: Ebeveynler ve \u00e7ocuklar i\u00e7in e\u011flenceli ve \u00f6d\u00fcll\u00fc yar\u0131\u015fmalar<br \/>\n\u2022 Lezzet Duraklar\u0131: Geleneksel tatlardan sa\u011fl\u0131kl\u0131 at\u0131\u015ft\u0131rmal\u0131klara kadar geni\u015f bir yelpaze<br \/>\n\u2022 Sosyal Sorumluluk Projesi: Festival kapsam\u0131nda toplumsal fayda yaratacak \u00f6zel bir proje hayata ge\u00e7irilecek (detaylar\u0131 ilerleyen g\u00fcnlerde a\u00e7\u0131klanacak)<\/p>\n<p>Kad\u0131n ve Aile istihdam\u0131na katk\u0131da bulunmay\u0131 ama\u00e7layan festival, ayn\u0131 zamanda s\u00fcrd\u00fcr\u00fclebilir ya\u015fam ve toplumsal dayan\u0131\u015fma konular\u0131nda da fark\u0131ndal\u0131k yaratacak.<\/p>\n<p>Leyla Sayar, festivalin \u0130stanbul\u2019un k\u00fclt\u00fcrel miras\u0131n\u0131 da ya\u015fatmay\u0131 hedefledi\u011fini belirterek, \u201cSirkeci Gar\u0131, \u015fehrin tarihine tan\u0131kl\u0131k eden en \u00f6nemli noktalardan biri. Bu \u00f6zel mek\u00e2nda hem e\u011flenmek hem de toplumsal fayda yaratmak bizim i\u00e7in \u00e7ok \u00f6nemli. Ailelerin keyifli vakit ge\u00e7irirken ayn\u0131 zamanda kad\u0131n giri\u015fimcileri destekleyece\u011fi, sosyal sorumluluk bilincinin artaca\u011f\u0131 bir festival olmas\u0131n\u0131 hedefliyoruz\u201d dedi.<br \/>\nBas\u0131n \u0130leti\u015fim; 0536 735 34 34<\/p>\n","protected":false},"excerpt":{"rendered":"<p>K\u00fclt\u00fcr ve Turizm Bakanl\u0131\u011f\u0131n\u0131n katk\u0131lar\u0131yla Sirkeci Gar\u0131, 10-13 Nisan tarihleri aras\u0131nda Aileleri ve Kad\u0131n Giri\u015fimcileri Bir Araya Getiriyor.<\/p>\n","protected":false},"author":5,"featured_media":147515,"comment_status":"closed","ping_status":"closed","sticky":false,"template":"","format":"standard","meta":{"rank_math_lock_modified_date":false,"footnotes":""},"categories":[78],"tags":[14339,14338],"class_list":["post-147513","post","type-post","status-publish","format-standard","has-post-thumbnail","hentry","category-yasam","tag-festival","tag-leyla-sayar"],"_links":{"self":[{"href":"https:\/\/www.tgrthaber.com\/mavikadin\/wp-json\/wp\/v2\/posts\/147513"}],"collection":[{"href":"https:\/\/www.tgrthaber.com\/mavikadin\/wp-json\/wp\/v2\/posts"}],"about":[{"href":"https:\/\/www.tgrthaber.com\/mavikadin\/wp-json\/wp\/v2\/types\/post"}],"author":[{"embeddable":true,"href":"https:\/\/www.tgrthaber.com\/mavikadin\/wp-json\/wp\/v2\/users\/5"}],"replies":[{"embeddable":true,"href":"https:\/\/www.tgrthaber.com\/mavikadin\/wp-json\/wp\/v2\/comments?post=147513"}],"version-history":[{"count":1,"href":"https:\/\/www.tgrthaber.com\/mavikadin\/wp-json\/wp\/v2\/posts\/147513\/revisions"}],"predecessor-version":[{"id":147516,"href":"https:\/\/www.tgrthaber.com\/mavikadin\/wp-json\/wp\/v2\/posts\/147513\/revisions\/147516"}],"wp:featuredmedia":[{"embeddable":true,"href":"https:\/\/www.tgrthaber.com\/mavikadin\/wp-json\/wp\/v2\/media\/147515"}],"wp:attachment":[{"href":"https:\/\/www.tgrthaber.com\/mavikadin\/wp-json\/wp\/v2\/media?parent=147513"}],"wp:term":[{"taxonomy":"category","embeddable":true,"href":"https:\/\/www.tgrthaber.com\/mavikadin\/wp-json\/wp\/v2\/categories?post=147513"},{"taxonomy":"post_tag","embeddable":true,"href":"https:\/\/www.tgrthaber.com\/mavikadin\/wp-json\/wp\/v2\/tags?post=147513"}],"curies":[{"name":"wp","href":"https:\/\/api.w.org\/{rel}","templated":true}]}}